{"id":122633,"date":"2007-10-19T16:44:30","date_gmt":"2007-10-19T16:44:30","guid":{"rendered":"http:\/\/diariodominicano.ddns.net\/?p=122633"},"modified":"2007-10-19T16:44:30","modified_gmt":"2007-10-19T16:44:30","slug":"gobierno-decide-no-aumentar-la-tarifa-energetica","status":"publish","type":"post","link":"https:\/\/diariodominicano.com\/?p=122633","title":{"rendered":"Gobierno decide no aumentar la tarifa energ\u00e9tica"},"content":{"rendered":"<p><body><\/p>\n<p class=\"titulogrande1\">Gobierno decide  no aumentar la tarifa energ\u00e9tica<\/p>\n<p>&#13;<\/p>\n<p align=\"justify\" class=\"text1noticias\"><strong>Santo Domingo.-<\/strong> El vicepresidente Corporaci\u00f3n Dominicana de Empresas  El\u00e9ctricas Estatales (CDEEE) dijo \u00a0\u00a0este  jueves\u00a0 que el Gobierno decidi\u00f3 no  aumentar la tarifa de la energ\u00eda el\u00e9ctrica. <\/p>\n<p>&#13;<\/p>\n<p align=\"justify\" class=\"text1noticias\">Radham\u00e9s Segura dijo que decidi\u00f3\u00a0\u00a0  absorber el alza autom\u00e1tica que deber\u00eda decretarse por la escalada que  experimentan los precios del barril de petr\u00f3leo en los\u00a0 mercados internacionales<strong>.<\/strong> <br \/>&#13;<br \/>\n  <br \/>&#13;<br \/>\n  Inform\u00f3\u00a0 que la decisi\u00f3n del Gobierno es  debido a que la energ\u00eda el\u00e9ctrica de por s\u00ed es cara en el pa\u00eds y para evitar  \u201calgo todav\u00eda m\u00e1s molestoso\u201d para la poblaci\u00f3n decidi\u00f3 no aumentar la tarifa.<\/p>\n<p>&#13;<\/p>\n<p align=\"justify\" class=\"text1noticias\">A\u00f1adi\u00f3 que \u201cel  alza en el petr\u00f3leo es\u00a0 algo delicado no  s\u00f3lo para el Gobierno sino para el pa\u00eds y que hay que pensar que es un asunto  serio, no\u00a0 politiquero\u201d.<\/p>\n<p>&#13;<\/p>\n<p align=\"justify\" class=\"text1noticias\">Dijo que el  encarecimiento del petr\u00f3leo obligar\u00e1 al Gobierno a buscar m\u00e1s d\u00f3lares para  comprar la misma cantidad de combustibles y empujar\u00e1 hacia el alza de los  precios de sus derivados, pero que hasta ahora, la energ\u00eda el\u00e9ctrica no ser\u00e1  aumentada por las autoridades <\/p>\n<p>&#13;<\/p>\n<p align=\"justify\" class=\"text1noticias\">Se\u00f1al\u00f3 que las  empresas de generaci\u00f3n de electricidad se benefician cuando suben los precios  del petr\u00f3leo y que el principal problema se debe a los contratos del Acuerdo de  Madrid que firm\u00f3 el pasado Gobierno del PRD del presidente Hip\u00f3lito Mej\u00eda, los  cuales se han ido renegociando de manera parcial <\/p>\n<p>&#13;<\/p>\n<p align=\"justify\" class=\"text1noticias\">Roberto Rodr\u00edguez\/Diario  Dominicano<\/p>\n<p>&#13;<\/p>\n<h6> 2007-10-19 16:44:30 <\/h6>\n<p><!--\n<link rel=\"stylesheet\" href=\"css\/bootstrap.min.css\">\n\n\n<ul class=\"pagination\">\n\t    \n\t\n\n<li >\n\t<a href='?page_no=28512'>Previous<\/a>\n\t<\/li>\n\n\n       \n    \n\n<li><a href='?page_no=1'>1<\/a><\/li>\n\n\n\n<li><a href='?page_no=2'>2<\/a><\/li>\n\n\n\n<li><a>...<\/a><\/li>\n\n\n\n<li><a href='?page_no=28511'>28511<\/a><\/li>\n\n\n\n<li><a href='?page_no=28512'>28512<\/a><\/li>\n\n\n\n<li class='active'><a>28513<\/a><\/li>\n\n\n\n<li><a href='?page_no=28514'>28514<\/a><\/li>\n\n\n\n<li><a href='?page_no=28515'>28515<\/a><\/li>\n\n\n\n<li><a>...<\/a><\/li>\n\n\n\n<li><a href='?page_no=30472'>30472<\/a><\/li>\n\n\n\n<li><a href='?page_no=30473'>30473<\/a><\/li>\n\n    \n\t\n\n<li >\n\t<a href='?page_no=28514'>Next<\/a>\n\t<\/li>\n\n\n    \n\n<li><a href='?page_no=30473'>Last &rsaquo;&rsaquo;<\/a><\/li>\n\n<\/ul>\n\n\n--><br \/>\n<\/body><\/p>\n","protected":false},"excerpt":{"rendered":"<p>Gobierno decide no aumentar la tarifa energ\u00e9tica &#13; Santo Domingo.- El vicepresidente Corporaci\u00f3n Dominicana de Empresas El\u00e9ctricas Estatales (CDEEE) dijo \u00a0\u00a0este jueves\u00a0 que el Gobierno decidi\u00f3 no aumentar la tarifa de la energ\u00eda el\u00e9ctrica. &#13; Radham\u00e9s Segura dijo que decidi\u00f3\u00a0\u00a0 absorber el alza autom\u00e1tica que deber\u00eda decretarse por la escalada que experimentan los precios del [&hellip;]<\/p>\n","protected":false},"author":3,"featured_media":0,"comment_status":"open","ping_status":"open","sticky":false,"template":"","format":"standard","meta":{"footnotes":""},"categories":[18],"tags":[],"class_list":["post-122633","post","type-post","status-publish","format-standard","hentry","category-economia"],"_links":{"self":[{"href":"https:\/\/diariodominicano.com\/index.php?rest_route=\/wp\/v2\/posts\/122633","targetHints":{"allow":["GET"]}}],"collection":[{"href":"https:\/\/diariodominicano.com\/index.php?rest_route=\/wp\/v2\/posts"}],"about":[{"href":"https:\/\/diariodominicano.com\/index.php?rest_route=\/wp\/v2\/types\/post"}],"author":[{"embeddable":true,"href":"https:\/\/diariodominicano.com\/index.php?rest_route=\/wp\/v2\/users\/3"}],"replies":[{"embeddable":true,"href":"https:\/\/diariodominicano.com\/index.php?rest_route=%2Fwp%2Fv2%2Fcomments&post=122633"}],"version-history":[{"count":0,"href":"https:\/\/diariodominicano.com\/index.php?rest_route=\/wp\/v2\/posts\/122633\/revisions"}],"wp:attachment":[{"href":"https:\/\/diariodominicano.com\/index.php?rest_route=%2Fwp%2Fv2%2Fmedia&parent=122633"}],"wp:term":[{"taxonomy":"category","embeddable":true,"href":"https:\/\/diariodominicano.com\/index.php?rest_route=%2Fwp%2Fv2%2Fcategories&post=122633"},{"taxonomy":"post_tag","embeddable":true,"href":"https:\/\/diariodominicano.com\/index.php?rest_route=%2Fwp%2Fv2%2Ftags&post=122633"}],"curies":[{"name":"wp","href":"https:\/\/api.w.org\/{rel}","templated":true}]}}