{"id":122632,"date":"2007-10-20T03:14:05","date_gmt":"2007-10-20T03:14:05","guid":{"rendered":"http:\/\/diariodominicano.ddns.net\/?p=122632"},"modified":"2007-10-20T03:14:05","modified_gmt":"2007-10-20T03:14:05","slug":"el-gobierno-condonara-deuda-rd850-millones-a-productores-de-region-este","status":"publish","type":"post","link":"https:\/\/diariodominicano.com\/?p=122632","title":{"rendered":"El gobierno condonar\u00e1 deuda RD$850 millones a productores de regi\u00f3n Este"},"content":{"rendered":"<p><body><\/p>\n<p align=\"justify\" class=\"titulogrande1\">El  gobierno condonar\u00e1 deuda RD$850 millones a productores de regi\u00f3n Este<\/p>\n<p>&#13;<\/p>\n<p align=\"justify\" class=\"text1noticias\"><strong><img loading=\"lazy\" decoding=\"async\" src=\"http:\/\/localhost:8080\/economia\/pictures\/deuda.jpg\" width=\"269\" height=\"344\" hspace=\"4\" align=\"left\" \/>EL SEIBO.-<\/strong> El secretario de  Agricultura, Salvador (Chio) Jim\u00e9nez anunci\u00f3 que ser\u00e1 condonada una deuda de  850 millones de pesos a productores de la regi\u00f3n Este que fueron afectados por  las devastaciones provocadas por fen\u00f3menos atmosf\u00e9ricos. <\/p>\n<p>&#13;<\/p>\n<p align=\"justify\" class=\"text1noticias\">Detall\u00f3 que la deuda ser\u00e1  saldada mediante la emisi\u00f3n de bonos agropecuarios, por disposici\u00f3n del  presidente Leonel Fern\u00e1ndez, a trav\u00e9s de la secretar\u00eda de Hacienda. <\/p>\n<p>&#13;<\/p>\n<p align=\"justify\" class=\"text1noticias\">Jim\u00e9nez al realizar el anuncio durante una  reuni\u00f3n presidida por la   Primera Dama de la Rep\u00fablica,\u00a0Margarita Cede\u00f1o de Fern\u00e1ndez, dijo que \u00a0la medida dispuesta por el gobernante forma  parte de las actividades que lleva a cabo el gobierno con el objetivo de apoyar  a los productores agropecuarios del pa\u00eds. <\/p>\n<p>&#13;<\/p>\n<p align=\"justify\" class=\"text1noticias\">De su lado, Carlos Abreu, en  representaci\u00f3n de los productores de cacao de Hato Mayor y El Seibo, agradeci\u00f3  al titular de Agricultura las medidas puestas en ejecuci\u00f3n para la recuperaci\u00f3n  de ese sector, luego de ser afectado por varios fen\u00f3menos naturales. <\/p>\n<p>&#13;<\/p>\n<p align=\"justify\" class=\"text1noticias\">Ambos funcionarios realizaron  un recorrido por varias comunidades de la zona. En El Seibo la Primera Dama inaugur\u00f3  un Centro para el Desarrollo de la   Mujer y las estaciones del proyecto de Lombricultura, para  fomentar la producci\u00f3n de abono org\u00e1nico. <\/p>\n<p>&#13;<\/p>\n<p align=\"justify\" class=\"text1noticias\">Sostuvo que el presidente  Fern\u00e1ndez desarrolla una serie de acciones para que el pa\u00eds pueda alcanzar la  seguridad alimentaria manteniendo el apoyo directo a los productores, como la  preparaci\u00f3n de terrenos, entrega gratis de material de siembra y facilidades  para la comercializaci\u00f3n de los rubros. <\/p>\n<p>&#13;<\/p>\n<p align=\"justify\" class=\"text1noticias\">Explic\u00f3 que para hacer m\u00e1s  abundante la oferta alimentaria, la cartera agropecuaria ejecuta varios  proyectos que incluyen; plazas agropecuarias, instaladas en el Distrito  Nacional, la provincia Santo Domingo, Santiago y otras ciudades. <\/p>\n<p>&#13;<\/p>\n<p align=\"justify\" class=\"text1noticias\">En esos centros los  consumidores pueden adquirir\u00a0 productos  frescos del campo a precios bajos y de buena calidad, lo que contribuye a  mejorar sus condiciones de vida.\u00a0 <\/p>\n<p>&#13;<\/p>\n<p align=\"justify\" class=\"text1noticias\"><strong>Las siembras<\/strong><\/p>\n<p>&#13;<\/p>\n<p align=\"justify\" class=\"text1noticias\">El titular de agricultura  dispuso la siembra de habichuelas en todos los predios aptos para el cultivo de  la leguminosa en esta localidad e Hig\u00fcey y orden\u00f3 la entrega gratis de las  semillas a los productores. <\/p>\n<p>&#13;<\/p>\n<p align=\"justify\" class=\"text1noticias\">Dijo que por instrucciones  del presidente Leonel Fern\u00e1ndez, en la comunidad de San Rafael del Yuma, Hig\u00fcey  y El Seibo se cultivar\u00e1n 30 mil tareas de habichuela, para cuya siembra  Agricultura aportar\u00e1 7 mil quintales de semillas certificadas. <\/p>\n<p>&#13;<\/p>\n<p align=\"justify\" class=\"text1noticias\">Agreg\u00f3 que con la siembra en  esa zona se contribuye a que el pa\u00eds ampl\u00ede y fortalezca su capacidad de  producir los alimentos para consumo interno y as\u00ed disminuir los niveles de  importaci\u00f3n.<\/p>\n<p>&#13;<\/p>\n<h6> 2007-10-20 03:14:05 <\/h6>\n<p><!--\n<link rel=\"stylesheet\" href=\"css\/bootstrap.min.css\">\n\n\n<ul class=\"pagination\">\n\t    \n\t\n\n<li >\n\t<a href='?page_no=28511'>Previous<\/a>\n\t<\/li>\n\n\n       \n    \n\n<li><a href='?page_no=1'>1<\/a><\/li>\n\n\n\n<li><a href='?page_no=2'>2<\/a><\/li>\n\n\n\n<li><a>...<\/a><\/li>\n\n\n\n<li><a href='?page_no=28510'>28510<\/a><\/li>\n\n\n\n<li><a href='?page_no=28511'>28511<\/a><\/li>\n\n\n\n<li class='active'><a>28512<\/a><\/li>\n\n\n\n<li><a href='?page_no=28513'>28513<\/a><\/li>\n\n\n\n<li><a href='?page_no=28514'>28514<\/a><\/li>\n\n\n\n<li><a>...<\/a><\/li>\n\n\n\n<li><a href='?page_no=30472'>30472<\/a><\/li>\n\n\n\n<li><a href='?page_no=30473'>30473<\/a><\/li>\n\n    \n\t\n\n<li >\n\t<a href='?page_no=28513'>Next<\/a>\n\t<\/li>\n\n\n    \n\n<li><a href='?page_no=30473'>Last &rsaquo;&rsaquo;<\/a><\/li>\n\n<\/ul>\n\n\n--><br \/>\n<\/body><\/p>\n","protected":false},"excerpt":{"rendered":"<p>El gobierno condonar\u00e1 deuda RD$850 millones a productores de regi\u00f3n Este &#13; EL SEIBO.- El secretario de Agricultura, Salvador (Chio) Jim\u00e9nez anunci\u00f3 que ser\u00e1 condonada una deuda de 850 millones de pesos a productores de la regi\u00f3n Este que fueron afectados por las devastaciones provocadas por fen\u00f3menos atmosf\u00e9ricos. &#13; Detall\u00f3 que la deuda ser\u00e1 saldada [&hellip;]<\/p>\n","protected":false},"author":3,"featured_media":0,"comment_status":"open","ping_status":"open","sticky":false,"template":"","format":"standard","meta":{"footnotes":""},"categories":[18],"tags":[],"class_list":["post-122632","post","type-post","status-publish","format-standard","hentry","category-economia"],"_links":{"self":[{"href":"https:\/\/diariodominicano.com\/index.php?rest_route=\/wp\/v2\/posts\/122632","targetHints":{"allow":["GET"]}}],"collection":[{"href":"https:\/\/diariodominicano.com\/index.php?rest_route=\/wp\/v2\/posts"}],"about":[{"href":"https:\/\/diariodominicano.com\/index.php?rest_route=\/wp\/v2\/types\/post"}],"author":[{"embeddable":true,"href":"https:\/\/diariodominicano.com\/index.php?rest_route=\/wp\/v2\/users\/3"}],"replies":[{"embeddable":true,"href":"https:\/\/diariodominicano.com\/index.php?rest_route=%2Fwp%2Fv2%2Fcomments&post=122632"}],"version-history":[{"count":0,"href":"https:\/\/diariodominicano.com\/index.php?rest_route=\/wp\/v2\/posts\/122632\/revisions"}],"wp:attachment":[{"href":"https:\/\/diariodominicano.com\/index.php?rest_route=%2Fwp%2Fv2%2Fmedia&parent=122632"}],"wp:term":[{"taxonomy":"category","embeddable":true,"href":"https:\/\/diariodominicano.com\/index.php?rest_route=%2Fwp%2Fv2%2Fcategories&post=122632"},{"taxonomy":"post_tag","embeddable":true,"href":"https:\/\/diariodominicano.com\/index.php?rest_route=%2Fwp%2Fv2%2Ftags&post=122632"}],"curies":[{"name":"wp","href":"https:\/\/api.w.org\/{rel}","templated":true}]}}