{"id":122629,"date":"2007-10-21T23:03:25","date_gmt":"2007-10-21T23:03:25","guid":{"rendered":"http:\/\/diariodominicano.ddns.net\/?p=122629"},"modified":"2007-10-21T23:03:25","modified_gmt":"2007-10-21T23:03:25","slug":"cajir-lanza-proyecto-en-la-uasd","status":"publish","type":"post","link":"https:\/\/diariodominicano.com\/?p=122629","title":{"rendered":"Cajir Lanza Proyecto en la UASD"},"content":{"rendered":"<p><body><\/p>\n<p align=\"center\" class=\"titulogrande1\"><strong>Cajir<\/strong>\u00a0<strong>Lanza Proyecto en la UASD<\/strong><\/p>\n<p>&#13;<\/p>\n<p align=\"justify\" class=\"text1noticias\"><strong>Santo Domingo.-<\/strong> Dos  instituciones del sector econ\u00f3mico,\u00a0  Internacional Cajir y el Banco Internacional de Desarrollo, BID,  hicieron el lanzamiento de la exposici\u00f3n de planes de negocios, en colaboracion  con la UASD.\u00a0\u00a0 <\/p>\n<p>&#13;<\/p>\n<p align=\"justify\" class=\"text1noticias\">La actividad se realiz\u00f3 con  motivo al cierre del proyecto de capacitaci\u00f3n del programa \u201cFormaci\u00f3n de  j\u00f3venes Emprendedores\u201d con el prop\u00f3sito de contribuir al fortalecimiento del  tejido empresarial de Santo Domingo, a trav\u00e9s del desarrollo de un modelo empresarial  sostenible y competitivo.<\/p>\n<p>&#13;<\/p>\n<p align=\"justify\" class=\"text1noticias\">El proyecto L\u00e1nzate busca  beneficiar a 130 j\u00f3venes emprendedores entre los cuales un 45% son estudiantes  de la UASD en  diversas carreras como Contabilidad, Econom\u00eda, Artes y\u00a0 Odontolog\u00eda a si como estudiantes de otras  Instituciones Acad\u00e9micas.<\/p>\n<p>&#13;<\/p>\n<p align=\"justify\" class=\"text1noticias\">La Cajir es una Instituci\u00f3n  Internacional fundada en el a\u00f1o 1979con cede en Republica Dominicana que  trabaja a favor del desarrollo de la juventud a trav\u00e9s de programa especiales y  financiamiento en las \u00e1reas de Educaci\u00f3n, Desarrollo Agr\u00edcola y fortalecimiento  Municipal entre otros.\u00a0\u00a0\u00a0\u00a0\u00a0\u00a0\u00a0 <\/p>\n<p>&#13;<\/p>\n<p align=\"justify\" class=\"text1noticias\">El acto estuvo dirigido por la  coordinadora del proyecto Maribel Compr\u00e9s y cont\u00f3 con la presencia del  vicerrector Franklin Ferm\u00edn, como tambi\u00e9n la Licenciada Thilma  Arvelo del departamento seguimiento a convenios. La Arquitecta Amelia  Soto del Decanato de la faculta de artes, entre otros facilitadores del  programa. <\/p>\n<p>&#13;<\/p>\n<h6> 2007-10-21 23:03:25 <\/h6>\n<p><!--\n<link rel=\"stylesheet\" href=\"css\/bootstrap.min.css\">\n\n\n<ul class=\"pagination\">\n\t    \n\t\n\n<li >\n\t<a href='?page_no=28508'>Previous<\/a>\n\t<\/li>\n\n\n       \n    \n\n<li><a href='?page_no=1'>1<\/a><\/li>\n\n\n\n<li><a href='?page_no=2'>2<\/a><\/li>\n\n\n\n<li><a>...<\/a><\/li>\n\n\n\n<li><a href='?page_no=28507'>28507<\/a><\/li>\n\n\n\n<li><a href='?page_no=28508'>28508<\/a><\/li>\n\n\n\n<li class='active'><a>28509<\/a><\/li>\n\n\n\n<li><a href='?page_no=28510'>28510<\/a><\/li>\n\n\n\n<li><a href='?page_no=28511'>28511<\/a><\/li>\n\n\n\n<li><a>...<\/a><\/li>\n\n\n\n<li><a href='?page_no=30472'>30472<\/a><\/li>\n\n\n\n<li><a href='?page_no=30473'>30473<\/a><\/li>\n\n    \n\t\n\n<li >\n\t<a href='?page_no=28510'>Next<\/a>\n\t<\/li>\n\n\n    \n\n<li><a href='?page_no=30473'>Last &rsaquo;&rsaquo;<\/a><\/li>\n\n<\/ul>\n\n\n--><br \/>\n<\/body><\/p>\n","protected":false},"excerpt":{"rendered":"<p>Cajir\u00a0Lanza Proyecto en la UASD &#13; Santo Domingo.- Dos instituciones del sector econ\u00f3mico,\u00a0 Internacional Cajir y el Banco Internacional de Desarrollo, BID, hicieron el lanzamiento de la exposici\u00f3n de planes de negocios, en colaboracion con la UASD.\u00a0\u00a0 &#13; La actividad se realiz\u00f3 con motivo al cierre del proyecto de capacitaci\u00f3n del programa \u201cFormaci\u00f3n de j\u00f3venes [&hellip;]<\/p>\n","protected":false},"author":3,"featured_media":0,"comment_status":"open","ping_status":"open","sticky":false,"template":"","format":"standard","meta":{"footnotes":""},"categories":[18],"tags":[],"class_list":["post-122629","post","type-post","status-publish","format-standard","hentry","category-economia"],"_links":{"self":[{"href":"https:\/\/diariodominicano.com\/index.php?rest_route=\/wp\/v2\/posts\/122629","targetHints":{"allow":["GET"]}}],"collection":[{"href":"https:\/\/diariodominicano.com\/index.php?rest_route=\/wp\/v2\/posts"}],"about":[{"href":"https:\/\/diariodominicano.com\/index.php?rest_route=\/wp\/v2\/types\/post"}],"author":[{"embeddable":true,"href":"https:\/\/diariodominicano.com\/index.php?rest_route=\/wp\/v2\/users\/3"}],"replies":[{"embeddable":true,"href":"https:\/\/diariodominicano.com\/index.php?rest_route=%2Fwp%2Fv2%2Fcomments&post=122629"}],"version-history":[{"count":0,"href":"https:\/\/diariodominicano.com\/index.php?rest_route=\/wp\/v2\/posts\/122629\/revisions"}],"wp:attachment":[{"href":"https:\/\/diariodominicano.com\/index.php?rest_route=%2Fwp%2Fv2%2Fmedia&parent=122629"}],"wp:term":[{"taxonomy":"category","embeddable":true,"href":"https:\/\/diariodominicano.com\/index.php?rest_route=%2Fwp%2Fv2%2Fcategories&post=122629"},{"taxonomy":"post_tag","embeddable":true,"href":"https:\/\/diariodominicano.com\/index.php?rest_route=%2Fwp%2Fv2%2Ftags&post=122629"}],"curies":[{"name":"wp","href":"https:\/\/api.w.org\/{rel}","templated":true}]}}