{"id":122627,"date":"2007-10-21T23:08:29","date_gmt":"2007-10-21T23:08:29","guid":{"rendered":"http:\/\/diariodominicano.ddns.net\/?p=122627"},"modified":"2007-10-21T23:08:29","modified_gmt":"2007-10-21T23:08:29","slug":"camara-espanola-ofrece-coctel-a-empresas-de-madrid","status":"publish","type":"post","link":"https:\/\/diariodominicano.com\/?p=122627","title":{"rendered":"C\u00e1mara Espa\u00f1ola ofrece c\u00f3ctel a empresas de Madrid"},"content":{"rendered":"<p><body><\/p>\n<p><span class=\"titulogrande1\"><strong>C\u00e1mara Espa\u00f1ola  ofrece<\/strong> <strong>c\u00f3ctel a  empresas de Madrid<\/strong><\/span> <\/p>\n<p>&#13;<\/p>\n<p align=\"justify\" class=\"text1noticias\"><strong>Santo Domingo.-<\/strong> La C\u00e1mara Oficial  Espa\u00f1ola de Comercio e Industria de la Rep\u00fablica Dominicana  ofreci\u00f3 un c\u00f3ctel a ejecutivos de ocho empresas de la Misi\u00f3n Comercial  de Madrid, que visitan el pa\u00eds para hacer \u00a0contactos de negocios de compa\u00f1\u00edas nacionales.<\/p>\n<p>&#13;<\/p>\n<p align=\"justify\" class=\"text1noticias\">El encuentro se  llev\u00f3 el pasado\u00a0 jueves 18, en el sal\u00f3n La Mancha del Hotel Lina,  encabezado por Manuel Garc\u00eda Ar\u00e9valo, presidente de la C\u00e1mara Espa\u00f1ola;  Enrique Ballenilla,\u00a0 encargado de esta  misi\u00f3n comercial y Luis Ru\u00edz Arbeloa, consejero econ\u00f3mico y comercial de la  embajadora espa\u00f1ola.<\/p>\n<p>&#13;<\/p>\n<p align=\"justify\" class=\"text1noticias\">A la actividad  asistieron directivos y miembros de la C\u00e1mara Espa\u00f1ola,  empresarios locales, importadores y personalidades vinculadas a la actividad  comercial.<\/p>\n<p>&#13;<\/p>\n<p align=\"justify\" class=\"text1noticias\">Esta misi\u00f3n  comercial, integrada por las empresas Catalysis,  Codium Networks, Covex, Mixer &amp; Pack, Drizoro, Rafael Salgado, T\u00e9cnicas  Educativas y Valduero, agotar\u00e1 una agenda de reuniones y contactos durante su  estad\u00eda en el pa\u00eds.<\/p>\n<p>&#13;<\/p>\n<p align=\"justify\" class=\"text1noticias\"> Los productos que comercializ\u00e1n estas  compa\u00f1\u00edas espa\u00f1olas son dermocosm\u00e9ticos, tecnolog\u00eda e internet, suplementos  diet\u00e9ticos, perfumer\u00eda y cosm\u00e9tico, impermeabilizantes, aceite de oliva,  material did\u00e1ctico y vinos.<\/p>\n<p>&#13;<\/p>\n<p align=\"justify\" class=\"text1noticias\"> Adem\u00e1s de Garc\u00eda Ar\u00e9valo, la junta directiva  de la C\u00e1mara Oficial  Espa\u00f1ola de Comercio est\u00e1 conformada por Jos\u00e9 Antonio \u00c1lvarez Alonso, primer  vicepresidente; Francisco De La   Cruz Maestro, segundo vicepresidente; Roberto Huerta  Rodr\u00edguez, tesorero; Fernando Casanova, vice-tesorero; Alberto Salazar Ugarte,  secretario y\u00a0 como secretaria general de  la misma, Marta Ors Arranz.<\/p>\n<p>&#13;<\/p>\n<h6> 2007-10-21 23:08:29 <\/h6>\n<p><!--\n<link rel=\"stylesheet\" href=\"css\/bootstrap.min.css\">\n\n\n<ul class=\"pagination\">\n\t    \n\t\n\n<li >\n\t<a href='?page_no=28506'>Previous<\/a>\n\t<\/li>\n\n\n       \n    \n\n<li><a href='?page_no=1'>1<\/a><\/li>\n\n\n\n<li><a href='?page_no=2'>2<\/a><\/li>\n\n\n\n<li><a>...<\/a><\/li>\n\n\n\n<li><a href='?page_no=28505'>28505<\/a><\/li>\n\n\n\n<li><a href='?page_no=28506'>28506<\/a><\/li>\n\n\n\n<li class='active'><a>28507<\/a><\/li>\n\n\n\n<li><a href='?page_no=28508'>28508<\/a><\/li>\n\n\n\n<li><a href='?page_no=28509'>28509<\/a><\/li>\n\n\n\n<li><a>...<\/a><\/li>\n\n\n\n<li><a href='?page_no=30472'>30472<\/a><\/li>\n\n\n\n<li><a href='?page_no=30473'>30473<\/a><\/li>\n\n    \n\t\n\n<li >\n\t<a href='?page_no=28508'>Next<\/a>\n\t<\/li>\n\n\n    \n\n<li><a href='?page_no=30473'>Last &rsaquo;&rsaquo;<\/a><\/li>\n\n<\/ul>\n\n\n--><br \/>\n<\/body><\/p>\n","protected":false},"excerpt":{"rendered":"<p>C\u00e1mara Espa\u00f1ola ofrece c\u00f3ctel a empresas de Madrid &#13; Santo Domingo.- La C\u00e1mara Oficial Espa\u00f1ola de Comercio e Industria de la Rep\u00fablica Dominicana ofreci\u00f3 un c\u00f3ctel a ejecutivos de ocho empresas de la Misi\u00f3n Comercial de Madrid, que visitan el pa\u00eds para hacer \u00a0contactos de negocios de compa\u00f1\u00edas nacionales. &#13; El encuentro se llev\u00f3 el [&hellip;]<\/p>\n","protected":false},"author":3,"featured_media":0,"comment_status":"open","ping_status":"open","sticky":false,"template":"","format":"standard","meta":{"footnotes":""},"categories":[18],"tags":[],"class_list":["post-122627","post","type-post","status-publish","format-standard","hentry","category-economia"],"_links":{"self":[{"href":"https:\/\/diariodominicano.com\/index.php?rest_route=\/wp\/v2\/posts\/122627","targetHints":{"allow":["GET"]}}],"collection":[{"href":"https:\/\/diariodominicano.com\/index.php?rest_route=\/wp\/v2\/posts"}],"about":[{"href":"https:\/\/diariodominicano.com\/index.php?rest_route=\/wp\/v2\/types\/post"}],"author":[{"embeddable":true,"href":"https:\/\/diariodominicano.com\/index.php?rest_route=\/wp\/v2\/users\/3"}],"replies":[{"embeddable":true,"href":"https:\/\/diariodominicano.com\/index.php?rest_route=%2Fwp%2Fv2%2Fcomments&post=122627"}],"version-history":[{"count":0,"href":"https:\/\/diariodominicano.com\/index.php?rest_route=\/wp\/v2\/posts\/122627\/revisions"}],"wp:attachment":[{"href":"https:\/\/diariodominicano.com\/index.php?rest_route=%2Fwp%2Fv2%2Fmedia&parent=122627"}],"wp:term":[{"taxonomy":"category","embeddable":true,"href":"https:\/\/diariodominicano.com\/index.php?rest_route=%2Fwp%2Fv2%2Fcategories&post=122627"},{"taxonomy":"post_tag","embeddable":true,"href":"https:\/\/diariodominicano.com\/index.php?rest_route=%2Fwp%2Fv2%2Ftags&post=122627"}],"curies":[{"name":"wp","href":"https:\/\/api.w.org\/{rel}","templated":true}]}}