{"id":122626,"date":"2007-10-21T23:57:47","date_gmt":"2007-10-21T23:57:47","guid":{"rendered":"http:\/\/diariodominicano.ddns.net\/?p=122626"},"modified":"2007-10-21T23:57:47","modified_gmt":"2007-10-21T23:57:47","slug":"presidente-leonel-fernandez-asegura-gobierno-ejecuta-mecanismos-para-depender-menos-del-petroleo","status":"publish","type":"post","link":"https:\/\/diariodominicano.com\/?p=122626","title":{"rendered":"Presidente Leonel Fern\u00e1ndez asegura Gobierno ejecuta mecanismos para depender menos del petr\u00f3leo"},"content":{"rendered":"<p><body><\/p>\n<p align=\"justify\" class=\"titulogrande1\">Presidente Leonel Fern\u00e1ndez asegura Gobierno ejecuta mecanismos para depender menos del petr\u00f3leo<\/p>\n<p>&#13;<\/p>\n<p align=\"justify\" class=\"text1noticias\">Al hablar ante cientos de empresarios agrupados en la Federaci\u00f3n Dominicana de Comerciantes en el marco de la conmemoraci\u00f3n  del D\u00eda Internacional del Comercio, tambi\u00e9n\u00a0inform\u00f3 se construyen varias hidroel\u00e9ctricas,  para la generaci\u00f3n de energ\u00eda renovable, como las de Pinalito, en Constanza, y  Palomino, en San Juan de la   Maguana.<\/p>\n<p>&#13;<\/p>\n<p align=\"justify\" class=\"text1noticias\"><strong><img loading=\"lazy\" decoding=\"async\" src=\"http:\/\/localhost:8080\/economia\/pictures\/leonel comerciantes 2.jpg\" width=\"269\" height=\"188\" hspace=\"4\" align=\"left\" \/>SANTO DOMINGO.-<\/strong> El candidato presidencial\u00a0 del Partido de la Liberaci\u00f3n Dominicana  (PLD), Leonel Fern\u00e1ndez, asegur\u00f3 este domingo que ante la carest\u00eda del barril  del petr\u00f3leo en los mercados internacionales,\u00a0  el Gobierno \u00a0implementa mecanismos  para que cada d\u00eda la   Rep\u00fablica Dominicana sea menos dependiente de los  combustibles f\u00f3siles.<\/p>\n<p>&#13;<\/p>\n<p align=\"justify\" class=\"text1noticias\">Destac\u00f3 \u00a0que el  Gobierno ya recibi\u00f3 las primeras ofertas de empresas extranjeras para la instalaci\u00f3n  en el pa\u00eds de molinos de vientos para la producci\u00f3n de energ\u00eda e\u00f3lica, con lo  que se abaratar\u00eda el precio de la energ\u00eda el\u00e9ctrica.<\/p>\n<p>&#13;<\/p>\n<p align=\"justify\" class=\"text1noticias\">Al hablar ante cientos de empresarios agrupados en la Federaci\u00f3n Dominicana de Comerciantes en el marco de la conmemoraci\u00f3n  del D\u00eda Internacional del Comercio, tambi\u00e9n inform\u00f3 se construyen varias hidroel\u00e9ctricas,  para la generaci\u00f3n de energ\u00eda renovable, como las de Pinalito, en Constanza, y  Palomino, en San Juan de la   Maguana.<\/p>\n<p>&#13;<\/p>\n<p align=\"justify\" class=\"text1noticias\">Asimismo, indic\u00f3 que en cuanto a la generaci\u00f3n el\u00e9ctrica  tambi\u00e9n est\u00e1n estudiando la implementaci\u00f3n de un conjunto de proyectos que  permitan modificar el tipo de combustible que utilizan las plantas  que son los m\u00e1s caros, por lo que buscan utilizar el gas natural como  fuente de generaci\u00f3n.<\/p>\n<p>&#13;<\/p>\n<p align=\"justify\" class=\"text1noticias\">Adelant\u00f3 que para el 2010 en la Rep\u00fablica Dominicana  estar\u00e1n funcionando las dos plantas a carb\u00f3n con bajo sulfuro, lo  que estar\u00e1 aport\u00e1ndole al sistema energ\u00e9tico nacional unos mil 200  megavatios<\/p>\n<p>&#13;<\/p>\n<p align=\"justify\" class=\"text1noticias\">\u00abCon lo cual no solamente ahorramos lo que tiene que  ver con la factura petrolera, sino que al mismo tiempo hacemos una  contribuci\u00f3n al mundo con la disminuci\u00f3n de la emisi\u00f3n de di\u00f3xido de  carbono que es lo que alguna de estas plantas generan\u00bb.<\/p>\n<p>&#13;<\/p>\n<p align=\"justify\" class=\"text1noticias\">Indic\u00f3\u00a0 que otra de  las medidas tendentes a reducir la dependencia del pa\u00eds del petr\u00f3leo es la incorporaci\u00f3n de paneles  solares, los que el Gobierno est\u00e1 instalando en los lugares m\u00e1s apartados del  pa\u00eds.<\/p>\n<p>&#13;<\/p>\n<p align=\"justify\" class=\"text1noticias\">Asimismo, el presidente Fern\u00e1ndez reiter\u00f3 su defensa al  Metro de Santo Domingo, tras sostener que adem\u00e1s de contribuir a la no  utilizaci\u00f3n de combustibles f\u00f3siles, tambi\u00e9n habr\u00e1 un transporte masivo  r\u00e1pido, masivo y seguro como se desarrolla en las grandes naciones  del mundo.<\/p>\n<p>&#13;<\/p>\n<p align=\"justify\" class=\"text1noticias\">Dijo sentirse orgulloso con la participaci\u00f3n de ingenieros  dominicanos en la construcci\u00f3n del sistema subterr\u00e1neo de tren en la Rep\u00fablica Dominicana, tras se\u00f1alar que s\u00f3lo se contrataron empresas  extranjeras para la construcci\u00f3n de rieles y el sistema el\u00e9ctrico.<\/p>\n<p>&#13;<\/p>\n<p align=\"justify\" class=\"text1noticias\">El candidato presidencial del PLD sostuvo que el pa\u00eds marcha  por el camino correcto, en procura del modernismo y el desarrollo  \u00aby los invito el 27 de febrero a que se suban al tren de la  modernidad de la Rep\u00fablica Dominicana\u00bb.<\/p>\n<p>&#13;<\/p>\n<p align=\"justify\" class=\"text1noticias\">En la actividad celebrada en un hotel de la capital  estuvieron presentes el secretario Administrativo de la Presidencia, Luis  Manuel Bonetti, los empresarios Jos\u00e9 Luis Corripio y Mario Lama,  entre otros Comerciantes, y funcionarios del Gobierno.<\/p>\n<p>&#13;<\/p>\n<p align=\"justify\" class=\"text1noticias\">En el marco del almuerzo, la Federaci\u00f3n Dominicana  de Comerciantes y la   C\u00e1mara Dominicana de Empresarios Comerciantes, entreg\u00f3 el  premio Juan Pablo Duarte al empresario Mario Lama.<\/p>\n<p>&#13;<\/p>\n<h6> 2007-10-21 23:57:47 <\/h6>\n<p><!--\n<link rel=\"stylesheet\" href=\"css\/bootstrap.min.css\">\n\n\n<ul class=\"pagination\">\n\t    \n\t\n\n<li >\n\t<a href='?page_no=28505'>Previous<\/a>\n\t<\/li>\n\n\n       \n    \n\n<li><a href='?page_no=1'>1<\/a><\/li>\n\n\n\n<li><a href='?page_no=2'>2<\/a><\/li>\n\n\n\n<li><a>...<\/a><\/li>\n\n\n\n<li><a href='?page_no=28504'>28504<\/a><\/li>\n\n\n\n<li><a href='?page_no=28505'>28505<\/a><\/li>\n\n\n\n<li class='active'><a>28506<\/a><\/li>\n\n\n\n<li><a href='?page_no=28507'>28507<\/a><\/li>\n\n\n\n<li><a href='?page_no=28508'>28508<\/a><\/li>\n\n\n\n<li><a>...<\/a><\/li>\n\n\n\n<li><a href='?page_no=30472'>30472<\/a><\/li>\n\n\n\n<li><a href='?page_no=30473'>30473<\/a><\/li>\n\n    \n\t\n\n<li >\n\t<a href='?page_no=28507'>Next<\/a>\n\t<\/li>\n\n\n    \n\n<li><a href='?page_no=30473'>Last &rsaquo;&rsaquo;<\/a><\/li>\n\n<\/ul>\n\n\n--><br \/>\n<\/body><\/p>\n","protected":false},"excerpt":{"rendered":"<p>Presidente Leonel Fern\u00e1ndez asegura Gobierno ejecuta mecanismos para depender menos del petr\u00f3leo &#13; Al hablar ante cientos de empresarios agrupados en la Federaci\u00f3n Dominicana de Comerciantes en el marco de la conmemoraci\u00f3n del D\u00eda Internacional del Comercio, tambi\u00e9n\u00a0inform\u00f3 se construyen varias hidroel\u00e9ctricas, para la generaci\u00f3n de energ\u00eda renovable, como las de Pinalito, en Constanza, y [&hellip;]<\/p>\n","protected":false},"author":3,"featured_media":0,"comment_status":"open","ping_status":"open","sticky":false,"template":"","format":"standard","meta":{"footnotes":""},"categories":[18],"tags":[],"class_list":["post-122626","post","type-post","status-publish","format-standard","hentry","category-economia"],"_links":{"self":[{"href":"https:\/\/diariodominicano.com\/index.php?rest_route=\/wp\/v2\/posts\/122626","targetHints":{"allow":["GET"]}}],"collection":[{"href":"https:\/\/diariodominicano.com\/index.php?rest_route=\/wp\/v2\/posts"}],"about":[{"href":"https:\/\/diariodominicano.com\/index.php?rest_route=\/wp\/v2\/types\/post"}],"author":[{"embeddable":true,"href":"https:\/\/diariodominicano.com\/index.php?rest_route=\/wp\/v2\/users\/3"}],"replies":[{"embeddable":true,"href":"https:\/\/diariodominicano.com\/index.php?rest_route=%2Fwp%2Fv2%2Fcomments&post=122626"}],"version-history":[{"count":0,"href":"https:\/\/diariodominicano.com\/index.php?rest_route=\/wp\/v2\/posts\/122626\/revisions"}],"wp:attachment":[{"href":"https:\/\/diariodominicano.com\/index.php?rest_route=%2Fwp%2Fv2%2Fmedia&parent=122626"}],"wp:term":[{"taxonomy":"category","embeddable":true,"href":"https:\/\/diariodominicano.com\/index.php?rest_route=%2Fwp%2Fv2%2Fcategories&post=122626"},{"taxonomy":"post_tag","embeddable":true,"href":"https:\/\/diariodominicano.com\/index.php?rest_route=%2Fwp%2Fv2%2Ftags&post=122626"}],"curies":[{"name":"wp","href":"https:\/\/api.w.org\/{rel}","templated":true}]}}