{"id":122624,"date":"2007-10-22T16:35:56","date_gmt":"2007-10-22T16:35:56","guid":{"rendered":"http:\/\/diariodominicano.ddns.net\/?p=122624"},"modified":"2007-10-22T16:35:56","modified_gmt":"2007-10-22T16:35:56","slug":"industriales-abren-el-jueves-xvi-feria-nacional-del-mueble","status":"publish","type":"post","link":"https:\/\/diariodominicano.com\/?p=122624","title":{"rendered":"Industriales abren el jueves XVI Feria Nacional del Mueble"},"content":{"rendered":"<p><body><\/p>\n<p class=\"titulogrande1\">Industriales  abren el jueves XVI Feria  Nacional del Mueble<\/p>\n<p>&#13;<\/p>\n<p align=\"justify\" class=\"text1noticias\"><strong><img loading=\"lazy\" decoding=\"async\" src=\"http:\/\/localhost:8080\/economia\/pictures\/muebles.jpg\" width=\"269\" height=\"714\" hspace=\"4\" align=\"left\" \/>SANTO DOMINGO.-<\/strong> Con  las expectativas de un sector que emplea a m\u00e1s de 20 mil personas y con una  inversi\u00f3n instalada en infraestructuras y maquinarias de aproximadamente 500  millones de pesos, los fabricantes mostrar\u00e1n a partir de este jueves lo mejor  de la industrial criolla en la   XVI Feria Nacional del Mueble.<\/p>\n<p>&#13;<\/p>\n<p align=\"justify\" class=\"text1noticias\">El evento, que  esta considerado como el m\u00e1s grande en su g\u00e9nero que se realiza en el pa\u00eds, ya  que ocupar\u00e1 9 mil metros cuadrados de exhibici\u00f3n, ser\u00e1 inaugurado este 25 de  octubre, a las 7:30 de la noche, en la Ciudad Ganadera,  con la participaci\u00f3n de m\u00e1s de 450 productores locales. <\/p>\n<p>&#13;<\/p>\n<p align=\"justify\" class=\"text1noticias\"> A la ceremonia de  apertura se dar\u00e1n cita los principales directivos de la Asociaci\u00f3n Nacional  de Industriales de Muebles, Colchones y Afines (ASONAIMCO), que organizada la  actividad; funcionarios del \u00e1rea financiera del gobierno, representantes de  organismos internacionales y empresarios de este din\u00e1mico sector de nuestra  econom\u00eda.<\/p>\n<p>&#13;<\/p>\n<p align=\"justify\" class=\"text1noticias\">De acuerdo con  los organizadores, en esta versi\u00f3n de la Feria Nacional del  Mueble se proyecta vender m\u00e1s de 60 millones de pesos y se aguarda una  asistencia superior a las 50 mil personas, tomando como par\u00e1metro las ediciones  anteriores.<\/p>\n<p>&#13;<\/p>\n<p align=\"justify\" class=\"text1noticias\">El discurso  central de apertura estar\u00e1 a cargo del Yury Chez, presidente de ASONAIMCO y el  corte de la cinta inaugural ser\u00e1 realizado por varios funcionarios del equipo  econ\u00f3mico del gobierno y representantes de instituciones internacionales que  apoyan la feria.<\/p>\n<p>&#13;<\/p>\n<p align=\"justify\" class=\"text1noticias\"> La feria se extender\u00e1  hasta lunes 5 de noviembre y podr\u00e1 ser visita por el p\u00fablico en el horario  corrido desde las 10 de la ma\u00f1ana hasta las 11 de la noche, en todo el recinto  ferial, ubicado en la   Ciudad Ganadera, en la avenida George Washington.<\/p>\n<p>&#13;<\/p>\n<p align=\"justify\" class=\"text1noticias\">Esta nueva  versi\u00f3n de la Feria   Nacional del Mueble dispone de una amplia agenda que  comprende exposiciones, ventas y realizaci\u00f3n de diferentes actividades y  encuentros empresariales, y se ajusta a todos los horarios, para que el  visitante pueda asistir en el tiempo que le permitan sus posibilidades.<\/p>\n<p>&#13;<\/p>\n<p align=\"justify\" class=\"text1noticias\">Prestigiosas  empresas y organizaciones patrocinan esta versi\u00f3n de la feria, entre las que se  encuentran la   Asociaci\u00f3n Nacional de Ahorros y Pr\u00e9stamos, Pinturas  Tropical, PROMIPYME, Wallid\u00a0 Att\u00edas  Comercial, Postop\u00e9dico la Reina,  entre otras.<\/p>\n<p>&#13;<\/p>\n<p align=\"justify\" class=\"text1noticias\">Entre los  productos que se exhibir\u00e1n se encuentran una amplia gama de art\u00edculos,  confeccionados en madera, metal, mimbre, ratt\u00e1n y fibras naturales, as\u00ed  colchones, muebles para el hogar, la oficina, para exterior, hoteles,  restaurantes y la oficina.<\/p>\n<p>&#13;<\/p>\n<p align=\"justify\" class=\"text1noticias\">La Asociaci\u00f3n la Nacional de Ahorro y Pr\u00e9stamos tendr\u00e1  en la sede de la feria una oficina equipada con los equipos y el personal  adecuado para atender solicitudes de pr\u00e9stamos personales y ofrecer servicios  financieros a los asistentes de este gran evento.<\/p>\n<p>&#13;<\/p>\n<p align=\"justify\" class=\"text1noticias\">En esta  exposici\u00f3n habr\u00e1 descuentos muy significativos ya que las personas podr\u00e1n  adquirir los art\u00edculos de su preferencia directamente desde el mismo fabricante  al consumidor final, sin la intervenci\u00f3n de intermediarios.<\/p>\n<p>&#13;<\/p>\n<h6> 2007-10-22 16:35:56 <\/h6>\n<p><!--\n<link rel=\"stylesheet\" href=\"css\/bootstrap.min.css\">\n\n\n<ul class=\"pagination\">\n\t    \n\t\n\n<li >\n\t<a href='?page_no=28503'>Previous<\/a>\n\t<\/li>\n\n\n       \n    \n\n<li><a href='?page_no=1'>1<\/a><\/li>\n\n\n\n<li><a href='?page_no=2'>2<\/a><\/li>\n\n\n\n<li><a>...<\/a><\/li>\n\n\n\n<li><a href='?page_no=28502'>28502<\/a><\/li>\n\n\n\n<li><a href='?page_no=28503'>28503<\/a><\/li>\n\n\n\n<li class='active'><a>28504<\/a><\/li>\n\n\n\n<li><a href='?page_no=28505'>28505<\/a><\/li>\n\n\n\n<li><a href='?page_no=28506'>28506<\/a><\/li>\n\n\n\n<li><a>...<\/a><\/li>\n\n\n\n<li><a href='?page_no=30472'>30472<\/a><\/li>\n\n\n\n<li><a href='?page_no=30473'>30473<\/a><\/li>\n\n    \n\t\n\n<li >\n\t<a href='?page_no=28505'>Next<\/a>\n\t<\/li>\n\n\n    \n\n<li><a href='?page_no=30473'>Last &rsaquo;&rsaquo;<\/a><\/li>\n\n<\/ul>\n\n\n--><br \/>\n<\/body><\/p>\n","protected":false},"excerpt":{"rendered":"<p>Industriales abren el jueves XVI Feria Nacional del Mueble &#13; SANTO DOMINGO.- Con las expectativas de un sector que emplea a m\u00e1s de 20 mil personas y con una inversi\u00f3n instalada en infraestructuras y maquinarias de aproximadamente 500 millones de pesos, los fabricantes mostrar\u00e1n a partir de este jueves lo mejor de la industrial criolla [&hellip;]<\/p>\n","protected":false},"author":3,"featured_media":0,"comment_status":"open","ping_status":"open","sticky":false,"template":"","format":"standard","meta":{"footnotes":""},"categories":[18],"tags":[],"class_list":["post-122624","post","type-post","status-publish","format-standard","hentry","category-economia"],"_links":{"self":[{"href":"https:\/\/diariodominicano.com\/index.php?rest_route=\/wp\/v2\/posts\/122624","targetHints":{"allow":["GET"]}}],"collection":[{"href":"https:\/\/diariodominicano.com\/index.php?rest_route=\/wp\/v2\/posts"}],"about":[{"href":"https:\/\/diariodominicano.com\/index.php?rest_route=\/wp\/v2\/types\/post"}],"author":[{"embeddable":true,"href":"https:\/\/diariodominicano.com\/index.php?rest_route=\/wp\/v2\/users\/3"}],"replies":[{"embeddable":true,"href":"https:\/\/diariodominicano.com\/index.php?rest_route=%2Fwp%2Fv2%2Fcomments&post=122624"}],"version-history":[{"count":0,"href":"https:\/\/diariodominicano.com\/index.php?rest_route=\/wp\/v2\/posts\/122624\/revisions"}],"wp:attachment":[{"href":"https:\/\/diariodominicano.com\/index.php?rest_route=%2Fwp%2Fv2%2Fmedia&parent=122624"}],"wp:term":[{"taxonomy":"category","embeddable":true,"href":"https:\/\/diariodominicano.com\/index.php?rest_route=%2Fwp%2Fv2%2Fcategories&post=122624"},{"taxonomy":"post_tag","embeddable":true,"href":"https:\/\/diariodominicano.com\/index.php?rest_route=%2Fwp%2Fv2%2Ftags&post=122624"}],"curies":[{"name":"wp","href":"https:\/\/api.w.org\/{rel}","templated":true}]}}