{"id":122623,"date":"2007-10-22T16:40:56","date_gmt":"2007-10-22T16:40:56","guid":{"rendered":"http:\/\/diariodominicano.ddns.net\/?p=122623"},"modified":"2007-10-22T16:40:56","modified_gmt":"2007-10-22T16:40:56","slug":"resalta-crecimiento-economico-manifiesta-apoyo-a-comerciantes","status":"publish","type":"post","link":"https:\/\/diariodominicano.com\/?p=122623","title":{"rendered":"Resalta crecimiento econ\u00f3mico; manifiesta apoyo a comerciantes"},"content":{"rendered":"<p><body><\/p>\n<p class=\"titulogrande1\">Resalta crecimiento econ\u00f3mico; manifiesta  apoyo a comerciantes\u00a0 <\/p>\n<p>&#13;<\/p>\n<p align=\"justify\" class=\"text1noticias\"><strong>SANTO DOMINGO.-<\/strong> El presidente \u00a0Leonel Fern\u00e1ndez, afirm\u00f3 este domingo que en  los \u00faltimos tres a\u00f1os de su gobierno las ventas en el comercio de la Rep\u00fablica Dominicana  han crecido en un 35 por ciento, gracias a la estabilidad econ\u00f3mica que se  registra en el pa\u00eds, lo que fue refrendado por los empresarios Jos\u00e9 Luis \u00a0(Pep\u00edn) \u00a0Corripio y Mario Lama. <br \/>&#13;<br \/>\n  <br \/>&#13;<br \/>\n  Dijo que ello se ha logrado con una tasa  de crecimiento econ\u00f3mico promedio de un 9%.<br \/>&#13;<br \/>\n  <br \/>&#13;<br \/>\n  Fern\u00e1ndez expres\u00f3 su criterio al hablar  durante la entrega de la d\u00e9cima versi\u00f3n del premio Juan Pablo Duarte,  organizado por la   Federaci\u00f3n Dominicana de Comerciantes y la C\u00e1mara Dominicana  de Empresarios Comerciales en ocasi\u00f3n del D\u00eda del Comercio. <br \/>&#13;<br \/>\n  <br \/>&#13;<br \/>\n  El mandatario entreg\u00f3 el m\u00e1ximo galard\u00f3n  del premio Juan Pablo Duarte al comerciante Mario Lama, y posteriormente el  director general de Impuestos Internos \u00a0Juan Hern\u00e1ndez recibi\u00f3 la medalla al m\u00e9rito  del servidor p\u00fablico. <br \/>&#13;<br \/>\n  <br \/>&#13;<br \/>\n  El presidente Fern\u00e1ndez dijo que la  estabilidad alcanzada por el pa\u00eds tiene mucha significaci\u00f3n para el bienestar y  el progreso de la econom\u00eda local lo que ha sido el compromiso de su gobierno.<br \/>&#13;<br \/>\n  <br \/>&#13;<br \/>\n  \u00abNuestro compromiso ha sido ese,  lograr que nuestra econom\u00eda sea estable, que haya confianza por parte de los  distintos sectores econ\u00f3micos lo que contribuye a una reactivaci\u00f3n del  crecimiento y que eso sea la fuente para el\u00a0 bienestar de toda la sociedad  dominicana\u00bb.\u00a0 <br \/>&#13;<br \/>\n  <br \/>&#13;<br \/>\n  Al referirse al petr\u00f3leo como principal  fuente de energ\u00eda de la   Rep\u00fablica Dominicana, dijo que representa una amenaza a  nuestra econom\u00eda en estos momentos por sus altos precios en el mercado mundial.<br \/>&#13;<br \/>\n  <br \/>&#13;<br \/>\n  Fern\u00e1ndez explic\u00f3 que el alza del precio  del petr\u00f3leo a 90 d\u00f3lares el barril no ha ocasionado un colapso en la econom\u00eda  mundial, debido \u00a0al debilitamiento de la  moneda norteamericana en los mercados financieros internacionales, que tiene  como contrapeso al Euro con un valor de un d\u00f3lar con 42 centavos. <br \/>&#13;<br \/>\n  <br \/>&#13;<br \/>\n  Sin embargo, el presidente Fern\u00e1ndez  indic\u00f3 que el pa\u00eds est\u00e1 obligado a dise\u00f1ar y aplicar pol\u00edticas de  diversificaci\u00f3n de fuentes energ\u00e9ticas y provocar el ahorro de parte de los  consumidores.<br \/>&#13;<br \/>\n  <br \/>&#13;<br \/>\n  En ese sentido, precis\u00f3 que en lo que  tiene que ver con la generaci\u00f3n el\u00e9ctrica se deber\u00e1n aplicar proyectos que  permitan modificar el tipo de combustible utilizado por las plantas de  generaci\u00f3n con gas natural, energ\u00eda renovables, como la e\u00f3lica, paneles  solares, molinos de vientos, construcci\u00f3n de hidroel\u00e9ctricas entre otras que  permitir\u00edan ahorrar y abaratar el precio de la energ\u00eda, as\u00ed como disminuir la  contaminaci\u00f3n ambiental. <br \/>&#13;<br \/>\n  <br \/>&#13;<br \/>\n  \u00abYo espero que para los a\u00f1os  2009-2010 podamos tener tambi\u00e9n funcionado las dos plantas de 600 megavatios a  carb\u00f3n que no tienen efectos contaminantes\u00bb.<br \/>&#13;<br \/>\n  <br \/>&#13;<br \/>\n  Reiter\u00f3 que fue acertada la decisi\u00f3n de la  construcci\u00f3n del Metro de Santo Domingo porque mira hacia el futuro de la  pr\u00f3xima generaci\u00f3n de dominicanos, ya que hay que contar con un sistema de  transporte masivo, r\u00e1pido, confortable, seguro y que dependa menos de  combustibles f\u00f3siles. <br \/>&#13;<br \/>\n  <br \/>&#13;<br \/>\n  Fern\u00e1ndez asegur\u00f3 que el Metro de Santo  Domingo ha sido el m\u00e1s barato construido en todo el mundo porque su dise\u00f1o ha  dependido de ingenieros y arquitectos dominicanos, con la intervenci\u00f3n del  Estado de lo que dijo deber\u00e1n sentirse orgullosos todos los dominicanos. <br \/>&#13;<br \/>\n  <br \/>&#13;<br \/>\n  El presidente Fern\u00e1ndez record\u00f3 que un  sistema de Metro no resuelve por s\u00ed solo el sistema de transporte de un pa\u00eds,  por lo que deber\u00e1 ser respaldado por una flotilla de autobuses alimentadores,  cuyos usuarios podr\u00e1n comprar un solo tickets para los dos sistemas. <br \/>&#13;<br \/>\n  <br \/>&#13;<br \/>\n  Fern\u00e1ndez \u00a0invit\u00f3 a los empresarios  presentes en el acto de la Federaci\u00f3n Dominicana de Comerciantes realizado  en el hotel Lina, a que lo acompa\u00f1en el 27 de febrero del 2008 a montar el Metro de  Santo Domingo que es el camino de la modernidad y el progreso. <br \/>&#13;<br \/>\n  <br \/>&#13;<br \/>\n  El presidente\u00a0 Fern\u00e1ndez encabez\u00f3 la mesa principal de la  actividad junto a los empresarios Pep\u00edn  Corripio y Mario Lama. Tambi\u00e9n estaban presentes, el teniente general Rafael  Guillermo Guzm\u00e1n Ferm\u00edn, jefe de la Polic\u00eda Nacional, Iv\u00e1n de Jes\u00fas Garc\u00eda,  presidente de la   Federaci\u00f3n Dominicana de Comerciantes, Lu\u00eds Mej\u00eda, \u00a0presidente de la Asociaci\u00f3n de  Ferreteros y Juan Severino, de la Federaci\u00f3n Dominicana  de Comerciantes. <br \/>&#13;<br \/>\n  <br \/>&#13;<br \/>\n  Igualmente asistieron Ernesto Reina,  subsecretario de Estado de Medio Ambiente y Recursos Naturales, Lu\u00eds Manuel  Bonetti, secretario Administrativo de la Presidencia, Bol\u00edvar Tapia, subsecretario  Administrativo de la   Presidencia, Lu\u00eds de los Santos, \u00a0Freddy\u00a0 P\u00e9rez, asistente del presidente  de la Rep\u00fablica,  y Salvador Jim\u00e9nez, secretario de Estado de Agricultura entre otros. <\/p>\n<p>&#13;<\/p>\n<h6> 2007-10-22 16:40:56 <\/h6>\n<p><!--\n<link rel=\"stylesheet\" href=\"css\/bootstrap.min.css\">\n\n\n<ul class=\"pagination\">\n\t    \n\t\n\n<li >\n\t<a href='?page_no=28502'>Previous<\/a>\n\t<\/li>\n\n\n       \n    \n\n<li><a href='?page_no=1'>1<\/a><\/li>\n\n\n\n<li><a href='?page_no=2'>2<\/a><\/li>\n\n\n\n<li><a>...<\/a><\/li>\n\n\n\n<li><a href='?page_no=28501'>28501<\/a><\/li>\n\n\n\n<li><a href='?page_no=28502'>28502<\/a><\/li>\n\n\n\n<li class='active'><a>28503<\/a><\/li>\n\n\n\n<li><a href='?page_no=28504'>28504<\/a><\/li>\n\n\n\n<li><a href='?page_no=28505'>28505<\/a><\/li>\n\n\n\n<li><a>...<\/a><\/li>\n\n\n\n<li><a href='?page_no=30472'>30472<\/a><\/li>\n\n\n\n<li><a href='?page_no=30473'>30473<\/a><\/li>\n\n    \n\t\n\n<li >\n\t<a href='?page_no=28504'>Next<\/a>\n\t<\/li>\n\n\n    \n\n<li><a href='?page_no=30473'>Last &rsaquo;&rsaquo;<\/a><\/li>\n\n<\/ul>\n\n\n--><br \/>\n<\/body><\/p>\n","protected":false},"excerpt":{"rendered":"<p>Resalta crecimiento econ\u00f3mico; manifiesta apoyo a comerciantes\u00a0 &#13; SANTO DOMINGO.- El presidente \u00a0Leonel Fern\u00e1ndez, afirm\u00f3 este domingo que en los \u00faltimos tres a\u00f1os de su gobierno las ventas en el comercio de la Rep\u00fablica Dominicana han crecido en un 35 por ciento, gracias a la estabilidad econ\u00f3mica que se registra en el pa\u00eds, lo que [&hellip;]<\/p>\n","protected":false},"author":3,"featured_media":0,"comment_status":"open","ping_status":"open","sticky":false,"template":"","format":"standard","meta":{"footnotes":""},"categories":[18],"tags":[],"class_list":["post-122623","post","type-post","status-publish","format-standard","hentry","category-economia"],"_links":{"self":[{"href":"https:\/\/diariodominicano.com\/index.php?rest_route=\/wp\/v2\/posts\/122623","targetHints":{"allow":["GET"]}}],"collection":[{"href":"https:\/\/diariodominicano.com\/index.php?rest_route=\/wp\/v2\/posts"}],"about":[{"href":"https:\/\/diariodominicano.com\/index.php?rest_route=\/wp\/v2\/types\/post"}],"author":[{"embeddable":true,"href":"https:\/\/diariodominicano.com\/index.php?rest_route=\/wp\/v2\/users\/3"}],"replies":[{"embeddable":true,"href":"https:\/\/diariodominicano.com\/index.php?rest_route=%2Fwp%2Fv2%2Fcomments&post=122623"}],"version-history":[{"count":0,"href":"https:\/\/diariodominicano.com\/index.php?rest_route=\/wp\/v2\/posts\/122623\/revisions"}],"wp:attachment":[{"href":"https:\/\/diariodominicano.com\/index.php?rest_route=%2Fwp%2Fv2%2Fmedia&parent=122623"}],"wp:term":[{"taxonomy":"category","embeddable":true,"href":"https:\/\/diariodominicano.com\/index.php?rest_route=%2Fwp%2Fv2%2Fcategories&post=122623"},{"taxonomy":"post_tag","embeddable":true,"href":"https:\/\/diariodominicano.com\/index.php?rest_route=%2Fwp%2Fv2%2Ftags&post=122623"}],"curies":[{"name":"wp","href":"https:\/\/api.w.org\/{rel}","templated":true}]}}