{"id":122622,"date":"2007-10-23T14:35:06","date_gmt":"2007-10-23T14:35:06","guid":{"rendered":"http:\/\/diariodominicano.ddns.net\/?p=122622"},"modified":"2007-10-23T14:35:06","modified_gmt":"2007-10-23T14:35:06","slug":"rd-sera-sede-mundial-de-productores-de-tabaco","status":"publish","type":"post","link":"https:\/\/diariodominicano.com\/?p=122622","title":{"rendered":"RD ser\u00e1 sede mundial de productores de tabaco"},"content":{"rendered":"<p><body><\/p>\n<p align=\"justify\" class=\"titulogrande1\">RD ser\u00e1 sede mundial de productores de tabaco<br \/>&#13;<br \/>\n  <br \/>&#13;<br \/>\n  <span class=\"text1noticias\"><strong><img loading=\"lazy\" decoding=\"async\" src=\"http:\/\/localhost:8080\/economia\/pictures\/tabaco rd.jpg\" width=\"300\" height=\"190\" hspace=\"4\" align=\"left\" \/>SANTIAGO.-<\/strong> Al menos 23 de los pa\u00edses mayores productores de tabaco en  el planeta, agrupados en la International Tobacco Growers\u00a0 Association conocida por sus siglas en ingles como ITGA,  convertir\u00e1n durante cuatro d\u00edas a esta naci\u00f3n caribe\u00f1a en el centro  de atenci\u00f3n del mundo tabacalero. <\/span><\/p>\n<p>&#13;<\/p>\n<p align=\"justify\" class=\"text1noticias\">El Instituto del Tabaco de la Rep\u00fablica Dominicana  (INTABACO) con su sede en esta comunidad cibae\u00f1a, ser\u00e1 el anfitri\u00f3n de esta  reuni\u00f3n, en la que se espera participen m\u00e1s de cien representantes  internacionales.<\/p>\n<p>&#13;<\/p>\n<p align=\"justify\" class=\"text1noticias\">El director del INTABACO,\u00a0 \u00a0Adalberto Rosa, ofreci\u00f3 amplios detalles de la  actividad prevista para celebrarse en la ciudad de Santiago de los Caballeros  entre el 4 y el 7 de noviembre pr\u00f3ximo.<\/p>\n<p>&#13;<\/p>\n<p align=\"justify\" class=\"text1noticias\">Como cada\u00a0 a\u00f1o, corresponde a cada uno de los pa\u00edses miembros ser sede  de este tipo de encuentro. \u00a0\u00a0China, Italia y Croacia han sido las  naciones\u00a0 que sirvieron como sedes durante los \u00faltimos a\u00f1os, es  decir\u00a0 2004, 2005 y 2006, respectivamente<\/p>\n<p>&#13;<\/p>\n<p align=\"justify\" class=\"text1noticias\">Los \u00a0resultados de estas reuniones\u00a0 fraguan una importante  unidad mundial para las organizaciones y su membrec\u00eda, destac\u00f3 Rosa durante el  encuentro con los periodistas, que tuvo lugar en el Gran Teatro de Santiago.<\/p>\n<p>&#13;<\/p>\n<p align=\"justify\" class=\"text1noticias\">La ITGA es una organizaci\u00f3n  sin fines de lucro, \u00a0\u00a0de car\u00e1cter mundial, \u00a0fundada en  \u00a01984, que re\u00fane millones\u00a0 de productores de tabaco de todo el  mundo\u00a0 en procura de \u00a0mejorar las condiciones de vida de sus  asociados. <br \/>&#13;<br \/>\n    <br \/>&#13;<br \/>\n  LOS MIEMBROS.<\/p>\n<p>&#13;<\/p>\n<p align=\"justify\" class=\"text1noticias\">En la actualidad est\u00e1n entre sus miembros, y participar\u00e1n\u00a0 en el  congreso anual los siguientes pa\u00edses:\u00a0 Argentina,\u00a0 Brasil,  Bulgaria, China, Croacia, Rep\u00fablica Dominicana, India, Italia, Kenya, Malawi,  Malasia, M\u00e9xico,\u00a0 Pakist\u00e1n, Portugal,\u00a0 South \u00c1frica, Tanzania y  Uganda.<br \/>&#13;<br \/>\n    <br \/>&#13;<br \/>\n    Pero tambi\u00e9n se  cuentan entre los miembros del ITGA, Estados Unidos,\u00a0 Zambia y  \u00a0Zimbawe, aparte de que solicitaron su ingreso a la entidad\u00a0  Jordania, Siria, Kirguist\u00e1n, Kazajst\u00e1n y Azerbajan. Estos ser\u00e1n propuestos en  la asamblea anual a celebrarse aqu\u00ed.<\/p>\n<p>&#13;<\/p>\n<p align=\"justify\" class=\"text1noticias\">La ITGA\u00a0 tiene dentro de  sus atribuciones la defensa mundial de los productores de tabaco y asume la  representaci\u00f3n de los mismos en cada uno de los escenarios internacionales en  donde es \u00a0necesario. Es importante destacar que existen 100  pa\u00edses del mundo que tienen el tabaco como uno de sus cultivos principales y  emplean a m\u00e1s de 33 millones de trabajadores agr\u00edcolas<\/p>\n<p>&#13;<\/p>\n<p align=\"justify\" class=\"text1noticias\">IMPUESTOS  <\/p>\n<p>&#13;<\/p>\n<p align=\"justify\" class=\"text1noticias\">Este encuentro de la ITGA  tendr\u00e1 lugar en Rep\u00fablica Dominicana en momentos en que se debate en los  Estados Unidos sobre la posibilidad del establecimiento de impuestos a los  productos derivados de la arom\u00e1tica hoja. <br \/>&#13;<br \/>\n    <br \/>&#13;<br \/>\n    La observaci\u00f3n la hizo el propio director del INTABACO en el encuentro con  los periodistas en el que estuvo acompa\u00f1ado de los gerentes y directores de  departamentos de la dependencia aut\u00f3noma <\/p>\n<p>&#13;<\/p>\n<p align=\"justify\" class=\"text1noticias\">\u201cSi los esfuerzos de algunos sectores norteamericanos progresan, para  establecer grav\u00e1menes a los productos que provienen del tabaco, entonces los  pa\u00edses productores del mismo podr\u00edan verse seriamente afectados\u201d.<\/p>\n<p>&#13;<\/p>\n<p align=\"justify\" class=\"text1noticias\">En la Asamblea  de la ITGA se  presentara una moci\u00f3n, al igual que se hizo\u00a0  durante un encuentro regional que se llevo a cabo en Argentina meses  atr\u00e1s, con relaci\u00f3n a estas pretensiones que se debate en los EEUU. <\/p>\n<p>&#13;<\/p>\n<p align=\"justify\" class=\"text1noticias\">Rosa record\u00f3 que el presidente George Bush vet\u00f3 el proyecto y que lo  devolvi\u00f3 a la C\u00e1mara  de Representantes.<\/p>\n<p>&#13;<\/p>\n<p align=\"justify\" class=\"text1noticias\">Dijo esperar que se encuentre la solidaridad y el respaldo de los  representantes de los Estados Unidos y los dem\u00e1s pa\u00edses durante el encuentro  que est\u00e1 previsto para los d\u00edas 4, 5, 6 y 7 de noviembre aqu\u00ed. <\/p>\n<p>&#13;<\/p>\n<p align=\"justify\" class=\"text1noticias\">\u201cNuestra lucha es impedir que se grave con nuevos impuestos a los productos  derivados del tabaco, pero que si ocurriera as\u00ed, pues que estos sean lo menos  lesivos posibles para que nuestros pa\u00edses no se vean afectados severamente\u201d,  argument\u00f3 Rosa en su exposici\u00f3n. <\/p>\n<p>&#13;<\/p>\n<p align=\"justify\" class=\"text1noticias\">SOBRE LA \u00a0ITGA <\/p>\n<p>&#13;<\/p>\n<p align=\"justify\" class=\"text1noticias\">La \u00a0presidencia actual de esta organizaci\u00f3n descansa en Benicio  Albano Werner,\u00a0 de Associacao do\u00a0 Fumicultores do\u00a0 Brasil,  (AFUBRA)\u00a0 mientras que \u00a0su direcci\u00f3n ejecutiva esta  encabezada por\u00a0 Antonio Abrunhosa de Portugal. <\/p>\n<p>&#13;<\/p>\n<p align=\"justify\" class=\"text1noticias\">En la \u00a0asamblea anual a celebrarse en el pa\u00eds \u00a0se discutir\u00e1n  varios temas,\u00a0 resaltando los siguientes: Revisi\u00f3n del mercado mundial  del tabaco con especial \u00e9nfasis en las tendencias que se observan en\u00a0 Asia  y el Medio Oriente. <\/p>\n<p>&#13;<\/p>\n<p align=\"justify\" class=\"text1noticias\">As\u00ed como tendencias del mercado mundial del tabaco y\u00a0 el tabaco como  fabrica para la producci\u00f3n de prote\u00edna terap\u00e9utica\u00a0 recombinante (usos  alternativos de la planta de tabaco) entre otros temas de inter\u00e9s.<\/p>\n<p>&#13;<\/p>\n<p align=\"justify\" class=\"text1noticias\">Los delegados internacionales comenzar\u00e1n a llegar desde finales de este mes  y continuar\u00e1n a principio de noviembre. El programa contempla recibimiento de  los delegados y encuentro del Comit\u00e9 de Finanzas, el domingo cuatro. <\/p>\n<p>&#13;<\/p>\n<p align=\"justify\" class=\"text1noticias\">Al otro d\u00eda, es decir el Lunes cinco, ser\u00e1 la inauguraci\u00f3n del evento, lo  que estar\u00e1\u00a0\u00a0\u00a0 a cargo del Secretario de Agricultura, Salvador  Jim\u00e9nez. El Martes\u00a0\u00a0\u00a0\u00a0\u00a0 comenzaran oficialmente los debates.<\/p>\n<p>&#13;<\/p>\n<p align=\"justify\" class=\"text1noticias\">Dentro de los aspectos de mayor importancia a tomar en cuenta, el director  del INTABACO resalt\u00f3 el \u00a0impacto\u00a0 de ciento cincuentas l\u00edderes  mundiales del sector tabaco y la solidaridad frente a las amenazas permanentes  o temporeras que acechan nuestro sector. <\/p>\n<p>&#13;<\/p>\n<h6> 2007-10-23 14:35:06 <\/h6>\n<p><!--\n<link rel=\"stylesheet\" href=\"css\/bootstrap.min.css\">\n\n\n<ul class=\"pagination\">\n\t    \n\t\n\n<li >\n\t<a href='?page_no=28501'>Previous<\/a>\n\t<\/li>\n\n\n       \n    \n\n<li><a href='?page_no=1'>1<\/a><\/li>\n\n\n\n<li><a href='?page_no=2'>2<\/a><\/li>\n\n\n\n<li><a>...<\/a><\/li>\n\n\n\n<li><a href='?page_no=28500'>28500<\/a><\/li>\n\n\n\n<li><a href='?page_no=28501'>28501<\/a><\/li>\n\n\n\n<li class='active'><a>28502<\/a><\/li>\n\n\n\n<li><a href='?page_no=28503'>28503<\/a><\/li>\n\n\n\n<li><a href='?page_no=28504'>28504<\/a><\/li>\n\n\n\n<li><a>...<\/a><\/li>\n\n\n\n<li><a href='?page_no=30472'>30472<\/a><\/li>\n\n\n\n<li><a href='?page_no=30473'>30473<\/a><\/li>\n\n    \n\t\n\n<li >\n\t<a href='?page_no=28503'>Next<\/a>\n\t<\/li>\n\n\n    \n\n<li><a href='?page_no=30473'>Last &rsaquo;&rsaquo;<\/a><\/li>\n\n<\/ul>\n\n\n--><br \/>\n<\/body><\/p>\n","protected":false},"excerpt":{"rendered":"<p>RD ser\u00e1 sede mundial de productores de tabaco&#13; &#13; SANTIAGO.- Al menos 23 de los pa\u00edses mayores productores de tabaco en el planeta, agrupados en la International Tobacco Growers\u00a0 Association conocida por sus siglas en ingles como ITGA, convertir\u00e1n durante cuatro d\u00edas a esta naci\u00f3n caribe\u00f1a en el centro de atenci\u00f3n del mundo tabacalero. &#13; [&hellip;]<\/p>\n","protected":false},"author":3,"featured_media":0,"comment_status":"open","ping_status":"open","sticky":false,"template":"","format":"standard","meta":{"footnotes":""},"categories":[18],"tags":[],"class_list":["post-122622","post","type-post","status-publish","format-standard","hentry","category-economia"],"_links":{"self":[{"href":"https:\/\/diariodominicano.com\/index.php?rest_route=\/wp\/v2\/posts\/122622","targetHints":{"allow":["GET"]}}],"collection":[{"href":"https:\/\/diariodominicano.com\/index.php?rest_route=\/wp\/v2\/posts"}],"about":[{"href":"https:\/\/diariodominicano.com\/index.php?rest_route=\/wp\/v2\/types\/post"}],"author":[{"embeddable":true,"href":"https:\/\/diariodominicano.com\/index.php?rest_route=\/wp\/v2\/users\/3"}],"replies":[{"embeddable":true,"href":"https:\/\/diariodominicano.com\/index.php?rest_route=%2Fwp%2Fv2%2Fcomments&post=122622"}],"version-history":[{"count":0,"href":"https:\/\/diariodominicano.com\/index.php?rest_route=\/wp\/v2\/posts\/122622\/revisions"}],"wp:attachment":[{"href":"https:\/\/diariodominicano.com\/index.php?rest_route=%2Fwp%2Fv2%2Fmedia&parent=122622"}],"wp:term":[{"taxonomy":"category","embeddable":true,"href":"https:\/\/diariodominicano.com\/index.php?rest_route=%2Fwp%2Fv2%2Fcategories&post=122622"},{"taxonomy":"post_tag","embeddable":true,"href":"https:\/\/diariodominicano.com\/index.php?rest_route=%2Fwp%2Fv2%2Ftags&post=122622"}],"curies":[{"name":"wp","href":"https:\/\/api.w.org\/{rel}","templated":true}]}}