{"id":122620,"date":"2007-10-23T20:13:20","date_gmt":"2007-10-23T20:13:20","guid":{"rendered":"http:\/\/diariodominicano.ddns.net\/?p=122620"},"modified":"2007-10-23T20:13:20","modified_gmt":"2007-10-23T20:13:20","slug":"el-precio-del-pan-es-pa-arriba-que-va","status":"publish","type":"post","link":"https:\/\/diariodominicano.com\/?p=122620","title":{"rendered":"El precio del pan es pa arriba que va"},"content":{"rendered":"<p><body><\/p>\n<p class=\"titulogrande1\">El precio del pan es pa arriba  que va<\/p>\n<p>&#13;<\/p>\n<p align=\"justify\" class=\"text1noticias\"><strong>SANTO DOMINGO.- <\/strong>La   Uni\u00f3n Nacional de Medianos y Peque\u00f1os Productores  Industriales de Harina (UMPIH) revel\u00f3 este martes\u00a0 que en\u00a0  los pr\u00f3ximos d\u00edas dispondr\u00e1 nuevos aumentos en los precios del pan. <\/p>\n<p>&#13;<\/p>\n<p align=\"justify\" class=\"text1noticias\">El presidente de  la entidad,\u00a0 H\u00e9ctor Delgado, al dar la  informaci\u00f3n\u00a0 dijo que las variaciones de  precios en los subproductos de la harina es algo que escapa a los molineros y a  los fabricantes del pan, por lo que no tienen otra alternativa que aumentar el  precio del pan.<\/p>\n<p>&#13;<\/p>\n<p align=\"justify\" class=\"text1noticias\">Record\u00f3 que hace  60 d\u00edas el quintal de harina costaba RD$920 y subi\u00f3 desde el molinero al  productor de pan a RD$ 1,338, un incremento de un 45 por ciento, situaci\u00f3n que  no han podido controlar.<\/p>\n<p>&#13;<\/p>\n<p align=\"justify\" class=\"text1noticias\">Indic\u00f3 que la  poblaci\u00f3n que consume pan va\u00a0 a tener que  pagar una nueva alza en el precio del producto.<\/p>\n<p>&#13;<\/p>\n<p align=\"justify\" class=\"text1noticias\">\u201cA los  productores del pan les afecta adem\u00e1s del alza de la harina, el\u00a0 gas propano de uso industrial que subi\u00f3 a  RD$83.60, derivado del incremento internacional del barril de petr\u00f3leo que  aunque baj\u00f3 un poco rompi\u00f3 la barrera de los 90 d\u00f3lares\u201d, expreso H\u00e9ctor\u00a0 Delgado, tras ser cuestionado por los  periodistas.<\/p>\n<p>&#13;<\/p>\n<p align=\"justify\" class=\"text1noticias\">El presidente de la Uni\u00f3n Nacional de  Medianos\u00a0 y Peque\u00f1os Productores de  Harina dijo que ante estos aumentos, el  sector est\u00e1 analizando para ver como pueden ajustar los precios del pan de  forma que afecte lo menos posible al sector de consumidores donde est\u00e1n las  familias menos pudientes.<br \/>&#13;<br \/>\n  <br \/>&#13;<br \/>\n  Sostuvo que son  eventos fuera del control del Gobierno, de los productores de harina y de los  fabricantes de pan y \u00a0por lo que se han  visto\u00a0 obligados a hacer ajustes en los  precios del pan de consumo popular.<br \/>&#13;<br \/>\n\u00a0\u00a0<br \/>&#13;<br \/>\nDijo que\u00a0 es posible que el tipo de pan que se elabora  para vender a cinco pesos quede igual, pero que con el otro que se vende a tres  pesos, y que es de mayor consumo, los obliga a buscar una salida, dado el  incremento de sus costos de elaboraci\u00f3n.<\/p>\n<p>&#13;<\/p>\n<p align=\"justify\" class=\"text1noticias\">Roberto Rodr\u00edguez <\/p>\n<p>&#13;<\/p>\n<h6> 2007-10-23 20:13:20 <\/h6>\n<p><!--\n<link rel=\"stylesheet\" href=\"css\/bootstrap.min.css\">\n\n\n<ul class=\"pagination\">\n\t    \n\t\n\n<li >\n\t<a href='?page_no=28499'>Previous<\/a>\n\t<\/li>\n\n\n       \n    \n\n<li><a href='?page_no=1'>1<\/a><\/li>\n\n\n\n<li><a href='?page_no=2'>2<\/a><\/li>\n\n\n\n<li><a>...<\/a><\/li>\n\n\n\n<li><a href='?page_no=28498'>28498<\/a><\/li>\n\n\n\n<li><a href='?page_no=28499'>28499<\/a><\/li>\n\n\n\n<li class='active'><a>28500<\/a><\/li>\n\n\n\n<li><a href='?page_no=28501'>28501<\/a><\/li>\n\n\n\n<li><a href='?page_no=28502'>28502<\/a><\/li>\n\n\n\n<li><a>...<\/a><\/li>\n\n\n\n<li><a href='?page_no=30472'>30472<\/a><\/li>\n\n\n\n<li><a href='?page_no=30473'>30473<\/a><\/li>\n\n    \n\t\n\n<li >\n\t<a href='?page_no=28501'>Next<\/a>\n\t<\/li>\n\n\n    \n\n<li><a href='?page_no=30473'>Last &rsaquo;&rsaquo;<\/a><\/li>\n\n<\/ul>\n\n\n--><br \/>\n<\/body><\/p>\n","protected":false},"excerpt":{"rendered":"<p>El precio del pan es pa arriba que va &#13; SANTO DOMINGO.- La Uni\u00f3n Nacional de Medianos y Peque\u00f1os Productores Industriales de Harina (UMPIH) revel\u00f3 este martes\u00a0 que en\u00a0 los pr\u00f3ximos d\u00edas dispondr\u00e1 nuevos aumentos en los precios del pan. &#13; El presidente de la entidad,\u00a0 H\u00e9ctor Delgado, al dar la informaci\u00f3n\u00a0 dijo que las [&hellip;]<\/p>\n","protected":false},"author":3,"featured_media":0,"comment_status":"open","ping_status":"open","sticky":false,"template":"","format":"standard","meta":{"footnotes":""},"categories":[18],"tags":[],"class_list":["post-122620","post","type-post","status-publish","format-standard","hentry","category-economia"],"_links":{"self":[{"href":"https:\/\/diariodominicano.com\/index.php?rest_route=\/wp\/v2\/posts\/122620","targetHints":{"allow":["GET"]}}],"collection":[{"href":"https:\/\/diariodominicano.com\/index.php?rest_route=\/wp\/v2\/posts"}],"about":[{"href":"https:\/\/diariodominicano.com\/index.php?rest_route=\/wp\/v2\/types\/post"}],"author":[{"embeddable":true,"href":"https:\/\/diariodominicano.com\/index.php?rest_route=\/wp\/v2\/users\/3"}],"replies":[{"embeddable":true,"href":"https:\/\/diariodominicano.com\/index.php?rest_route=%2Fwp%2Fv2%2Fcomments&post=122620"}],"version-history":[{"count":0,"href":"https:\/\/diariodominicano.com\/index.php?rest_route=\/wp\/v2\/posts\/122620\/revisions"}],"wp:attachment":[{"href":"https:\/\/diariodominicano.com\/index.php?rest_route=%2Fwp%2Fv2%2Fmedia&parent=122620"}],"wp:term":[{"taxonomy":"category","embeddable":true,"href":"https:\/\/diariodominicano.com\/index.php?rest_route=%2Fwp%2Fv2%2Fcategories&post=122620"},{"taxonomy":"post_tag","embeddable":true,"href":"https:\/\/diariodominicano.com\/index.php?rest_route=%2Fwp%2Fv2%2Ftags&post=122620"}],"curies":[{"name":"wp","href":"https:\/\/api.w.org\/{rel}","templated":true}]}}