{"id":122618,"date":"2007-10-24T02:22:52","date_gmt":"2007-10-24T02:22:52","guid":{"rendered":"http:\/\/diariodominicano.ddns.net\/?p=122618"},"modified":"2007-10-24T02:22:52","modified_gmt":"2007-10-24T02:22:52","slug":"el-metodo-de-kirchner-esta-terminado","status":"publish","type":"post","link":"https:\/\/diariodominicano.com\/?p=122618","title":{"rendered":"\u00abEl m\u00e9todo de Kirchner est\u00e1 terminado\u00bb"},"content":{"rendered":"<p><body><\/p>\n<p align=\"justify\"><strong>ENTREVISTA: ROBERTO LAVAGNA <\/strong><br \/>&#13;<br \/>\n  <br \/>&#13;<br \/>\n    <strong class=\"titulogrande1\">\u00abEl m\u00e9todo de Kirchner est\u00e1 terminado\u00bb<\/strong><br \/>&#13;<br \/>\n    <br \/>&#13;<br \/>\n    <span class=\"text1noticias\">Candidato  a la presidencia por UNA <\/span><\/p>\n<p>&#13;<\/p>\n<p align=\"justify\" class=\"text1noticias\"><strong><img loading=\"lazy\" decoding=\"async\" src=\"http:\/\/localhost:8080\/economia\/pictures\/roberto lavagna.jpg\" width=\"269\" height=\"198\" hspace=\"4\" align=\"left\" \/>BUENOS  AIRES.-<\/strong> Desde su cuartel general electoral, situado en la principal avenida de  Buenos Aires, Roberto Lavagna (Buenos Aires, 1942), candidato de Una Naci\u00f3n  Avanzada (UNA), advierte de que Argentina ha tomado un rumbo equivocado en lo  social y lo econ\u00f3mico que puede empeorar en el caso de que el domingo resulte  elegida presidenta Cristina Fern\u00e1ndez, esposa del actual mandatario, N\u00e9stor  Kirchner. Lavagna, ex ministro de Econom\u00eda de Kirchner y uno de los padres de  la recuperaci\u00f3n econ\u00f3mica argentina cree que la pobreza ser\u00e1 el principal  problema del pr\u00f3ximo inquilino de la Casa Rosada.<br \/>&#13;<br \/>\n  <br \/>&#13;<br \/>\n  Pregunta.  \u00bfQu\u00e9 ocurrir\u00e1 en el caso de que otro Kirchner llegue a la presidencia?<br \/>&#13;<br \/>\n  <br \/>&#13;<br \/>\n  Respuesta.  Yo creo que el m\u00e9todo de Kirchner est\u00e1 terminado. Todo lo que consiste en  ponerse detr\u00e1s del atril presidencial en el Sal\u00f3n Blanco [de la Casa Rosada] para  presionar a distintos sectores de la sociedad o para hacer anuncios que despu\u00e9s  no se cumplen, este m\u00e9todo est\u00e1 terminado, no va m\u00e1s para gobernar Argentina.<br \/>&#13;<br \/>\n  <br \/>&#13;<br \/>\n  P.  Se dice que Argentina vive un ciclo econ\u00f3mico virtuoso, y en cierta manera a  usted le toc\u00f3 inaugurarlo despu\u00e9s de la devaluaci\u00f3n en 2002. \u00bfQu\u00e9 peligros  tiene ese ciclo de frustrarse?<br \/>&#13;<br \/>\n  <br \/>&#13;<br \/>\n  R.  Pocos o todos. Depende de quien resulte electo. Creo que si hay continuidad de  lo que se ha hecho desde principios de 2006, las cosas van a volver a caer; no  de la manera de 2001, que fue una crisis de magnitud hist\u00f3rica, pero la  posibilidad de recaer en una de las situaciones recesivas que recurrentemente  tuvo Argentina es alt\u00edsima. Creo que si se vuelve al modelo econ\u00f3mico y social  que abandonaron a principios del a\u00f1o pasado, todav\u00eda hoy es posible poner a  Argentina en un proceso de crecimiento. Siempre es dif\u00edcil decirlo, pero en un  horizonte de 10 a\u00f1os es perfectamente viable. En Espa\u00f1a han vivido c\u00f3mo en un  periodo relativamente corto se le puede cambiar la cara a un pa\u00eds.<br \/>&#13;<br \/>\n  <br \/>&#13;<br \/>\n  P.  \u00bfEn qu\u00e9 cambi\u00f3 el proyecto de Kirchner, en el que usted fue uno de los  protagonistas y del que ahora es su rival?<br \/>&#13;<br \/>\n  <br \/>&#13;<br \/>\n  R.  En todo. Primero, en materia institucional. El a\u00f1o pasado se aprobaron cuatro  leyes que inclinaron a favor del poder ejecutivo la capacidad de decisi\u00f3n, en  contra del Congreso y del poder judicial. Se han intervenido pol\u00edticamente  organismos t\u00e9cnicos del Estado, el Indec [Instituto de Estad\u00edstica] es el caso  m\u00e1s conocido, pero hay una larga lista. Todo esto implic\u00f3 un deterioro  institucional muy fuerte. A esto le agregamos un cambio en la pol\u00edtica  internacional: Argentina se fue separando de su n\u00facleo natural, que es  Mercosur, para recostarse sobre Venezuela. Y adem\u00e1s debemos sumar los errores  econ\u00f3micos, que son muchos. Desde un nivel r\u00e9cord de inversi\u00f3n a principios de  2005 y fines de 2006, se derrumb\u00f3 y no se ha vuelto a recuperar.<br \/>&#13;<br \/>\n  <br \/>&#13;<br \/>\n  P.  \u00bfQu\u00e9 tipo de relaci\u00f3n tendr\u00eda un Gobierno de Lavagna con Espa\u00f1a?<br \/>&#13;<br \/>\n  <br \/>&#13;<br \/>\n  R.  Hoy las relaciones de Argentina y Espa\u00f1a son intermediadas por Repsol YPF,  donde yo tengo adem\u00e1s serias sospechas sobre si la direcci\u00f3n de la empresa  responde a los intereses de los accionistas o si, como dice una de las teor\u00edas  econ\u00f3micas recientes, el agente ha dejado de responder a los intereses del  accionista y responde a sus propios intereses. Eso no puede ser.<br \/>&#13;<br \/>\n  <br \/>&#13;<br \/>\n  P.  \u00bfC\u00f3mo califica la venta de acciones de Repsol a socios argentinos?<br \/>&#13;<br \/>\n  <br \/>&#13;<br \/>\n  R.  \u00bfSe refiere al arreglo espurio entre capitalistas amigos? Nos vamos a oponer y  vamos a hacer todo el ruido del mundo si el Gobierno intenta ir adelante con  esta operaci\u00f3n, que nosotros consideramos espuria.<br \/>&#13;<br \/>\n  <br \/>&#13;<br \/>\n  P.  Usted estuvo tres a\u00f1os en el Gobierno de Kirchner y conoci\u00f3 de cerca a Cristina  Fern\u00e1ndez. \u00bfC\u00f3mo la define?<br \/>&#13;<br \/>\n  <br \/>&#13;<br \/>\n  R.  \u00bfA la candidata oculta? \u00a1Como es oculta no la puedo definir! [risas]. Carece de  toda experiencia ejecutiva, pero adem\u00e1s no sabemos qu\u00e9 es lo que piensa sobre  ning\u00fan tema. <br \/>&#13;<br \/>\n  <br \/>&#13;<br \/>\n  Fue ella quien defendi\u00f3 cuatro leyes que se aprobaron en 2006 y  que implicaron un deterioro institucional fuerte: reforma del Consejo de la Magistratura, los  decretos de necesidad y urgencia, superpoderes del presidente para manejar el  presupuesto y unidad de informaci\u00f3n financiera.<br \/>&#13;<br \/>\n  <br \/>&#13;<br \/>\n  P.  \u00bfCu\u00e1l es el principal problema social que heredar\u00e1 el pr\u00f3ximo presidente  argentino?<br \/>&#13;<br \/>\n  <br \/>&#13;<br \/>\n  R.  La pobreza, sigue habiendo 10 millones de pobres. La mejor\u00eda fue muy fuerte,  pero quedan todav\u00eda 10 millones de pobres y un 9% de desempleo. De \u00e9stos,  cuatro millones son chicos por debajo de los 14 a\u00f1os. Pero ninguna pol\u00edtica  social se va a sostener si no hay paralelamente un modelo macroecon\u00f3mico que  sea consistente. Cuando no hay billetera, es in\u00fatil hablar de pol\u00edticas  sociales.<br \/>&#13;<br \/>\n  <br \/>&#13;<br \/>\n  JORGE MARIRRODRIGA &#8211; Buenos Aires &#8211; 24\/10\/2007 \/El Pa\u00eds<\/p>\n<p>&#13;<\/p>\n<h6> 2007-10-24 02:22:52 <\/h6>\n<p><!--\n<link rel=\"stylesheet\" href=\"css\/bootstrap.min.css\">\n\n\n<ul class=\"pagination\">\n\t    \n\t\n\n<li >\n\t<a href='?page_no=28497'>Previous<\/a>\n\t<\/li>\n\n\n       \n    \n\n<li><a href='?page_no=1'>1<\/a><\/li>\n\n\n\n<li><a href='?page_no=2'>2<\/a><\/li>\n\n\n\n<li><a>...<\/a><\/li>\n\n\n\n<li><a href='?page_no=28496'>28496<\/a><\/li>\n\n\n\n<li><a href='?page_no=28497'>28497<\/a><\/li>\n\n\n\n<li class='active'><a>28498<\/a><\/li>\n\n\n\n<li><a href='?page_no=28499'>28499<\/a><\/li>\n\n\n\n<li><a href='?page_no=28500'>28500<\/a><\/li>\n\n\n\n<li><a>...<\/a><\/li>\n\n\n\n<li><a href='?page_no=30472'>30472<\/a><\/li>\n\n\n\n<li><a href='?page_no=30473'>30473<\/a><\/li>\n\n    \n\t\n\n<li >\n\t<a href='?page_no=28499'>Next<\/a>\n\t<\/li>\n\n\n    \n\n<li><a href='?page_no=30473'>Last &rsaquo;&rsaquo;<\/a><\/li>\n\n<\/ul>\n\n\n--><br \/>\n<\/body><\/p>\n","protected":false},"excerpt":{"rendered":"<p>ENTREVISTA: ROBERTO LAVAGNA &#13; &#13; \u00abEl m\u00e9todo de Kirchner est\u00e1 terminado\u00bb&#13; &#13; Candidato a la presidencia por UNA &#13; BUENOS AIRES.- Desde su cuartel general electoral, situado en la principal avenida de Buenos Aires, Roberto Lavagna (Buenos Aires, 1942), candidato de Una Naci\u00f3n Avanzada (UNA), advierte de que Argentina ha tomado un rumbo equivocado en [&hellip;]<\/p>\n","protected":false},"author":3,"featured_media":0,"comment_status":"open","ping_status":"open","sticky":false,"template":"","format":"standard","meta":{"footnotes":""},"categories":[18],"tags":[],"class_list":["post-122618","post","type-post","status-publish","format-standard","hentry","category-economia"],"_links":{"self":[{"href":"https:\/\/diariodominicano.com\/index.php?rest_route=\/wp\/v2\/posts\/122618","targetHints":{"allow":["GET"]}}],"collection":[{"href":"https:\/\/diariodominicano.com\/index.php?rest_route=\/wp\/v2\/posts"}],"about":[{"href":"https:\/\/diariodominicano.com\/index.php?rest_route=\/wp\/v2\/types\/post"}],"author":[{"embeddable":true,"href":"https:\/\/diariodominicano.com\/index.php?rest_route=\/wp\/v2\/users\/3"}],"replies":[{"embeddable":true,"href":"https:\/\/diariodominicano.com\/index.php?rest_route=%2Fwp%2Fv2%2Fcomments&post=122618"}],"version-history":[{"count":0,"href":"https:\/\/diariodominicano.com\/index.php?rest_route=\/wp\/v2\/posts\/122618\/revisions"}],"wp:attachment":[{"href":"https:\/\/diariodominicano.com\/index.php?rest_route=%2Fwp%2Fv2%2Fmedia&parent=122618"}],"wp:term":[{"taxonomy":"category","embeddable":true,"href":"https:\/\/diariodominicano.com\/index.php?rest_route=%2Fwp%2Fv2%2Fcategories&post=122618"},{"taxonomy":"post_tag","embeddable":true,"href":"https:\/\/diariodominicano.com\/index.php?rest_route=%2Fwp%2Fv2%2Ftags&post=122618"}],"curies":[{"name":"wp","href":"https:\/\/api.w.org\/{rel}","templated":true}]}}