{"id":122615,"date":"2007-10-24T15:09:57","date_gmt":"2007-10-24T15:09:57","guid":{"rendered":"http:\/\/diariodominicano.ddns.net\/?p=122615"},"modified":"2007-10-24T15:09:57","modified_gmt":"2007-10-24T15:09:57","slug":"ministros-de-hacienda-y-finanzas-firman-convenio-para-crear-fiscalizacion-internacional","status":"publish","type":"post","link":"https:\/\/diariodominicano.com\/?p=122615","title":{"rendered":"Ministros de Hacienda y Finanzas firman convenio para crear fiscalizaci\u00f3n internacional"},"content":{"rendered":"<p><body><\/p>\n<p align=\"justify\" class=\"titulogrande1\"><strong>Ministros de Hacienda  y Finanzas firman convenio para crear fiscalizaci\u00f3n internacional<\/strong><\/p>\n<p>&#13;<\/p>\n<p align=\"justify\" class=\"text1noticias\"><strong><img loading=\"lazy\" decoding=\"async\" src=\"http:\/\/localhost:8080\/economia\/pictures\/bengoa pic.jpg\" width=\"264\" height=\"358\" hspace=\"4\" align=\"left\" \/>WASHINGTON, DC.- <\/strong>Los ministros de Hacienda y Finanzas de Centroam\u00e9rica  y Rep\u00fablica Dominicana firmaron aqu\u00ed un convenio para crear en sus pa\u00edses  unidades de fiscalizaci\u00f3n internacional, con la finalidad de contrarrestar lo  que se conoce como el fraude derivado de la vinculaci\u00f3n entre empresas, ya sea  v\u00eda precios de transferencias, capitalizaci\u00f3n d\u00e9bil y negociaciones de  comodoties.<\/p>\n<p>&#13;<\/p>\n<p align=\"justify\" class=\"text1noticias\">El convenio, aprobado por resoluci\u00f3n apadrinada por el  Banco Interamericano de Desarrollo (BID), en cuya sede aqu\u00ed fue rubricado en  presencia del presidente de la entidad, Luis Alberto Moreno, es considerado un  paso important\u00edsimo para la buena, adecuada y eficiente administraci\u00f3n tributaria.<\/p>\n<p>&#13;<\/p>\n<p align=\"justify\" class=\"text1noticias\">Por la Rep\u00fablica Dominicana firm\u00f3 \u00a0Vicente Bengoa, secretario de Hacienda, quien  resalt\u00f3 la importancia del convenio mediante declaraci\u00f3n ofrecida en Santo  Domingo a trav\u00e9s de la direcci\u00f3n de Comunicaciones de la cartera.<\/p>\n<p>&#13;<\/p>\n<p align=\"justify\" class=\"text1noticias\">Esas unidades, de acuerdo con la resoluci\u00f3n, ser\u00e1n  responsables de la coordinaci\u00f3n fiscal y tributaria, y servir\u00e1n para  regularizar pol\u00edticas y proyectos de integraci\u00f3n con ayuda del BID, que les  respaldar\u00e1 plenamente. <\/p>\n<p>&#13;<\/p>\n<p align=\"justify\" class=\"text1noticias\"><strong>A continuaci\u00f3n, el texto \u00edntegro de la resoluci\u00f3n:<\/strong><\/p>\n<p>&#13;<\/p>\n<p align=\"justify\" class=\"text1noticias\"><strong>CONSEJO DE SECRETARIOS DE FINANZAS Y MINISTROS DE HACIENDA DE COSTA  RICA, EL SALVADOR, GUATEMALA, HONDURAS, NICARAGUA,\u00a0 PANAMA Y REPUBLICA DOMINICANA \u2013 COSEFIM<\/strong> &#8211; <\/p>\n<p>&#13;<\/p>\n<p align=\"justify\" class=\"text1noticias\"><strong>RESOLUCI\u00d3N No. 5 \u2013  2007<\/strong><\/p>\n<p>&#13;<\/p>\n<p align=\"justify\" class=\"text1noticias\">CONSIDERANDO:  Que la regi\u00f3n de Centroam\u00e9rica, Panam\u00e1 y Rep\u00fablica Dominicana\u00a0 est\u00e1n desarrollando un proceso de integraci\u00f3n  econ\u00f3mica y comercial;<\/p>\n<p>&#13;<\/p>\n<p align=\"justify\" class=\"text1noticias\">CONSIDERANDO:  Que la fiscalidad internacional estudia la afectaci\u00f3n entre pa\u00edses en el \u00e1mbito  impositivo, tomando en consideraci\u00f3n la residencia de los contribuyentes y  donde se genera la renta;<\/p>\n<p>&#13;<\/p>\n<p align=\"justify\" class=\"text1noticias\">CONSIDERANDO:  Que el COSEFIM ha avanzado en la elaboraci\u00f3n de acuerdos marco para evitar la  doble tributaci\u00f3n, los precios de transferencia y la subcapitalizaci\u00f3n;<\/p>\n<p>&#13;<\/p>\n<p align=\"justify\" class=\"text1noticias\">CONSIDERANDO:  Que la fiscalidad internacional puede beneficiar la inversi\u00f3n privada,  debido\u00a0 que lograr generar ahorro de  recursos, ya que\u00a0 evita la doble  imposici\u00f3n, aunque no representa un estimulo para determinar la localizaci\u00f3n de  las inversiones;<\/p>\n<p>&#13;<\/p>\n<p align=\"justify\" class=\"text1noticias\">CONSIDERADO:  Que la regi\u00f3n est\u00e1 negociando un Acuerdo de Asociaci\u00f3n Econ\u00f3mica con la Uni\u00f3n Europea y que  pretende conformar una Uni\u00f3n Aduanera Centroamericana, sin que esto conlleve  p\u00e9rdida de ingresos tributarios;<\/p>\n<p>&#13;<\/p>\n<p align=\"justify\" class=\"text1noticias\">CONSIDERANDO:  Que el Banco Interamericano de Desarrollo y el Fondo Monetario Internacional  han manifestado su voluntad de apoyar en estos prop\u00f3sitos a las  Administraciones Tributarias de los pa\u00edses miembros del COSEFIM;<\/p>\n<p>&#13;<\/p>\n<p align=\"justify\" class=\"text1noticias\"><strong>POR TANTO:<\/strong><\/p>\n<p>&#13;<\/p>\n<p align=\"justify\" class=\"text1noticias\">Con fundamento en los art\u00edculos del Protocolo de  Tegucigalpa a la Carta  de la ODECA y  sus modificaciones<\/p>\n<p>&#13;<\/p>\n<p align=\"justify\" class=\"text1noticias\"><strong>RESUELVE:\u00a0\u00a0 <\/strong><\/p>\n<p>&#13;<\/p>\n<p align=\"justify\" class=\"text1noticias\">ART\u00cdCULO  PRIMERO: Los miembros de COSEFIM se comprometen a crear las Unidades de  Tributaci\u00f3n Internacional, las que estar\u00e1n encargadas de dise\u00f1ar los objetivos  de pol\u00edtica tributaria internacional, as\u00ed como las actuaciones en el \u00e1mbito de  las relaciones fiscales internacionales y de la tributaci\u00f3n de personas f\u00edsicas  y entidades jur\u00eddicas no residentes en territorio de cada pa\u00eds en particular.<\/p>\n<p>&#13;<\/p>\n<p align=\"justify\" class=\"text1noticias\">PARRAFO: Las  Unidades de Tributaci\u00f3n Internacional realizar\u00e1n las funciones contempladas en  el reglamento de aplicaci\u00f3n que se elabore para tales fines. <\/p>\n<p>&#13;<\/p>\n<p align=\"justify\" class=\"text1noticias\">ARTICULO  SEGUNDO: Estas Unidades de Tributaci\u00f3n Internacional de cada pa\u00eds coordinar\u00e1n  sus actividades y propuestas con sus pares de los pa\u00edses miembros del COSEFIM,  asegurando una mayor armonizaci\u00f3n regional en la materia. <\/p>\n<p>&#13;<\/p>\n<p align=\"justify\" class=\"text1noticias\">PARRAFO. La  coordinaci\u00f3n de pol\u00edtica tributaria internacional se har\u00e1 efectiva por  intermedio de las administraciones tributarias de cada pa\u00eds y fortalecida  mediante programas de capacitaci\u00f3n y asistencias t\u00e9cnicas de los organismos  internacionales<strong>. <\/strong><\/p>\n<p>&#13;<\/p>\n<p align=\"justify\" class=\"text1noticias\">Dado en  Washington, D.C., Estados Unidos de Am\u00e9rica, a los veintid\u00f3s (22) d\u00edas del mes  de octubre del a\u00f1o Dos Mil Siete (2007).<br \/>&#13;<br \/>\n  \u00a0<\/p>\n<p>&#13;<br \/>\n&#13;<\/p>\n<div align=\"justify\">&#13;<\/p>\n<table border=\"1\" cellspacing=\"0\" cellpadding=\"0\">&#13;<\/p>\n<tr>&#13;<\/p>\n<td width=\"308\" class=\"text1noticias\">&#13;<br \/>\n        ______________________________<br \/>&#13;<br \/>\n        Guillermo Z\u00fa\u00f1iga<br \/>&#13;<br \/>\n        Presidente del COSEFIM\u00a0 y Ministro de Hacienda de Costa Rica <\/td>\n<p>&#13;<\/p>\n<td width=\"300\">\n<p align=\"center\" class=\"text1noticias\">____________________________<br \/>&#13;<br \/>\n          William Handal<br \/>&#13;<br \/>\n        Vicepresidente del COSEFIM y    Ministro de Hacienda de El Salvador<\/p>\n<\/td>\n<p>&#13;<br \/>\n    <\/tr>\n<p>&#13;<\/p>\n<tr>&#13;<\/p>\n<td width=\"308\">\n<p align=\"center\">\u00a0<\/p>\n<p>&#13;<\/p>\n<p align=\"center\" class=\"text1noticias\">________________________________<br \/>&#13;<br \/>\n          Vicente Bengoa<br \/>&#13;<br \/>\n          Secretario de Estado de    Hacienda de Rep\u00fablica Dominicana<\/p>\n<\/td>\n<p>&#13;<\/p>\n<td width=\"300\">\n<p align=\"center\" class=\"text1noticias\">_______________________________<br \/>&#13;<br \/>\n          Rebeca Santos<br \/>&#13;<br \/>\n        Ministra de Finanzas de    Honduras<\/p>\n<\/td>\n<p>&#13;<br \/>\n    <\/tr>\n<p>&#13;<\/p>\n<tr>&#13;<\/p>\n<td width=\"308\">\n<p>\u00a0<\/p>\n<p>&#13;<\/p>\n<p class=\"text1noticias\">_________________________________<br \/>&#13;<br \/>\n          Alberto Guevara<br \/>&#13;<br \/>\n          Ministro de Hacienda y    Cr\u00e9dito P\u00fablico de Nicaragua<\/p>\n<\/td>\n<p>&#13;<\/p>\n<td width=\"300\">\n<p>\u00a0<\/p>\n<p>&#13;<\/p>\n<p class=\"text1noticias\">_________________________________<br \/>&#13;<br \/>\n  H\u00e9ctor Alexander H.<br \/>&#13;<br \/>\n  Ministerio de Econom\u00eda y    Finanzas de Panam\u00e1<\/p>\n<\/td>\n<p>&#13;<br \/>\n    <\/tr>\n<p>&#13;<\/p>\n<tr>&#13;<\/p>\n<td width=\"608\" colspan=\"2\">\n<p align=\"center\">\u00a0<\/p>\n<p>&#13;<\/p>\n<p align=\"center\" class=\"text1noticias\">_______________________________<br \/>&#13;<br \/>\n  Mefi E. Rodr\u00edguez G.<br \/>&#13;<br \/>\n  Ministro de Finanzas    P\u00fablicas de Guatemala<\/p>\n<\/td>\n<p>&#13;<br \/>\n    <\/tr>\n<p>&#13;<br \/>\n  <\/table>\n<p>&#13;\n<\/p><\/div>\n<p>&#13;<\/p>\n<h6> 2007-10-24 15:09:57 <\/h6>\n<p><!--\n<link rel=\"stylesheet\" href=\"css\/bootstrap.min.css\">\n\n\n<ul class=\"pagination\">\n\t    \n\t\n\n<li >\n\t<a href='?page_no=28494'>Previous<\/a>\n\t<\/li>\n\n\n       \n    \n\n<li><a href='?page_no=1'>1<\/a><\/li>\n\n\n\n<li><a href='?page_no=2'>2<\/a><\/li>\n\n\n\n<li><a>...<\/a><\/li>\n\n\n\n<li><a href='?page_no=28493'>28493<\/a><\/li>\n\n\n\n<li><a href='?page_no=28494'>28494<\/a><\/li>\n\n\n\n<li class='active'><a>28495<\/a><\/li>\n\n\n\n<li><a href='?page_no=28496'>28496<\/a><\/li>\n\n\n\n<li><a href='?page_no=28497'>28497<\/a><\/li>\n\n\n\n<li><a>...<\/a><\/li>\n\n\n\n<li><a href='?page_no=30472'>30472<\/a><\/li>\n\n\n\n<li><a href='?page_no=30473'>30473<\/a><\/li>\n\n    \n\t\n\n<li >\n\t<a href='?page_no=28496'>Next<\/a>\n\t<\/li>\n\n\n    \n\n<li><a href='?page_no=30473'>Last &rsaquo;&rsaquo;<\/a><\/li>\n\n<\/ul>\n\n\n--><br \/>\n<\/body><\/p>\n","protected":false},"excerpt":{"rendered":"<p>Ministros de Hacienda y Finanzas firman convenio para crear fiscalizaci\u00f3n internacional &#13; WASHINGTON, DC.- Los ministros de Hacienda y Finanzas de Centroam\u00e9rica y Rep\u00fablica Dominicana firmaron aqu\u00ed un convenio para crear en sus pa\u00edses unidades de fiscalizaci\u00f3n internacional, con la finalidad de contrarrestar lo que se conoce como el fraude derivado de la vinculaci\u00f3n entre [&hellip;]<\/p>\n","protected":false},"author":3,"featured_media":0,"comment_status":"open","ping_status":"open","sticky":false,"template":"","format":"standard","meta":{"footnotes":""},"categories":[18],"tags":[],"class_list":["post-122615","post","type-post","status-publish","format-standard","hentry","category-economia"],"_links":{"self":[{"href":"https:\/\/diariodominicano.com\/index.php?rest_route=\/wp\/v2\/posts\/122615","targetHints":{"allow":["GET"]}}],"collection":[{"href":"https:\/\/diariodominicano.com\/index.php?rest_route=\/wp\/v2\/posts"}],"about":[{"href":"https:\/\/diariodominicano.com\/index.php?rest_route=\/wp\/v2\/types\/post"}],"author":[{"embeddable":true,"href":"https:\/\/diariodominicano.com\/index.php?rest_route=\/wp\/v2\/users\/3"}],"replies":[{"embeddable":true,"href":"https:\/\/diariodominicano.com\/index.php?rest_route=%2Fwp%2Fv2%2Fcomments&post=122615"}],"version-history":[{"count":0,"href":"https:\/\/diariodominicano.com\/index.php?rest_route=\/wp\/v2\/posts\/122615\/revisions"}],"wp:attachment":[{"href":"https:\/\/diariodominicano.com\/index.php?rest_route=%2Fwp%2Fv2%2Fmedia&parent=122615"}],"wp:term":[{"taxonomy":"category","embeddable":true,"href":"https:\/\/diariodominicano.com\/index.php?rest_route=%2Fwp%2Fv2%2Fcategories&post=122615"},{"taxonomy":"post_tag","embeddable":true,"href":"https:\/\/diariodominicano.com\/index.php?rest_route=%2Fwp%2Fv2%2Ftags&post=122615"}],"curies":[{"name":"wp","href":"https:\/\/api.w.org\/{rel}","templated":true}]}}