{"id":122614,"date":"2007-10-24T15:15:32","date_gmt":"2007-10-24T15:15:32","guid":{"rendered":"http:\/\/diariodominicano.ddns.net\/?p=122614"},"modified":"2007-10-24T15:15:32","modified_gmt":"2007-10-24T15:15:32","slug":"van-der-horst-alvarez-aboga-por-promover-cultura-exportadora-para-enfrentar-aumento-del-petroleo","status":"publish","type":"post","link":"https:\/\/diariodominicano.com\/?p=122614","title":{"rendered":"Van der Horst \u00c1lvarez Aboga por promover cultura exportadora para enfrentar aumento del petr\u00f3leo"},"content":{"rendered":"<p><body><\/p>\n<p align=\"justify\" class=\"titulogrande1\"><strong>Van der Horst \u00c1lvarez<\/strong> <strong>Aboga por promover cultura exportadora para enfrentar aumento del  petr\u00f3leo<\/strong><\/p>\n<p>&#13;<\/p>\n<p align=\"justify\" class=\"text1noticias\"><strong>Santo  Domingo.-<\/strong> La manera m\u00e1s sostenible de enfrentar el aumento del precio del  petr\u00f3leo es incentivando una cultura exportadora que permita al pa\u00eds generar las  divisas que permitir\u00e1n mantener un crecimiento de la econom\u00eda y solventar una  factura petrolera cada d\u00eda m\u00e1s cara, seg\u00fan consider Andr\u00e9s van der Horst \u00c1lvarez, director ejecutivo del Consejo  Nacional de Competitividad.<\/p>\n<p>&#13;<\/p>\n<p align=\"justify\" class=\"text1noticias\">Expresa que adem\u00e1s de tener un plan de ahorro  de energ\u00eda y de promover fuentes alternas, \u201cla  medida m\u00e1s sostenida de enfrentar los precios del petr\u00f3leo es la exportaci\u00f3n. <br \/>&#13;<br \/>\n  <br \/>&#13;<br \/>\n  Asumir  una cultura de exportaci\u00f3n y\u00a0 convertimos  en un pa\u00eds eminentemente exportador, ser\u00e1 la v\u00eda para lograr de manera  eficiente y sostenible el crecimiento con un precio del petr\u00f3leo que casi llega  a cien d\u00f3lares\u201d. <br \/>&#13;<br \/>\n  <br \/>&#13;<br \/>\n  Reconoce que \u201ccambiar toda esta estructura productiva  de energ\u00eda a una estructura productiva de energ\u00eda no convencional, renovable en  un pa\u00eds como el nuestro, va a durar 50 \u00f3 60 a\u00f1os. Es por esto que hay que  pensar c\u00f3mo vamos a solucionar el problema a mediano y en el largo plazo,  hablando de cinco o diez a\u00f1os, para que nuestros hijos no tengan ese problema\u201d.<br \/>&#13;<br \/>\n  <br \/>&#13;<br \/>\n  La  semana pasada el petr\u00f3leo lleg\u00f3 a cotizarse al r\u00e9cord de 90 d\u00f3lares con siete  centavos y cerr\u00f3 el viernes pasado a 88 con 60. Sin embargo analistas del  mercado internacional auguran que el carburante podr\u00eda llegar a los cien  d\u00f3lares. Rep\u00fablica Dominicana consume diariamente 110 mil barriles de petr\u00f3leo, con  una factura anual que sobrepasa los 13 mil millones de d\u00f3lares.<\/p>\n<p>&#13;<\/p>\n<p align=\"justify\" class=\"text1noticias\">Van der Horst \u00c1lvarez entiende que esa situaci\u00f3n  es insostenible para el pa\u00eds, sino impulsamos la generaci\u00f3n de divisas a trav\u00e9s  del incentivo de las exportaciones de bienes y servicios.<\/p>\n<p>&#13;<\/p>\n<p align=\"justify\" class=\"text1noticias\">\u201cPara mantener un  crecimiento sostenido de un 7% para los pr\u00f3ximos 10 a\u00f1os y as\u00ed duplicar el  ingreso per c\u00e1pita sin descuidar el desarrollo humano, tenemos que duplicar  nuestras exportaciones y garantizar la sostenibilidad de nuestra balanza de  pago\u201d, asegur\u00f3.<br \/>&#13;<br \/>\n  <br \/>&#13;<br \/>\n  Entiende que impulsar las exportaciones en este  momento \u201ces la \u00fanica manera de que en el mediano plazo podamos paliar esta  amenaza\u201d. Insisti\u00f3 en que \u201csi vemos los casos de los pa\u00edses similares a los  nuestros dependientes netos de petr\u00f3leo, han podido cambiar su perfil  energ\u00e9tico en un espacio relativamente largo, pero su balanza comercial les  permite crecer de manera competitiva porque promueven sus exportaciones con  pol\u00edticas e incentivos a la inversi\u00f3n para el desarrollo productivo y la  exportaci\u00f3n\u201d.<br \/>&#13;<br \/>\n  <br \/>&#13;<br \/>\n  Consider\u00f3 que es muy importante que el Congreso apruebe cuanto antes la Ley de Competitividad  Industrial, que es un instrumento que propicia una cultura exportadora de cara  al DRCAFTA y que a diferencia de la legislaci\u00f3n que actualmente rige a las industrias  nacionales, crea las base para una nueva industria dirigida a las exportaciones  sobre todo para la peque\u00f1a y mediana empresa.<\/p>\n<p>&#13;<\/p>\n<h6> 2007-10-24 15:15:32 <\/h6>\n<p><!--\n<link rel=\"stylesheet\" href=\"css\/bootstrap.min.css\">\n\n\n<ul class=\"pagination\">\n\t    \n\t\n\n<li >\n\t<a href='?page_no=28493'>Previous<\/a>\n\t<\/li>\n\n\n       \n    \n\n<li><a href='?page_no=1'>1<\/a><\/li>\n\n\n\n<li><a href='?page_no=2'>2<\/a><\/li>\n\n\n\n<li><a>...<\/a><\/li>\n\n\n\n<li><a href='?page_no=28492'>28492<\/a><\/li>\n\n\n\n<li><a href='?page_no=28493'>28493<\/a><\/li>\n\n\n\n<li class='active'><a>28494<\/a><\/li>\n\n\n\n<li><a href='?page_no=28495'>28495<\/a><\/li>\n\n\n\n<li><a href='?page_no=28496'>28496<\/a><\/li>\n\n\n\n<li><a>...<\/a><\/li>\n\n\n\n<li><a href='?page_no=30472'>30472<\/a><\/li>\n\n\n\n<li><a href='?page_no=30473'>30473<\/a><\/li>\n\n    \n\t\n\n<li >\n\t<a href='?page_no=28495'>Next<\/a>\n\t<\/li>\n\n\n    \n\n<li><a href='?page_no=30473'>Last &rsaquo;&rsaquo;<\/a><\/li>\n\n<\/ul>\n\n\n--><br \/>\n<\/body><\/p>\n","protected":false},"excerpt":{"rendered":"<p>Van der Horst \u00c1lvarez Aboga por promover cultura exportadora para enfrentar aumento del petr\u00f3leo &#13; Santo Domingo.- La manera m\u00e1s sostenible de enfrentar el aumento del precio del petr\u00f3leo es incentivando una cultura exportadora que permita al pa\u00eds generar las divisas que permitir\u00e1n mantener un crecimiento de la econom\u00eda y solventar una factura petrolera cada [&hellip;]<\/p>\n","protected":false},"author":3,"featured_media":0,"comment_status":"open","ping_status":"open","sticky":false,"template":"","format":"standard","meta":{"footnotes":""},"categories":[18],"tags":[],"class_list":["post-122614","post","type-post","status-publish","format-standard","hentry","category-economia"],"_links":{"self":[{"href":"https:\/\/diariodominicano.com\/index.php?rest_route=\/wp\/v2\/posts\/122614","targetHints":{"allow":["GET"]}}],"collection":[{"href":"https:\/\/diariodominicano.com\/index.php?rest_route=\/wp\/v2\/posts"}],"about":[{"href":"https:\/\/diariodominicano.com\/index.php?rest_route=\/wp\/v2\/types\/post"}],"author":[{"embeddable":true,"href":"https:\/\/diariodominicano.com\/index.php?rest_route=\/wp\/v2\/users\/3"}],"replies":[{"embeddable":true,"href":"https:\/\/diariodominicano.com\/index.php?rest_route=%2Fwp%2Fv2%2Fcomments&post=122614"}],"version-history":[{"count":0,"href":"https:\/\/diariodominicano.com\/index.php?rest_route=\/wp\/v2\/posts\/122614\/revisions"}],"wp:attachment":[{"href":"https:\/\/diariodominicano.com\/index.php?rest_route=%2Fwp%2Fv2%2Fmedia&parent=122614"}],"wp:term":[{"taxonomy":"category","embeddable":true,"href":"https:\/\/diariodominicano.com\/index.php?rest_route=%2Fwp%2Fv2%2Fcategories&post=122614"},{"taxonomy":"post_tag","embeddable":true,"href":"https:\/\/diariodominicano.com\/index.php?rest_route=%2Fwp%2Fv2%2Ftags&post=122614"}],"curies":[{"name":"wp","href":"https:\/\/api.w.org\/{rel}","templated":true}]}}