{"id":122613,"date":"2007-10-24T18:49:19","date_gmt":"2007-10-24T18:49:19","guid":{"rendered":"http:\/\/diariodominicano.ddns.net\/?p=122613"},"modified":"2007-10-24T18:49:19","modified_gmt":"2007-10-24T18:49:19","slug":"valdez-albizu-revela-economia-crece-8-2","status":"publish","type":"post","link":"https:\/\/diariodominicano.com\/?p=122613","title":{"rendered":"Valdez Albizu revela econom\u00eda crece 8.2%"},"content":{"rendered":"<p><body><\/p>\n<p align=\"justify\"><strong class=\"titulogrande1\">Valdez Albizu revela econom\u00eda crece 8.2%<\/strong><br \/>&#13;<br \/>\n  <br \/>&#13;<br \/>\n    <strong>Afirm\u00f3 que ese  \u201csatisfactorio comportamiento se ha traducido en una reducci\u00f3n sustancial de la  tasa de desempleo y en la creaci\u00f3n de unos 345,000 nuevos empleos en la  presente gesti\u00f3n\u201d.<\/strong> <br \/>&#13;<br \/>\n    <br \/>&#13;<br \/>\n    <span class=\"text1noticias\"><strong>SANTO DOMINGO.-<\/strong> El gobernador del Banco  Central, licenicado H\u00e9ctor Valdez Albizu, inform\u00f3 ayer que la econom\u00eda  dominicana creci\u00f3 en 8.2% en el peri\u00f3do enero-septiembre del presente a\u00f1o.<br \/>&#13;<br \/>\n    <br \/>&#13;<br \/>\n    Al pronunciar el discurso de rigor con motivo  de la celebraci\u00f3n del 60 Anversario del Banco Central, Valdez Albizu afirm\u00f3 que  ese \u201csatisfactorio comportamiento se ha traducido en una reducci\u00f3n sustancial  de la tasa de desempleo y en la creaci\u00f3n de unos 345,000 nuevos empleos en la  presente gesti\u00f3n\u201d. <br \/>&#13;<br \/>\n    <br \/>&#13;<br \/>\n    Dijo que la proyecci\u00f3n de cierre para el  presente a\u00f1o es de una tasa de crecimiento econ\u00f3mico de 8.0 %.<br \/>&#13;<br \/>\n    <br \/>&#13;<br \/>\n    Tambi\u00e9n inform\u00f3 que el resultado de la  inflaci\u00f3n acumulada enero-septiembre fue de 5.25%,\u00a0 \u201crevelador de la  eficacia de la pol\u00edtica monetaria actual en el control de la inflaci\u00f3n, a pesar  del panorama internacional adverso caracterizado principalmente por los altos  precios internacionales del petr\u00f3leo, que en enero-septiembre explican el 45.3%  del incremento de los precios internos\u201d.<br \/>&#13;<br \/>\n    <br \/>&#13;<br \/>\n    Valdez Albizu inform\u00f3 tambi\u00e9n que a septiembre  de este a\u00f1o, ha ingresado al pa\u00eds alrededor de US$1,111.2 millones por concepto  de inversi\u00f3n extranjera directa, US$2,089.7 millones por remesas \u2013para un  incremento del 7.4% con relaci\u00f3n al mismo per\u00edodo en el 2006.<br \/>&#13;<br \/>\n    <br \/>&#13;<br \/>\n    Adem\u00e1s, dijo que se registr\u00f3 \u201dun  extraordinario crecimiento de las exportaciones nacionales, que se situaban a  la fecha indicada en US$1,954.0 millones, es decir US$525.7 millones m\u00e1s que a  septiembre del 2006, para un significativo aumento en t\u00e9rminos porcentuales de  un 36.8%, proyect\u00e1ndose que las mismas alcanzar\u00edan la cifra r\u00e9cord de  US$2,500.0 millones al cierre del presente a\u00f1o\u201d.\u00a0\u00a0 <br \/>&#13;<br \/>\n    <br \/>&#13;<br \/>\n    Comunic\u00f3 que las reservas brutas del Banco  Central pasaron de US$2,250.9 millones al cierre de 2006, a US$2,970.5 millones  al 18 de octubre del presente a\u00f1o; es decir, se ha registrado un incremento de  US$719.6 millones.<br \/>&#13;<br \/>\n    <br \/>&#13;<br \/>\n    <strong>Por MARIO M\u00c9NDEZ\/Hoy<\/strong> <\/span><\/p>\n<p>&#13;<\/p>\n<h6> 2007-10-24 18:49:19 <\/h6>\n<p><!--\n<link rel=\"stylesheet\" href=\"css\/bootstrap.min.css\">\n\n\n<ul class=\"pagination\">\n\t    \n\t\n\n<li >\n\t<a href='?page_no=28492'>Previous<\/a>\n\t<\/li>\n\n\n       \n    \n\n<li><a href='?page_no=1'>1<\/a><\/li>\n\n\n\n<li><a href='?page_no=2'>2<\/a><\/li>\n\n\n\n<li><a>...<\/a><\/li>\n\n\n\n<li><a href='?page_no=28491'>28491<\/a><\/li>\n\n\n\n<li><a href='?page_no=28492'>28492<\/a><\/li>\n\n\n\n<li class='active'><a>28493<\/a><\/li>\n\n\n\n<li><a href='?page_no=28494'>28494<\/a><\/li>\n\n\n\n<li><a href='?page_no=28495'>28495<\/a><\/li>\n\n\n\n<li><a>...<\/a><\/li>\n\n\n\n<li><a href='?page_no=30472'>30472<\/a><\/li>\n\n\n\n<li><a href='?page_no=30473'>30473<\/a><\/li>\n\n    \n\t\n\n<li >\n\t<a href='?page_no=28494'>Next<\/a>\n\t<\/li>\n\n\n    \n\n<li><a href='?page_no=30473'>Last &rsaquo;&rsaquo;<\/a><\/li>\n\n<\/ul>\n\n\n--><br \/>\n<\/body><\/p>\n","protected":false},"excerpt":{"rendered":"<p>Valdez Albizu revela econom\u00eda crece 8.2%&#13; &#13; Afirm\u00f3 que ese \u201csatisfactorio comportamiento se ha traducido en una reducci\u00f3n sustancial de la tasa de desempleo y en la creaci\u00f3n de unos 345,000 nuevos empleos en la presente gesti\u00f3n\u201d. &#13; &#13; SANTO DOMINGO.- El gobernador del Banco Central, licenicado H\u00e9ctor Valdez Albizu, inform\u00f3 ayer que la econom\u00eda [&hellip;]<\/p>\n","protected":false},"author":3,"featured_media":0,"comment_status":"open","ping_status":"open","sticky":false,"template":"","format":"standard","meta":{"footnotes":""},"categories":[18],"tags":[],"class_list":["post-122613","post","type-post","status-publish","format-standard","hentry","category-economia"],"_links":{"self":[{"href":"https:\/\/diariodominicano.com\/index.php?rest_route=\/wp\/v2\/posts\/122613","targetHints":{"allow":["GET"]}}],"collection":[{"href":"https:\/\/diariodominicano.com\/index.php?rest_route=\/wp\/v2\/posts"}],"about":[{"href":"https:\/\/diariodominicano.com\/index.php?rest_route=\/wp\/v2\/types\/post"}],"author":[{"embeddable":true,"href":"https:\/\/diariodominicano.com\/index.php?rest_route=\/wp\/v2\/users\/3"}],"replies":[{"embeddable":true,"href":"https:\/\/diariodominicano.com\/index.php?rest_route=%2Fwp%2Fv2%2Fcomments&post=122613"}],"version-history":[{"count":0,"href":"https:\/\/diariodominicano.com\/index.php?rest_route=\/wp\/v2\/posts\/122613\/revisions"}],"wp:attachment":[{"href":"https:\/\/diariodominicano.com\/index.php?rest_route=%2Fwp%2Fv2%2Fmedia&parent=122613"}],"wp:term":[{"taxonomy":"category","embeddable":true,"href":"https:\/\/diariodominicano.com\/index.php?rest_route=%2Fwp%2Fv2%2Fcategories&post=122613"},{"taxonomy":"post_tag","embeddable":true,"href":"https:\/\/diariodominicano.com\/index.php?rest_route=%2Fwp%2Fv2%2Ftags&post=122613"}],"curies":[{"name":"wp","href":"https:\/\/api.w.org\/{rel}","templated":true}]}}