{"id":122612,"date":"2007-10-25T02:05:33","date_gmt":"2007-10-25T02:05:33","guid":{"rendered":"http:\/\/diariodominicano.ddns.net\/?p=122612"},"modified":"2007-10-25T02:05:33","modified_gmt":"2007-10-25T02:05:33","slug":"productores-de-huevos-califican-de-insensata-e-inoportuna-la-demanda-de-asohuevos","status":"publish","type":"post","link":"https:\/\/diariodominicano.com\/?p=122612","title":{"rendered":"Productores de huevos califican de insensata e inoportuna la demanda de Asohuevos"},"content":{"rendered":"<p><body><\/p>\n<p align=\"justify\"><span class=\"titulogrande1\">Productores  de huevos califican de insensata e inoportuna la demanda de Asohuevos<\/span><br \/>&#13;<br \/>\n    <strong>\u00a0<\/strong><br \/>&#13;<br \/>\n    <span class=\"text1noticias\"><strong><img loading=\"lazy\" decoding=\"async\" src=\"http:\/\/localhost:8080\/economia\/pictures\/hueveros.jpg\" width=\"269\" height=\"364\" hspace=\"4\" align=\"left\" \/>SANTO DOMINGO<\/strong>.- M\u00e1s de veinte  productores consideraron de insensato\u00a0 e  inoportuno el llamado a una marcha\u00a0 hecha  por la Asociaci\u00f3n  de Productores de Huevos (Asohuevos), al considerar que el problema que afecta  al sector fue provocado por los propios avicultores.<br \/>&#13;<br \/>\n\u00a0\u00a0\u00a0\u00a0\u00a0\u00a0\u00a0 <br \/>&#13;<br \/>\nRechazaron que haya  contrabando de gallinas y pollitas\u00a0  ponedoras\u00a0 alegadamente afectadas  de una supuesta enfermedad\u00a0 que podr\u00eda  incidir negativamente en el sector av\u00edcola nacional. <br \/>&#13;<br \/>\n\u00a0\u00a0\u00a0\u00a0\u00a0\u00a0\u00a0 <br \/>&#13;<br \/>\nCalificaron de insensata  e inoportuna\u00a0 la marcha convocada por  Asohuevos\u00a0 hacia la sede de la Secretar\u00eda de  Agricultura en protesta por algo que no ha ocurrido.<br \/>&#13;<br \/>\n\u00a0\u00a0\u00a0\u00a0\u00a0\u00a0\u00a0 <br \/>&#13;<br \/>\nLos voceros de los  productores. V\u00edctor Abreu, Norberto Caraballo y\u00a0  Esteban Ferreiras consideraron  que no hay motivos para una confrontaci\u00f3n con las autoridades que tienen que  ver con el sector av\u00edcola, pues no son responsables de los problemas que  afectan al sector.<br \/>&#13;<br \/>\n\u00a0\u00a0\u00a0\u00a0\u00a0\u00a0\u00a0 <br \/>&#13;<br \/>\nAbreu,\u00a0 de la empresa Hermanos Abreu, dijo que en  todo momento los productores se han llevado bien y han recibido el apoyo  de\u00a0\u00a0 las actuales autoridades agr\u00edcolas,  encabezadas por el secretario Salvador (Ch\u00edo)\u00a0  Jim\u00e9nez, quienes en todo momento han buscado soluciones a los problemas  del sector.<br \/>&#13;<br \/>\n\u00a0\u00a0\u00a0\u00a0\u00a0\u00a0\u00a0 <br \/>&#13;<br \/>\nConsider\u00f3 que debe  prevalecer el di\u00e1logo y la\u00a0 concertaci\u00f3n  entre los productores y el Gobierno, para reglamentar la producci\u00f3n\u00a0 av\u00edcola y\u00a0  lograr la eficiencia, cantidad, calidad y rentabilidad.<br \/>&#13;<br \/>\n\u00a0\u00a0\u00a0\u00a0\u00a0\u00a0\u00a0 <br \/>&#13;<br \/>\nAbreu confirm\u00f3 que las  pollitas son\u00a0 de producci\u00f3n local y no  est\u00e1n\u00a0 contabilizadas, ni  reglamentadas\u00a0 por Asohuevos, por lo no  existe ninguna irregularidad en su producci\u00f3n y comercializaci\u00f3n.<br \/>&#13;<br \/>\n\u00a0\u00a0\u00a0\u00a0\u00a0\u00a0\u00a0 <br \/>&#13;<br \/>\nDe su lado\u00a0 Caraballo, productor av\u00edcola de Santiago  explic\u00f3 que son los mismos productores quienes venden las pollitas y los huevos  f\u00e9rtiles, los cuales no son importados, si no que se producen en nuestras  granjas e incubadoras.<br \/>&#13;<br \/>\n\u00a0\u00a0\u00a0\u00a0\u00a0\u00a0\u00a0 <br \/>&#13;<br \/>\nRecord\u00f3 Caraballo que en  el a\u00f1o 2004 hab\u00eda una poblaci\u00f3n\u00a0 de 58  mil reproductoras livianas en manos de ocho productores, mientras que hoy\u00a0 existen 53 mil\u00a0 reproductoras en manos de\u00a0 diez\u00a0  productores, cinco mil menos que en ese per\u00edodo y se est\u00e1 produciendo\u00a0 la misma cantidad, de lo que se desprende que  los productores son m\u00e1s eficientes, porque se est\u00e1 produciendo la misma  cantidad de pollitas, con menor\u00a0 cantidad  de reproductoras livianas\u00a0 y el volumen  de huevos es mayor.<br \/>&#13;<br \/>\n\u00a0\u00a0\u00a0\u00a0\u00a0\u00a0\u00a0 <br \/>&#13;<br \/>\nEn tanto Esteban  Ferreiras, productor av\u00edcola del Cibao,\u00a0  expres\u00f3 que las autoridades agr\u00edcolas siempre han estado abiertas al  di\u00e1logo y la concertaci\u00f3n, para buscar soluci\u00f3n a los problemas, sin afectar a  uno u otro sector.<br \/>&#13;<br \/>\n\u00a0\u00a0\u00a0\u00a0\u00a0\u00a0\u00a0 <br \/>&#13;<br \/>\nFerreiras consider\u00f3 que  es una insensatez de los dirigentes de Asohuevos realizar una marcha, cuando en  realidad no son las autoridades las culpables, sino los mismos due\u00f1os de las  reproductoras quienes venden las pollitas y los huevos f\u00e9rtiles.<br \/>&#13;<br \/>\n\u00a0\u00a0\u00a0\u00a0\u00a0\u00a0\u00a0 <br \/>&#13;<br \/>\nLos productores av\u00edcolas  hablaron en esos t\u00e9rminos al participar en una rueda de prensa junto a Jim\u00e9nez,  el director general de Ganader\u00eda, Angel Faxas, el subsecretario de Producci\u00f3n  de Agricultura, Antonio Manuel Camilo y otros funcionarios\u00a0 y productores.<br \/>&#13;<br \/>\n\u00a0\u00a0\u00a0\u00a0\u00a0\u00a0\u00a0 <br \/>&#13;<br \/>\n  En una nota informativa,  Agricultura establece:<br \/>&#13;<br \/>\n  <br \/>&#13;<br \/>\n  \u201cEsta  Secretar\u00eda de Estado de Agricultura, ante la denuncia p\u00fablica\u00a0 hecha por la Asociaci\u00f3n Nacional  de Productores de Huevos (Asohuevos) relativa\u00a0 a\u00a0 la aparici\u00f3n de lotes de gallinas y pollitas  ponedoras,\u00a0 que alegadamente\u00a0 se han originado mediante contrabandos,\u00a0 y\u00a0 que  se encontraban afectadas de una enfermedad que podr\u00eda incidir negativamente en  el desarrollo del sector av\u00edcola nacional.<br \/>&#13;<br \/>\n<br \/>&#13;<br \/>\n En inter\u00e9s de informar adecuadamente a  la opini\u00f3n p\u00fablica nacional, especialmente a los avicultores nacionales,\u00a0 hemos querido darles a conocer la real y  verdadera situaci\u00f3n por la que atraviesa el sector huevo, as\u00ed como\u00a0 los resultados de las investigaciones  t\u00e9cnicas realizadas por especialistas de la Direcci\u00f3n General  de Ganader\u00eda (DIGEGA) de esta Secretar\u00eda de Estado de Agricultura.<br \/>&#13;<br \/>\n<br \/>&#13;<br \/>\n Previo a la exposici\u00f3n de los datos que  arrojaron las investigaciones t\u00e9cnicas, queremos hacer de conocimiento p\u00fablico  que el Secretario de Estado de Agricultura, Ingeniero Salvador Jim\u00e9nez, convoc\u00f3 para las 10:00 de la ma\u00f1ana del lunes 22 de  octubre, a los directivos de ASOHUEVOS, quienes no acudieron a la invitaci\u00f3n  cursada, la cual ten\u00eda como objetivo principal dar directamente a esa entidad  los resultados de las investigaciones solicitadas y las posibles medidas a ser  tomadas en consenso con el prop\u00f3sito de solucionar la situaci\u00f3n denunciada.<br \/>&#13;<br \/>\n<br \/>&#13;<br \/>\n Aprovechamos esta ocasi\u00f3n para hacer de  conocimiento a la opini\u00f3n p\u00fablica nacional que tanto Agricultura como la DIGEGA han estado y estar\u00e1n  abiertos al di\u00e1logo, franco y respetuoso, con los distintos sectores que  intervienen en la producci\u00f3n agropecuaria nacional, pues solamente junto a los  productores nacionales es que dispondremos de las alternativas m\u00e1s viables,  confiables y efectivas, siempre en procura del fortalecimiento de los sectores  productivos del pa\u00eds, en este caso, de los productores de huevos.<br \/>&#13;<br \/>\n<br \/>&#13;<br \/>\n Asimismo, queremos se\u00f1alar que nos  preocupa\u00a0 la actitud tomada por la  directiva de ASOHUEVOS, pues en todo momento\u00a0  la SEA\u00a0 ha estado en\u00a0\u00a0  disposici\u00f3n de ir a la   Mesa del Di\u00e1logo para la b\u00fasqueda de soluciones arm\u00f3nicas y  consensuadas entre las partes.<br \/>&#13;<br \/>\n<br \/>&#13;<br \/>\n En consecuencia, exhortamos a los  productores de huevos a que se acerquen a esta Secretar\u00eda de Estado de  Agricultura para que elaboremos una agenda de trabajo,\u00a0 y juntos planteemos nuestros puntos de vista  y procuremos soluciones que contribuyan al fortalecimiento de este importante  sector productivo.<br \/>&#13;<br \/>\n<br \/>&#13;<br \/>\nComo  resultado de las indagaciones e investigaciones realizadas, sobre la denuncia  de ASOHUEVOS, se determin\u00f3 lo siguiente:<\/span><\/p>\n<p>&#13;<\/p>\n<div align=\"justify\">&#13;<\/p>\n<ul>&#13;<\/p>\n<li class=\"text1noticias\">-Ninguna  de las instituciones p\u00fablicas que tienen que ver con el sector av\u00edcola  nacional, enti\u00e9ndase la SEA  y la DIGEGA,  han otorgado permiso alguno para la importaci\u00f3n de huevos f\u00e9rtiles de pollitas  ponedoras, como tampoco de pollitas ponedoras ni de reproductoras livianas. <br \/>&#13;<br \/>\n      <br \/>&#13;\n    <\/li>\n<p>&#13;<\/p>\n<li class=\"text1noticias\">-En  atenci\u00f3n a la denuncia, t\u00e9cnicos de la DIGEGA realizaron muestreos en las zonas  productoras de huevos, con la finalidad de determinar el status sanitario de  las aves, procediendo al env\u00edo de las muestras tomadas al Laboratorio  Veterinario Central (LAVECEN), organismo que determin\u00f3\u00a0 que las pollitas  tienen excelentes condiciones sanitarias. <br \/>&#13;<br \/>\n      <br \/>&#13;\n    <\/li>\n<p>&#13;<\/p>\n<li class=\"text1noticias\">-Con  relaci\u00f3n a las apariciones de lotes de pollitas y gallinas ponedoras, se ha  determinado que\u00a0 fueron obtenidas dentro  del mismo sistema productivo nacional. <\/li>\n<p>&#13;\n  <\/ul>\n<p>&#13;<br \/>\n  <span class=\"text1noticias\">Finalmente, queremos  recomendar a los Directivos de ASOHUEVOS que juntos procedamos a buscar una  salida a la situaci\u00f3n actual, para as\u00ed tomar las medidas que m\u00e1s convengan al  sector productor de huevos. En caso de que la Directiva de ASOHUEVOS  mantenga esta actitud de no reunirse con el sector oficial, podr\u00edamos pensar  que dicha denuncia y los actos programados para sostener la misma, tienen otro  matiz que no es el de buscar soluciones comunes para garantizar el  fortalecimiento de este importante sector productivo nacional\u201d. \u00a0 \u00a0<\/span><\/div>\n<p>&#13;<\/p>\n<h6> 2007-10-25 02:05:33 <\/h6>\n<p><!--\n<link rel=\"stylesheet\" href=\"css\/bootstrap.min.css\">\n\n\n<ul class=\"pagination\">\n\t    \n\t\n\n<li >\n\t<a href='?page_no=28491'>Previous<\/a>\n\t<\/li>\n\n\n       \n    \n\n<li><a href='?page_no=1'>1<\/a><\/li>\n\n\n\n<li><a href='?page_no=2'>2<\/a><\/li>\n\n\n\n<li><a>...<\/a><\/li>\n\n\n\n<li><a href='?page_no=28490'>28490<\/a><\/li>\n\n\n\n<li><a href='?page_no=28491'>28491<\/a><\/li>\n\n\n\n<li class='active'><a>28492<\/a><\/li>\n\n\n\n<li><a href='?page_no=28493'>28493<\/a><\/li>\n\n\n\n<li><a href='?page_no=28494'>28494<\/a><\/li>\n\n\n\n<li><a>...<\/a><\/li>\n\n\n\n<li><a href='?page_no=30472'>30472<\/a><\/li>\n\n\n\n<li><a href='?page_no=30473'>30473<\/a><\/li>\n\n    \n\t\n\n<li >\n\t<a href='?page_no=28493'>Next<\/a>\n\t<\/li>\n\n\n    \n\n<li><a href='?page_no=30473'>Last &rsaquo;&rsaquo;<\/a><\/li>\n\n<\/ul>\n\n\n--><br \/>\n<\/body><\/p>\n","protected":false},"excerpt":{"rendered":"<p>Productores de huevos califican de insensata e inoportuna la demanda de Asohuevos&#13; \u00a0&#13; SANTO DOMINGO.- M\u00e1s de veinte productores consideraron de insensato\u00a0 e inoportuno el llamado a una marcha\u00a0 hecha por la Asociaci\u00f3n de Productores de Huevos (Asohuevos), al considerar que el problema que afecta al sector fue provocado por los propios avicultores.&#13; \u00a0\u00a0\u00a0\u00a0\u00a0\u00a0\u00a0 &#13; [&hellip;]<\/p>\n","protected":false},"author":3,"featured_media":0,"comment_status":"open","ping_status":"open","sticky":false,"template":"","format":"standard","meta":{"footnotes":""},"categories":[18],"tags":[],"class_list":["post-122612","post","type-post","status-publish","format-standard","hentry","category-economia"],"_links":{"self":[{"href":"https:\/\/diariodominicano.com\/index.php?rest_route=\/wp\/v2\/posts\/122612","targetHints":{"allow":["GET"]}}],"collection":[{"href":"https:\/\/diariodominicano.com\/index.php?rest_route=\/wp\/v2\/posts"}],"about":[{"href":"https:\/\/diariodominicano.com\/index.php?rest_route=\/wp\/v2\/types\/post"}],"author":[{"embeddable":true,"href":"https:\/\/diariodominicano.com\/index.php?rest_route=\/wp\/v2\/users\/3"}],"replies":[{"embeddable":true,"href":"https:\/\/diariodominicano.com\/index.php?rest_route=%2Fwp%2Fv2%2Fcomments&post=122612"}],"version-history":[{"count":0,"href":"https:\/\/diariodominicano.com\/index.php?rest_route=\/wp\/v2\/posts\/122612\/revisions"}],"wp:attachment":[{"href":"https:\/\/diariodominicano.com\/index.php?rest_route=%2Fwp%2Fv2%2Fmedia&parent=122612"}],"wp:term":[{"taxonomy":"category","embeddable":true,"href":"https:\/\/diariodominicano.com\/index.php?rest_route=%2Fwp%2Fv2%2Fcategories&post=122612"},{"taxonomy":"post_tag","embeddable":true,"href":"https:\/\/diariodominicano.com\/index.php?rest_route=%2Fwp%2Fv2%2Ftags&post=122612"}],"curies":[{"name":"wp","href":"https:\/\/api.w.org\/{rel}","templated":true}]}}