{"id":122610,"date":"2007-10-27T04:08:20","date_gmt":"2007-10-27T04:08:20","guid":{"rendered":"http:\/\/diariodominicano.ddns.net\/?p=122610"},"modified":"2007-10-27T04:08:20","modified_gmt":"2007-10-27T04:08:20","slug":"alzas-del-petroleo-preocupan-al-empresariado-dominicano","status":"publish","type":"post","link":"https:\/\/diariodominicano.com\/?p=122610","title":{"rendered":"Alzas del petr\u00f3leo preocupan al empresariado dominicano"},"content":{"rendered":"<p><body><\/p>\n<p class=\"titulogrande1\">Alzas del petr\u00f3leo preocupan  al empresariado dominicano<\/p>\n<p>&#13;<\/p>\n<p align=\"justify\" class=\"text1noticias\"><strong><img loading=\"lazy\" decoding=\"async\" src=\"http:\/\/localhost:8080\/economia\/pictures\/petroleo 1.jpg\" width=\"269\" height=\"161\" hspace=\"4\" align=\"left\" \/>SANTO DOMINGO.-<\/strong> El Consejo  Nacional de la Empresa   Privada (CONEP) expres\u00f3 \u00a0su preocupaci\u00f3n ante el alza en los precios  del petr\u00f3leo, que este viernes super\u00f3 los 90 d\u00f3lares el barril.<\/p>\n<p>&#13;<\/p>\n<p align=\"justify\" class=\"text1noticias\">El Conep\u00a0\u00a0 consider\u00f3 que los aumentos tendr\u00e1n  repercusiones negativas y se har\u00e1 sentir en toda la estructura de costos de la  econom\u00eda nacional y en los principales indicadores macroecon\u00f3micos de la  naci\u00f3n.<\/p>\n<p>&#13;<\/p>\n<p align=\"justify\" class=\"text1noticias\">En una declaraci\u00f3n de prensa,  el presidente del CONEP, Lisandro Macarrulla afirm\u00f3 que esta situaci\u00f3n debe  mover a una reflexi\u00f3n profunda a toda la sociedad, ya que la \u00e9poca de la  energ\u00eda barata termin\u00f3 y que se necesitan acciones concertadas para sobrellevar  esta situaci\u00f3n.<\/p>\n<p>&#13;<\/p>\n<p align=\"justify\" class=\"text1noticias\">Agreg\u00f3 que esto se agrava por  el subsidio existente en el marcado el\u00e9ctrico y de los combustibles,  conjuntamente con el deterioro comercial arrojado en el intercambio que el pa\u00eds  sostiene, luego de la entrada en vigencia de los Tratados de Libre Comercio y  las negociaciones actualmente en curso con bloques y espacios econ\u00f3micos de  significaci\u00f3n, <\/p>\n<p>&#13;<\/p>\n<p align=\"justify\" class=\"text1noticias\">\u00abRequerimos de un  esfuerzo conjunto de voluntades de todos los dominicanos y dominicanas que haga  posible que nuestra naci\u00f3n pueda enfrentar con \u00e9xito esos retos externos,  contribuyendo cada quien a un uso racional de la energ\u00eda y de los combustibles  f\u00f3siles\u00bb, indic\u00f3 Macarrulla.<\/p>\n<p>&#13;<\/p>\n<p align=\"justify\" class=\"text1noticias\">Clam\u00f3 por la adopci\u00f3n de  pol\u00edticas p\u00fablicas c\u00f3nsonas con la dif\u00edcil situaci\u00f3n por la que atravesamos,  medidas que, a su juicio, deben adoptarse en el marco de\u00a0 la econom\u00eda de mercado en la que descansa  todo el aparato productivo nacional.<\/p>\n<p>&#13;<\/p>\n<h6> 2007-10-27 04:08:20 <\/h6>\n<p><!--\n<link rel=\"stylesheet\" href=\"css\/bootstrap.min.css\">\n\n\n<ul class=\"pagination\">\n\t    \n\t\n\n<li >\n\t<a href='?page_no=28489'>Previous<\/a>\n\t<\/li>\n\n\n       \n    \n\n<li><a href='?page_no=1'>1<\/a><\/li>\n\n\n\n<li><a href='?page_no=2'>2<\/a><\/li>\n\n\n\n<li><a>...<\/a><\/li>\n\n\n\n<li><a href='?page_no=28488'>28488<\/a><\/li>\n\n\n\n<li><a href='?page_no=28489'>28489<\/a><\/li>\n\n\n\n<li class='active'><a>28490<\/a><\/li>\n\n\n\n<li><a href='?page_no=28491'>28491<\/a><\/li>\n\n\n\n<li><a href='?page_no=28492'>28492<\/a><\/li>\n\n\n\n<li><a>...<\/a><\/li>\n\n\n\n<li><a href='?page_no=30472'>30472<\/a><\/li>\n\n\n\n<li><a href='?page_no=30473'>30473<\/a><\/li>\n\n    \n\t\n\n<li >\n\t<a href='?page_no=28491'>Next<\/a>\n\t<\/li>\n\n\n    \n\n<li><a href='?page_no=30473'>Last &rsaquo;&rsaquo;<\/a><\/li>\n\n<\/ul>\n\n\n--><br \/>\n<\/body><\/p>\n","protected":false},"excerpt":{"rendered":"<p>Alzas del petr\u00f3leo preocupan al empresariado dominicano &#13; SANTO DOMINGO.- El Consejo Nacional de la Empresa Privada (CONEP) expres\u00f3 \u00a0su preocupaci\u00f3n ante el alza en los precios del petr\u00f3leo, que este viernes super\u00f3 los 90 d\u00f3lares el barril. &#13; El Conep\u00a0\u00a0 consider\u00f3 que los aumentos tendr\u00e1n repercusiones negativas y se har\u00e1 sentir en toda la [&hellip;]<\/p>\n","protected":false},"author":3,"featured_media":0,"comment_status":"open","ping_status":"open","sticky":false,"template":"","format":"standard","meta":{"footnotes":""},"categories":[18],"tags":[],"class_list":["post-122610","post","type-post","status-publish","format-standard","hentry","category-economia"],"_links":{"self":[{"href":"https:\/\/diariodominicano.com\/index.php?rest_route=\/wp\/v2\/posts\/122610","targetHints":{"allow":["GET"]}}],"collection":[{"href":"https:\/\/diariodominicano.com\/index.php?rest_route=\/wp\/v2\/posts"}],"about":[{"href":"https:\/\/diariodominicano.com\/index.php?rest_route=\/wp\/v2\/types\/post"}],"author":[{"embeddable":true,"href":"https:\/\/diariodominicano.com\/index.php?rest_route=\/wp\/v2\/users\/3"}],"replies":[{"embeddable":true,"href":"https:\/\/diariodominicano.com\/index.php?rest_route=%2Fwp%2Fv2%2Fcomments&post=122610"}],"version-history":[{"count":0,"href":"https:\/\/diariodominicano.com\/index.php?rest_route=\/wp\/v2\/posts\/122610\/revisions"}],"wp:attachment":[{"href":"https:\/\/diariodominicano.com\/index.php?rest_route=%2Fwp%2Fv2%2Fmedia&parent=122610"}],"wp:term":[{"taxonomy":"category","embeddable":true,"href":"https:\/\/diariodominicano.com\/index.php?rest_route=%2Fwp%2Fv2%2Fcategories&post=122610"},{"taxonomy":"post_tag","embeddable":true,"href":"https:\/\/diariodominicano.com\/index.php?rest_route=%2Fwp%2Fv2%2Ftags&post=122610"}],"curies":[{"name":"wp","href":"https:\/\/api.w.org\/{rel}","templated":true}]}}