{"id":122599,"date":"2007-10-31T15:32:48","date_gmt":"2007-10-31T15:32:48","guid":{"rendered":"http:\/\/diariodominicano.ddns.net\/?p=122599"},"modified":"2007-10-31T15:32:48","modified_gmt":"2007-10-31T15:32:48","slug":"extienden-feria-del-mueble-hasta-el-domingo-11-de-noviembre","status":"publish","type":"post","link":"https:\/\/diariodominicano.com\/?p=122599","title":{"rendered":"Extienden feria del mueble hasta el domingo 11 de noviembre"},"content":{"rendered":"<p><body><\/p>\n<p class=\"titulogrande1\"><strong>Extienden feria  del mueble hasta<\/strong> <strong>el domingo 11  de noviembre<\/strong> <\/p>\n<p>&#13;<\/p>\n<p align=\"justify\"><span class=\"text1noticias\"><strong>Santo Domingo.-<\/strong> La Asociaci\u00f3n Nacional  de Industriales de Muebles, Colchones y Afines (ASONAIMCO) inform\u00f3 que extendi\u00f3  hasta el domingo 11 de noviembre la XVI Feria Nacional de Mueble, que tuvo un receso  de varios d\u00edas debido al paso de la tormenta Noel por el territorio dominicano.<\/span><\/p>\n<p>&#13;<\/p>\n<p align=\"justify\" class=\"text1noticias\"> Yury Chez, presidente de ASONAIMCO,  mostr\u00f3 su optimismo por que el\u00a0 p\u00fablico  acuda masivamente luego de la reapertura de esta exposici\u00f3n que se desarrolla  en Ciudad Ganadera, en el horario de 10 de la ma\u00f1ana a 10 de la noche.<\/p>\n<p>&#13;<\/p>\n<p align=\"justify\" class=\"text1noticias\"> En la feria se exhibe una extensa  variedad de dise\u00f1os, colores y texturas en art\u00edculos para el hogar, la oficina,  para exterior, hoteles y restaurantes, confeccionados en madera, metal, mimbre,  ratt\u00e1n y fibras naturales, en una \u00e1rea 9 mil metros cuadrados de exhibici\u00f3n,  con la participaci\u00f3n de m\u00e1s de 100 productores locales.<\/p>\n<p>&#13;<\/p>\n<p align=\"justify\" class=\"text1noticias\"> En esta exposici\u00f3n los art\u00edculos que se  exhiben tienen un valor muy por debajo de su precio habitual, ya que el visitante  pude adquirirlos directamente con el mismo fabricante, sin la intervenci\u00f3n de  intermediarios.<\/p>\n<p>&#13;<\/p>\n<p align=\"justify\" class=\"text1noticias\"> De acuerdo con la ASONAIMCO, quien  organiza cada a\u00f1o esta feria, se proyecta vender m\u00e1s de 60 millones de pesos y  se aguarda una asistencia superior a las 50 mil personas, tomando como  par\u00e1metro las ediciones anteriores.<\/p>\n<p>&#13;<\/p>\n<p align=\"justify\" class=\"text1noticias\"> Esta nueva versi\u00f3n de la Feria Nacional del  Mueble dispone de una amplia agenda que comprende exposiciones, ventas y  realizaci\u00f3n de diferentes actividades, tardes infantiles y encuentros  empresariales, y se ajusta a todos los horarios, para que el visitante pueda  asistir en el tiempo que le permitan sus posibilidades.<\/p>\n<p>&#13;<\/p>\n<p align=\"justify\" class=\"text1noticias\"> Prestigiosas empresas y organizaciones  patrocinan esta versi\u00f3n de la feria, entre las que se encuentran la Asociaci\u00f3n Nacional  de Ahorros y Pr\u00e9stamos, Pinturas Tropical, PROMIPYME, Wallid\u00a0 Att\u00edas Comercial, Postop\u00e9dico la Reina, entre otras.<\/p>\n<p>&#13;<\/p>\n<p align=\"justify\" class=\"text1noticias\"> La Asociaci\u00f3n la Nacional de Ahorro y Pr\u00e9stamos  tiene en la sede de la feria una oficina equipada con los equipos y el personal  adecuado para atender solicitudes de pr\u00e9stamos personales y ofrecer servicios  financieros a los asistentes de este gran evento.<\/p>\n<p>&#13;<\/p>\n<h6> 2007-10-31 15:32:48 <\/h6>\n<p><!--\n<link rel=\"stylesheet\" href=\"css\/bootstrap.min.css\">\n\n\n<ul class=\"pagination\">\n\t    \n\t\n\n<li >\n\t<a href='?page_no=28478'>Previous<\/a>\n\t<\/li>\n\n\n       \n    \n\n<li><a href='?page_no=1'>1<\/a><\/li>\n\n\n\n<li><a href='?page_no=2'>2<\/a><\/li>\n\n\n\n<li><a>...<\/a><\/li>\n\n\n\n<li><a href='?page_no=28477'>28477<\/a><\/li>\n\n\n\n<li><a href='?page_no=28478'>28478<\/a><\/li>\n\n\n\n<li class='active'><a>28479<\/a><\/li>\n\n\n\n<li><a href='?page_no=28480'>28480<\/a><\/li>\n\n\n\n<li><a href='?page_no=28481'>28481<\/a><\/li>\n\n\n\n<li><a>...<\/a><\/li>\n\n\n\n<li><a href='?page_no=30472'>30472<\/a><\/li>\n\n\n\n<li><a href='?page_no=30473'>30473<\/a><\/li>\n\n    \n\t\n\n<li >\n\t<a href='?page_no=28480'>Next<\/a>\n\t<\/li>\n\n\n    \n\n<li><a href='?page_no=30473'>Last &rsaquo;&rsaquo;<\/a><\/li>\n\n<\/ul>\n\n\n--><br \/>\n<\/body><\/p>\n","protected":false},"excerpt":{"rendered":"<p>Extienden feria del mueble hasta el domingo 11 de noviembre &#13; Santo Domingo.- La Asociaci\u00f3n Nacional de Industriales de Muebles, Colchones y Afines (ASONAIMCO) inform\u00f3 que extendi\u00f3 hasta el domingo 11 de noviembre la XVI Feria Nacional de Mueble, que tuvo un receso de varios d\u00edas debido al paso de la tormenta Noel por el [&hellip;]<\/p>\n","protected":false},"author":3,"featured_media":0,"comment_status":"open","ping_status":"open","sticky":false,"template":"","format":"standard","meta":{"footnotes":""},"categories":[18],"tags":[],"class_list":["post-122599","post","type-post","status-publish","format-standard","hentry","category-economia"],"_links":{"self":[{"href":"https:\/\/diariodominicano.com\/index.php?rest_route=\/wp\/v2\/posts\/122599","targetHints":{"allow":["GET"]}}],"collection":[{"href":"https:\/\/diariodominicano.com\/index.php?rest_route=\/wp\/v2\/posts"}],"about":[{"href":"https:\/\/diariodominicano.com\/index.php?rest_route=\/wp\/v2\/types\/post"}],"author":[{"embeddable":true,"href":"https:\/\/diariodominicano.com\/index.php?rest_route=\/wp\/v2\/users\/3"}],"replies":[{"embeddable":true,"href":"https:\/\/diariodominicano.com\/index.php?rest_route=%2Fwp%2Fv2%2Fcomments&post=122599"}],"version-history":[{"count":0,"href":"https:\/\/diariodominicano.com\/index.php?rest_route=\/wp\/v2\/posts\/122599\/revisions"}],"wp:attachment":[{"href":"https:\/\/diariodominicano.com\/index.php?rest_route=%2Fwp%2Fv2%2Fmedia&parent=122599"}],"wp:term":[{"taxonomy":"category","embeddable":true,"href":"https:\/\/diariodominicano.com\/index.php?rest_route=%2Fwp%2Fv2%2Fcategories&post=122599"},{"taxonomy":"post_tag","embeddable":true,"href":"https:\/\/diariodominicano.com\/index.php?rest_route=%2Fwp%2Fv2%2Ftags&post=122599"}],"curies":[{"name":"wp","href":"https:\/\/api.w.org\/{rel}","templated":true}]}}