{"id":122597,"date":"2007-11-01T04:29:45","date_gmt":"2007-11-01T04:29:45","guid":{"rendered":"http:\/\/diariodominicano.ddns.net\/?p=122597"},"modified":"2007-11-01T04:29:45","modified_gmt":"2007-11-01T04:29:45","slug":"el-bagricola-renegociara-deudas-con-productores-afectados-por-inundaciones","status":"publish","type":"post","link":"https:\/\/diariodominicano.com\/?p=122597","title":{"rendered":"El Bagr\u00edcola renegociar\u00e1 deudas con productores afectados por inundaciones"},"content":{"rendered":"<p><body><\/p>\n<p class=\"titulogrande1\">El Bagr\u00edcola renegociar\u00e1 deudas con productores afectados por inundaciones<\/p>\n<p>&#13;<\/p>\n<p><strong>Abreu Collado dice que los agricultores tendr\u00e1n nuevamente  pr\u00e9stamos para producci\u00f3n<\/strong><\/p>\n<p>&#13;<\/p>\n<p align=\"justify\" class=\"text1noticias\"><strong><img loading=\"lazy\" decoding=\"async\" src=\"http:\/\/localhost:8080\/economia\/pictures\/paino abreu fotos.jpg\" width=\"269\" height=\"535\" hspace=\"4\" align=\"left\" \/>SANTO DOMINGO-<\/strong> El administrador del Banco Agr\u00edcola, Pa\u00edno Abreu  Collado, anunci\u00f3 la ejecuci\u00f3n de un  programa de renegociaci\u00f3n de las deudas contra\u00eddas por los productores  agropecuarios que resulten afectados por las inundaciones tras el paso de la  tormenta Noel, y proceder con un plan de financiamiento r\u00e1pido para que puedan producir  en el menor tiempo posible.<\/p>\n<p>&#13;<\/p>\n<p align=\"justify\" class=\"text1noticias\">Afirm\u00f3 que tiene instrucciones precisas del presidente de la Rep\u00fablica, doctor Leonel  Fern\u00e1ndez, para que tan pronto las condiciones lo permitan inicie un programa  de apoyo a los productores afectados para que puedan recuperar sus predios en  breve plazo.<br \/>&#13;<br \/>\n\u00a0\u00a0\u00a0\u00a0\u00a0\u00a0\u00a0\u00a0\u00a0\u00a0\u00a0\u00a0\u00a0\u00a0\u00a0\u00a0\u00a0 <br \/>&#13;<br \/>\nSostuvo que el inter\u00e9s del mandatario es que en el pa\u00eds se pueda  mantener la seguridad alimentaria con precios estables para los consumidores, y  que los productores vuelvan a producir con rentabilidad para el mercado local y  la exportaci\u00f3n.<\/p>\n<p>&#13;<\/p>\n<p align=\"justify\" class=\"text1noticias\">Dijo que t\u00e9cnicos del Bagr\u00edcola comenzaron a evaluar los da\u00f1os  ocasionados por la tormenta Noel en las comunidades agr\u00edcolas donde las aguas  han bajado de nivel.<\/p>\n<p>&#13;<\/p>\n<p align=\"justify\" class=\"text1noticias\">Explic\u00f3 que otros t\u00e9cnicos de la instituci\u00f3n est\u00e1n a la espera de  que las aguas que mantienen inundadas extensas plantaciones agr\u00edcolas en  diferentes zonas del pa\u00eds bajen de nivel para realizar una evaluaci\u00f3n de los  da\u00f1os.<\/p>\n<p>&#13;<\/p>\n<p align=\"justify\" class=\"text1noticias\">Este mi\u00e9rcoles los ingenieros Salvador Jim\u00e9nez, secretario de  Agricultura, Pa\u00edno Abreu Collado y  Quilvio Cabrera, director del Instituto Agrario Dominicano, realizan un  recorrido por la zona del Bajo Yuna y otras regiones para percatarse de los  efectos provocados por el paso de la tormenta Noel, para adoptar la pol\u00edtica a  seguir de apoyo a los productores afectados.<\/p>\n<p>&#13;<\/p>\n<p align=\"justify\" class=\"text1noticias\"> Abreu Colllado dijo que el Bagr\u00edcola suplir\u00e1 la demanda crediticia  del campo, mientras que la   Secretar\u00eda de Agr\u00edcultura y el Instituto Agrario Dominicano  preparar\u00e1n los terrenos y suministrar\u00e1n los materiales de siembra a productores  y a parceleros de la   Reforma Agraria.<\/p>\n<p>&#13;<\/p>\n<p align=\"justify\" class=\"text1noticias\">El administrador del Banco Agr\u00edcola sostuvo que hasta el momento  no se pueden cuantificar los da\u00f1os ocasionados por el paso de la tormenta, pero  que la Administraci\u00f3n\u00a0\u00a0\u00a0\u00a0\u00a0\u00a0\u00a0\u00a0\u00a0\u00a0\u00a0\u00a0\u00a0\u00a0\u00a0\u00a0\u00a0\u00a0\u00a0\u00a0\u00a0\u00a0\u00a0\u00a0\u00a0\u00a0\u00a0\u00a0\u00a0\u00a0\u00a0\u00a0\u00a0\u00a0\u00a0\u00a0 \u00a0\u00a0\u00a0\u00a0\u00a0\u00a0\u00a0\u00a0\u00a0<br \/>&#13;<br \/>\n\u00a0\u00a0<br \/>&#13;<br \/>\nGeneral, adem\u00e1s de las visitas que est\u00e1 realizando, est\u00e1  monitoreando la situaci\u00f3n a trav\u00e9s de los gerentes de las 32 sucursales y de  las 30 oficinas de servicios que existen en municipios cabeceras de provincias  y distritos muncipales.<\/p>\n<p>&#13;<\/p>\n<p align=\"justify\" class=\"text1noticias\">Explic\u00f3 que los productores pueden tener la seguridad de que el  Gobierno jam\u00e1s los abandonar\u00e1 y est\u00e1 atento para proceder con un r\u00e1pido  programa de pr\u00e9stamos para recuperar las zonas agr\u00edcolas afectadas.<\/p>\n<p>&#13;<\/p>\n<p align=\"justify\" class=\"text1noticias\">Abreu Collado dijo que el Bagr\u00edcola es el principal soporte  financiero de la actividad agropecuaria y que mantendr\u00e1 su rol en beneficio de  los productores agropecuarios y del desarrollo del campo.<\/p>\n<p>&#13;<\/p>\n<p align=\"justify\" class=\"text1noticias\">Indic\u00f3 que hasta ahora se registran inundaciones en plantaciones agr\u00edcolas de comunidades de  Bonao, Barahona, Mar\u00eda Trinidad S\u00e1nchez, Baoruco, Azua, Perav\u00eda, San Juan de la Maguana y La Vega, entre otras.<\/p>\n<p>&#13;<\/p>\n<p align=\"justify\" class=\"text1noticias\">Abreu Collado sostuvo que en estos momentos se impone un fuerte  respaldo a los productores del campo que han resultado afectados por los  aguaceros de la tormenta Noel con el objetivo de que vuelvan producir los  alimentos que demanda la poblaci\u00f3n, y as\u00ed evitar desabastecimiento.<\/p>\n<p>&#13;<\/p>\n<h6> 2007-11-01 04:29:45 <\/h6>\n<p><!--\n<link rel=\"stylesheet\" href=\"css\/bootstrap.min.css\">\n\n\n<ul class=\"pagination\">\n\t    \n\t\n\n<li >\n\t<a href='?page_no=28476'>Previous<\/a>\n\t<\/li>\n\n\n       \n    \n\n<li><a href='?page_no=1'>1<\/a><\/li>\n\n\n\n<li><a href='?page_no=2'>2<\/a><\/li>\n\n\n\n<li><a>...<\/a><\/li>\n\n\n\n<li><a href='?page_no=28475'>28475<\/a><\/li>\n\n\n\n<li><a href='?page_no=28476'>28476<\/a><\/li>\n\n\n\n<li class='active'><a>28477<\/a><\/li>\n\n\n\n<li><a href='?page_no=28478'>28478<\/a><\/li>\n\n\n\n<li><a href='?page_no=28479'>28479<\/a><\/li>\n\n\n\n<li><a>...<\/a><\/li>\n\n\n\n<li><a href='?page_no=30472'>30472<\/a><\/li>\n\n\n\n<li><a href='?page_no=30473'>30473<\/a><\/li>\n\n    \n\t\n\n<li >\n\t<a href='?page_no=28478'>Next<\/a>\n\t<\/li>\n\n\n    \n\n<li><a href='?page_no=30473'>Last &rsaquo;&rsaquo;<\/a><\/li>\n\n<\/ul>\n\n\n--><br \/>\n<\/body><\/p>\n","protected":false},"excerpt":{"rendered":"<p>El Bagr\u00edcola renegociar\u00e1 deudas con productores afectados por inundaciones &#13; Abreu Collado dice que los agricultores tendr\u00e1n nuevamente pr\u00e9stamos para producci\u00f3n &#13; SANTO DOMINGO- El administrador del Banco Agr\u00edcola, Pa\u00edno Abreu Collado, anunci\u00f3 la ejecuci\u00f3n de un programa de renegociaci\u00f3n de las deudas contra\u00eddas por los productores agropecuarios que resulten afectados por las inundaciones tras [&hellip;]<\/p>\n","protected":false},"author":3,"featured_media":0,"comment_status":"open","ping_status":"open","sticky":false,"template":"","format":"standard","meta":{"footnotes":""},"categories":[18],"tags":[],"class_list":["post-122597","post","type-post","status-publish","format-standard","hentry","category-economia"],"_links":{"self":[{"href":"https:\/\/diariodominicano.com\/index.php?rest_route=\/wp\/v2\/posts\/122597","targetHints":{"allow":["GET"]}}],"collection":[{"href":"https:\/\/diariodominicano.com\/index.php?rest_route=\/wp\/v2\/posts"}],"about":[{"href":"https:\/\/diariodominicano.com\/index.php?rest_route=\/wp\/v2\/types\/post"}],"author":[{"embeddable":true,"href":"https:\/\/diariodominicano.com\/index.php?rest_route=\/wp\/v2\/users\/3"}],"replies":[{"embeddable":true,"href":"https:\/\/diariodominicano.com\/index.php?rest_route=%2Fwp%2Fv2%2Fcomments&post=122597"}],"version-history":[{"count":0,"href":"https:\/\/diariodominicano.com\/index.php?rest_route=\/wp\/v2\/posts\/122597\/revisions"}],"wp:attachment":[{"href":"https:\/\/diariodominicano.com\/index.php?rest_route=%2Fwp%2Fv2%2Fmedia&parent=122597"}],"wp:term":[{"taxonomy":"category","embeddable":true,"href":"https:\/\/diariodominicano.com\/index.php?rest_route=%2Fwp%2Fv2%2Fcategories&post=122597"},{"taxonomy":"post_tag","embeddable":true,"href":"https:\/\/diariodominicano.com\/index.php?rest_route=%2Fwp%2Fv2%2Ftags&post=122597"}],"curies":[{"name":"wp","href":"https:\/\/api.w.org\/{rel}","templated":true}]}}