{"id":122591,"date":"2007-11-02T19:13:35","date_gmt":"2007-11-02T19:13:35","guid":{"rendered":"http:\/\/diariodominicano.ddns.net\/?p=122591"},"modified":"2007-11-02T19:13:35","modified_gmt":"2007-11-02T19:13:35","slug":"sindicalistas-amenazan-subir-precio-del-pasaje","status":"publish","type":"post","link":"https:\/\/diariodominicano.com\/?p=122591","title":{"rendered":"Sindicalistas amenazan subir precio del pasaje"},"content":{"rendered":"<p><body><\/p>\n<p class=\"titulogrande1\"><strong>Sindicalistas amenazan subir precio del pasaje<\/strong><\/p>\n<p>&#13;<\/p>\n<p><strong>Visitan Industria y Comercio  pero no fueron recibidos <\/strong><\/p>\n<p>&#13;<\/p>\n<p align=\"justify\" class=\"text1noticias\"><strong><img loading=\"lazy\" decoding=\"async\" src=\"http:\/\/localhost:8080\/economia\/pictures\/combustible amenaza.jpg\" width=\"269\" height=\"180\" hspace=\"4\" align=\"left\" \/>SANTO DOMINGO.- <\/strong>Los  empresarios del trasporte amenazaron este viernes con aumentar los precios del  pasaje si el gobierno no busca alternativas para detener la tendencia alcista  de los carburantes. <\/p>\n<p>&#13;<\/p>\n<p align=\"justify\" class=\"text1noticias\">Los sindicalistas hicieron el anuncio la  ma\u00f1ana de este viernes mientras visitaban la Secretar\u00eda de Industria  y Comercio donde no fueron recibidos.<\/p>\n<p>&#13;<\/p>\n<p align=\"justify\" class=\"text1noticias\">El presidente de la Centra Nacional de  Transportistas Unificados CNTU, Ram\u00f3n P\u00e9rez Figuereo, explic\u00f3 que el gobierno  debe buscar alternativas para detener las constantes alzas en el precio del  gasoil, o de lo contrario tendr\u00e1n que aumentar el precio del pasaje.<\/p>\n<p>&#13;<\/p>\n<h6> 2007-11-02 19:13:35 <\/h6>\n<p><!--\n<link rel=\"stylesheet\" href=\"css\/bootstrap.min.css\">\n\n\n<ul class=\"pagination\">\n\t    \n\t\n\n<li >\n\t<a href='?page_no=28470'>Previous<\/a>\n\t<\/li>\n\n\n       \n    \n\n<li><a href='?page_no=1'>1<\/a><\/li>\n\n\n\n<li><a href='?page_no=2'>2<\/a><\/li>\n\n\n\n<li><a>...<\/a><\/li>\n\n\n\n<li><a href='?page_no=28469'>28469<\/a><\/li>\n\n\n\n<li><a href='?page_no=28470'>28470<\/a><\/li>\n\n\n\n<li class='active'><a>28471<\/a><\/li>\n\n\n\n<li><a href='?page_no=28472'>28472<\/a><\/li>\n\n\n\n<li><a href='?page_no=28473'>28473<\/a><\/li>\n\n\n\n<li><a>...<\/a><\/li>\n\n\n\n<li><a href='?page_no=30472'>30472<\/a><\/li>\n\n\n\n<li><a href='?page_no=30473'>30473<\/a><\/li>\n\n    \n\t\n\n<li >\n\t<a href='?page_no=28472'>Next<\/a>\n\t<\/li>\n\n\n    \n\n<li><a href='?page_no=30473'>Last &rsaquo;&rsaquo;<\/a><\/li>\n\n<\/ul>\n\n\n--><br \/>\n<\/body><\/p>\n","protected":false},"excerpt":{"rendered":"<p>Sindicalistas amenazan subir precio del pasaje &#13; Visitan Industria y Comercio pero no fueron recibidos &#13; SANTO DOMINGO.- Los empresarios del trasporte amenazaron este viernes con aumentar los precios del pasaje si el gobierno no busca alternativas para detener la tendencia alcista de los carburantes. &#13; Los sindicalistas hicieron el anuncio la ma\u00f1ana de este [&hellip;]<\/p>\n","protected":false},"author":3,"featured_media":0,"comment_status":"open","ping_status":"open","sticky":false,"template":"","format":"standard","meta":{"footnotes":""},"categories":[18],"tags":[],"class_list":["post-122591","post","type-post","status-publish","format-standard","hentry","category-economia"],"_links":{"self":[{"href":"https:\/\/diariodominicano.com\/index.php?rest_route=\/wp\/v2\/posts\/122591","targetHints":{"allow":["GET"]}}],"collection":[{"href":"https:\/\/diariodominicano.com\/index.php?rest_route=\/wp\/v2\/posts"}],"about":[{"href":"https:\/\/diariodominicano.com\/index.php?rest_route=\/wp\/v2\/types\/post"}],"author":[{"embeddable":true,"href":"https:\/\/diariodominicano.com\/index.php?rest_route=\/wp\/v2\/users\/3"}],"replies":[{"embeddable":true,"href":"https:\/\/diariodominicano.com\/index.php?rest_route=%2Fwp%2Fv2%2Fcomments&post=122591"}],"version-history":[{"count":0,"href":"https:\/\/diariodominicano.com\/index.php?rest_route=\/wp\/v2\/posts\/122591\/revisions"}],"wp:attachment":[{"href":"https:\/\/diariodominicano.com\/index.php?rest_route=%2Fwp%2Fv2%2Fmedia&parent=122591"}],"wp:term":[{"taxonomy":"category","embeddable":true,"href":"https:\/\/diariodominicano.com\/index.php?rest_route=%2Fwp%2Fv2%2Fcategories&post=122591"},{"taxonomy":"post_tag","embeddable":true,"href":"https:\/\/diariodominicano.com\/index.php?rest_route=%2Fwp%2Fv2%2Ftags&post=122591"}],"curies":[{"name":"wp","href":"https:\/\/api.w.org\/{rel}","templated":true}]}}