{"id":122585,"date":"2007-11-05T16:36:48","date_gmt":"2007-11-05T16:36:48","guid":{"rendered":"http:\/\/diariodominicano.ddns.net\/?p=122585"},"modified":"2007-11-05T16:36:48","modified_gmt":"2007-11-05T16:36:48","slug":"edesur-normaliza-servicio-en-barahona","status":"publish","type":"post","link":"https:\/\/diariodominicano.com\/?p=122585","title":{"rendered":"Edesur normaliza servicio en Barahona"},"content":{"rendered":"<p><body><\/p>\n<p><strong>Instala  nuevo transformador de potencia <\/strong><br \/>&#13;<br \/>\n  <br \/>&#13;<br \/>\n  <span class=\"titulogrande1\">Edesur  normaliza servicio en Barahona<\/span><\/p>\n<p>&#13;<\/p>\n<p align=\"justify\" class=\"text1noticias\"><strong><img loading=\"lazy\" decoding=\"async\" src=\"http:\/\/localhost:8080\/economia\/pictures\/edesur barahona.jpg\" width=\"269\" height=\"731\" hspace=\"4\" align=\"left\" \/>SANTO  DOMINGO.-<\/strong> Edesur Dominicana (Edesur) inform\u00f3 este lunes que a las 5:00 de la  ma\u00f1ana puso en l\u00ednea el nuevo  transformador de potencia de 50 MVA que instal\u00f3 en la subestaci\u00f3n de Barahona,  con lo que normaliz\u00f3 el servicio en la ciudad y gran parte de la provincia.<\/p>\n<p>&#13;<\/p>\n<p align=\"justify\" class=\"text1noticias\">El  administrador gerente general de la empresa, licenciado Lorenzo Ventura \u00a0precis\u00f3 que la compa\u00f1\u00eda hab\u00eda programado instalar el nuevo  transformador el jueves pasado, pero por los da\u00f1os que sufrieron los puentes y  la red vial, la patana que llev\u00f3 la carga permaneci\u00f3 varios d\u00edas en la carretera y el  conductor pudo llegar el domingo a las  cuatro de la tarde.<\/p>\n<p>&#13;<\/p>\n<p align=\"justify\" class=\"text1noticias\">El transformador pesa 2,500 millones de  libras. Fue instalado en \u00a0lugar de otro  de 20 MVA que fue sacado de servicio al  sufrir una aver\u00eda por los efectos de las lluvias de la tormenta Noel. <br \/>&#13;<br \/>\n  <br \/>&#13;<br \/>\nDebido al  peso del aparato el personal de Edesur tuvo que esperar que brigadas de Obras P\u00fablicas  indicaran cu\u00e1ndo se pod\u00eda pasar por los puntos da\u00f1ados, a pesar de que para los veh\u00edculos livianos el  paso estaba abierto desde el martes. <\/p>\n<p>&#13;<\/p>\n<p align=\"justify\" class=\"text1noticias\">El  licenciado Ventura agradeci\u00f3 la colaboraci\u00f3n que recibi\u00f3 del personal de Obras  P\u00fablicas para hacer posible el traslado del transformador a Barahona.<\/p>\n<p>&#13;<\/p>\n<p align=\"justify\" class=\"text1noticias\">De  su lado, el director de Distribuci\u00f3n de Edesur, ingeniero Quircio Valdez dijo  que tan pronto fue llevado a Barahona el transformador, \u00a0los t\u00e9cnicos de la empresa que esperaban para  hacer la instalaci\u00f3n procedieron y a las cinco de la ma\u00f1ana de este lunes lo  dejaron en \u00a0l\u00ednea.<\/p>\n<p>&#13;<\/p>\n<p align=\"justify\" class=\"text1noticias\">De  esa manera, Barahona que ten\u00eda servicio parcial qued\u00f3 normalizada completa.<\/p>\n<p>&#13;<\/p>\n<p align=\"justify\" class=\"text1noticias\">El  licenciado Lorenzo Ventura tambi\u00e9n inform\u00f3 \u00a0que desde las primeras horas de la ma\u00f1ana de  hoy t\u00e9cnicos de Edesur contin\u00faan trabajando  en los ramales donde han detectado aver\u00edas para restaurar todos los da\u00f1os que  ocasion\u00f3 la tormenta Noel.<\/p>\n<p>&#13;<\/p>\n<p align=\"justify\" class=\"text1noticias\">Inform\u00f3  que los trabajos no se han ejecutado con mayor rapidez por los da\u00f1os en las  v\u00edas de comunicaci\u00f3n de la regi\u00f3n Sur y refiri\u00f3 que a\u00fan la ma\u00f1ana de este lunes  la provincia San Jos\u00e9 de Ocoa, segu\u00eda incomunicada por la v\u00eda terrestre, ya que  est\u00e1 cortado el tr\u00e1nsito de la entrada del Cruce de Ocoa a la ciudad de San  Jos\u00e9 de Ocoa.<\/p>\n<p>&#13;<\/p>\n<p align=\"justify\" class=\"text1noticias\">No  obstante, dijo que los t\u00e9cnicos de Edesur \u00a0trabajan 24 horas y esperan avanzar conforme  lo programado en la medida que las autoridades de Obras P\u00fablicas terminen los  trabajos para normalizar la comunicaci\u00f3n terrestre en las comunidades afectadas.<br \/>&#13;<br \/>\n  \u00a0<br \/>&#13;<br \/>\n  La Oficina de Comunicaciones de Edesur explic\u00f3 que en la ma\u00f1ana  de este lunes s\u00f3lo quedaba por normalizar el servicio de electricidad en una  parte de la costa de la provincia \u00a0Barahona que incluye los municipios\u00a0 de Para\u00edso y Enriquillo.<\/p>\n<p>&#13;<\/p>\n<p align=\"justify\" class=\"text1noticias\">En  el Distrito Nacional y parte de la provincia Santo Domingo, \u00e1rea de concesi\u00f3n  de Edesur, las brigadas de t\u00e9cnicos lograron restaurar el servicio con mayor  rapidez porque no se interrumpi\u00f3 la  comunicaci\u00f3n terrestre. En menos de 24 horas quedaron normalizados m\u00e1s del 90 por  ciento de los 162 circuitos que tiene el \u00e1rea de concesi\u00f3n de la compa\u00f1\u00eda.<\/p>\n<p>&#13;<\/p>\n<p align=\"justify\" class=\"text1noticias\">Tambi\u00e9n  fue posible avanzar con rapidez en San Crist\u00f3bal y Ban\u00ed, ya que a partir del  mi\u00e9rcoles la comunicaci\u00f3n terrestre\u00a0estaba recuperada.<\/p>\n<p>&#13;<\/p>\n<p align=\"justify\" class=\"text1noticias\">El  Administrador Gerente General \u00a0de Edesur  reiter\u00f3 que\u00a0 los organismos de la empresa  se encuentran en actividades coordinadas  para restaurar en el menor tiempo los da\u00f1os que sufrieron\u00a0las redes y  sistemas de la compa\u00f1\u00eda.<\/p>\n<p>&#13;<\/p>\n<h6> 2007-11-05 16:36:48 <\/h6>\n<p><!--\n<link rel=\"stylesheet\" href=\"css\/bootstrap.min.css\">\n\n\n<ul class=\"pagination\">\n\t    \n\t\n\n<li >\n\t<a href='?page_no=28464'>Previous<\/a>\n\t<\/li>\n\n\n       \n    \n\n<li><a href='?page_no=1'>1<\/a><\/li>\n\n\n\n<li><a href='?page_no=2'>2<\/a><\/li>\n\n\n\n<li><a>...<\/a><\/li>\n\n\n\n<li><a href='?page_no=28463'>28463<\/a><\/li>\n\n\n\n<li><a href='?page_no=28464'>28464<\/a><\/li>\n\n\n\n<li class='active'><a>28465<\/a><\/li>\n\n\n\n<li><a href='?page_no=28466'>28466<\/a><\/li>\n\n\n\n<li><a href='?page_no=28467'>28467<\/a><\/li>\n\n\n\n<li><a>...<\/a><\/li>\n\n\n\n<li><a href='?page_no=30472'>30472<\/a><\/li>\n\n\n\n<li><a href='?page_no=30473'>30473<\/a><\/li>\n\n    \n\t\n\n<li >\n\t<a href='?page_no=28466'>Next<\/a>\n\t<\/li>\n\n\n    \n\n<li><a href='?page_no=30473'>Last &rsaquo;&rsaquo;<\/a><\/li>\n\n<\/ul>\n\n\n--><br \/>\n<\/body><\/p>\n","protected":false},"excerpt":{"rendered":"<p>Instala nuevo transformador de potencia &#13; &#13; Edesur normaliza servicio en Barahona &#13; SANTO DOMINGO.- Edesur Dominicana (Edesur) inform\u00f3 este lunes que a las 5:00 de la ma\u00f1ana puso en l\u00ednea el nuevo transformador de potencia de 50 MVA que instal\u00f3 en la subestaci\u00f3n de Barahona, con lo que normaliz\u00f3 el servicio en la ciudad [&hellip;]<\/p>\n","protected":false},"author":3,"featured_media":0,"comment_status":"open","ping_status":"open","sticky":false,"template":"","format":"standard","meta":{"footnotes":""},"categories":[18],"tags":[],"class_list":["post-122585","post","type-post","status-publish","format-standard","hentry","category-economia"],"_links":{"self":[{"href":"https:\/\/diariodominicano.com\/index.php?rest_route=\/wp\/v2\/posts\/122585","targetHints":{"allow":["GET"]}}],"collection":[{"href":"https:\/\/diariodominicano.com\/index.php?rest_route=\/wp\/v2\/posts"}],"about":[{"href":"https:\/\/diariodominicano.com\/index.php?rest_route=\/wp\/v2\/types\/post"}],"author":[{"embeddable":true,"href":"https:\/\/diariodominicano.com\/index.php?rest_route=\/wp\/v2\/users\/3"}],"replies":[{"embeddable":true,"href":"https:\/\/diariodominicano.com\/index.php?rest_route=%2Fwp%2Fv2%2Fcomments&post=122585"}],"version-history":[{"count":0,"href":"https:\/\/diariodominicano.com\/index.php?rest_route=\/wp\/v2\/posts\/122585\/revisions"}],"wp:attachment":[{"href":"https:\/\/diariodominicano.com\/index.php?rest_route=%2Fwp%2Fv2%2Fmedia&parent=122585"}],"wp:term":[{"taxonomy":"category","embeddable":true,"href":"https:\/\/diariodominicano.com\/index.php?rest_route=%2Fwp%2Fv2%2Fcategories&post=122585"},{"taxonomy":"post_tag","embeddable":true,"href":"https:\/\/diariodominicano.com\/index.php?rest_route=%2Fwp%2Fv2%2Ftags&post=122585"}],"curies":[{"name":"wp","href":"https:\/\/api.w.org\/{rel}","templated":true}]}}