{"id":122583,"date":"2007-11-06T16:07:44","date_gmt":"2007-11-06T16:07:44","guid":{"rendered":"http:\/\/diariodominicano.ddns.net\/?p=122583"},"modified":"2007-11-06T16:07:44","modified_gmt":"2007-11-06T16:07:44","slug":"iad-evalua-danos-ocasionados-a-la-produccion-agropecuaria","status":"publish","type":"post","link":"https:\/\/diariodominicano.com\/?p=122583","title":{"rendered":"IAD eval\u00faa da\u00f1os ocasionados a la producci\u00f3n agropecuaria"},"content":{"rendered":"<p><body><\/p>\n<p align=\"justify\"><span class=\"titulogrande1\">IAD eval\u00faa da\u00f1os ocasionados a la producci\u00f3n agropecuaria<\/span><br \/>&#13;<br \/>\n  <br \/>&#13;<br \/>\n    <span class=\"text1noticias\"><strong>SANTO DOMINGO.-<\/strong> El Instituto Agrario Dominicano (IAD)  inform\u00f3 que \u00a0trabaja en la evaluaci\u00f3n de  los da\u00f1os ocasionados por la tormenta Noel a la producci\u00f3n agr\u00edcola en los  asentamientos campesinos de todo el pa\u00eds.<br \/>&#13;<br \/>\n    <br \/>&#13;<br \/>\n    Destac\u00f3 que\u00a0 \u00a0miles de tareas sembradas de diversos cultivos  agr\u00edcolas\u00a0 fueron considerablemente afectadas en los proyectos  agrarios.\u00a0\u00a0<br \/>&#13;<br \/>\n    <br \/>&#13;<br \/>\n    El director del IAD, Quilvio Cabrera, inform\u00f3 que  junto a t\u00e9cnicos de esa dependencia trabaja de manera acelerada en la  preparaci\u00f3n de las informaciones sobre la situaci\u00f3n de los cultivos en los  asentamientos de la   Reforma Agraria.\u00a0<br \/>&#13;<br \/>\n    <br \/>&#13;<br \/>\n    Explic\u00f3 que un informe preliminar, indica que\u00a0  m\u00e1s de 350 mil\u00a0tareas sembradas de diferentes cultivos resultaron  afectadas de manera total y parcial por las aguas y vientos provocados por la  tormenta Noel.\u00a0<br \/>&#13;<br \/>\n    <br \/>&#13;<br \/>\n    Sostuvo que los da\u00f1os de mas consideraci\u00f3n fueron en  las plantaciones de arroz de los proyectos arroceros ubicados en el Lim\u00f3n del  Yuna, Arenoso, Nagua, San Francisco de Macor\u00eds, Cotu\u00ed, La Vega y\u00a0 Bonao.\u00a0<br \/>&#13;<br \/>\n    <br \/>&#13;<br \/>\n    Asegur\u00f3 que como consecuencia de los fuertes aguaceros  y vientos provocados por la tormenta Noel, tambi\u00e9n fueron afectados grandemente  los asentamientos sembrados de pl\u00e1tano y guineo de Barahona, Vicente Noble,  Tamayo y Neyba, en la regi\u00f3n Sur del pa\u00eds.\u00a0<br \/>&#13;<br \/>\n    <br \/>&#13;<br \/>\n    Precis\u00f3 que en esas zonas, de 115 mil 599 tareas que  tienen los proyectos agrarios, fueron afectadas unas 73 mil 369 tareas  sembradas de diversos cultivos agr\u00edcolas.\u00a0<br \/>&#13;<br \/>\n    <br \/>&#13;<br \/>\n    Dijo que de caf\u00e9, de 79 mil 159 tareas que se  cultivaba de ese rubro en dicha regi\u00f3n, fueron afectadas 47 mil 495, las cuales  perdieron su producci\u00f3n de manera total.\u00a0<br \/>&#13;<br \/>\n    <br \/>&#13;<br \/>\n    Agreg\u00f3 que el cultivo de caf\u00e9 est\u00e1 en los proyectos  agrarios Santa Elena y La   Ci\u00e9nega, del municipio de Barahona, como tambi\u00e9n en los  asentamientos de Polo y Monteada Nueva, del Distrito Municipal de Polo; en  Chene, de Enriquillo y en la   Malanga de Para\u00edso.\u00a0<br \/>&#13;<br \/>\n    <br \/>&#13;<br \/>\n    Mientras que del cultivo de pl\u00e1tano y guineo fueron  afectadas 16 mil 774 tareas de los asentamientos Vicente Noble, Tamayo, San  Ram\u00f3n, El Lim\u00f3n de Jiman\u00ed, Dumit, Las 300 y Crist\u00f3bal. \u00a0<br \/>&#13;<br \/>\n    <br \/>&#13;<br \/>\n    Precis\u00f3 que las p\u00e9rdidas son cuantiosas y que se  contin\u00faa en el proceso evaluativo de los da\u00f1os.\u00a0<br \/>&#13;<br \/>\n    <br \/>&#13;<br \/>\n    Explic\u00f3 que hay grandes da\u00f1os en todos los sistemas de  riego del organismo en la mayor\u00eda de los proyectos agrarios de Barahona, Neyba,  Jiman\u00ed, Vicente Noble, Tamayo, Azua, Lim\u00f3n del Yuna, Cotu\u00ed, como tambi\u00e9n en  otros de la L\u00ednea   Noroeste.\u00a0<br \/>&#13;<br \/>\n    <br \/>&#13;<br \/>\n    La nota ofrecida por el departamento de Relaciones  P\u00fablicas y Prensa de ese organismo indica que el director Quilvio Cabrera ha  estado visitando\u00a0 los proyectos agrarios para constatar su  situaci\u00f3n.\u00a0 \u00a0<br \/>&#13;<br \/>\n    <br \/>&#13;<br \/>\n    Se\u00f1ala \u00a0que tan  pronto las condiciones del tiempo lo permitan se iniciar\u00e1 un Plan de Emergencia  de Recuperaci\u00f3n del Sector Reformado, por instrucciones del Presidente de la Rep\u00fablica, doctor Leonel  Fern\u00e1ndez Reyna.\u00a0<br \/>&#13;<br \/>\n    <br \/>&#13;<br \/>\n    Inform\u00f3 que tambi\u00e9n resultaron seriamente afectados  los caminos de penetraci\u00f3n de los asentamientos campesinos de gran parte del  territorio nacional.\u00a0<br \/>&#13;<br \/>\n    <br \/>&#13;<br \/>\n    Dijo que tan pronto como sea posible, junto a la Secretar\u00eda de  Agricultura, el Banco Agr\u00edcola y otros organismos del sector agropecuario, se  iniciar\u00e1 la preparaci\u00f3n y siembra de los proyectos afectados as\u00ed como la  entrega de material de siembra a sus parceleros.\u00a0<br \/>&#13;<br \/>\n    <br \/>&#13;<br \/>\n    Asegur\u00f3 que se entregar\u00e1n semillas de hortalizas,  esquejes de yuca, h\u00e1banas de batata y cepas de pl\u00e1tano y guineo a los  parceleros afectados por las inundaciones.\u00a0<br \/>&#13;<br \/>\n    <br \/>&#13;<br \/>\n    Apunt\u00f3 que el IAD, como organismo rector de la Reforma Agraria en  el pa\u00eds y como responsable de la producci\u00f3n y mantenimiento de los  asentamientos campesinos, no escatimar\u00e1 esfuerzos para ir en auxilio de los  parceleros que han perdido sus cultivos.\u00a0<br \/>&#13;<br \/>\n    <br \/>&#13;<br \/>\nDijo que se les ofrecer\u00e1n las ayudas que sean  necesarias a los parceleros para que puedan reestablecer sus cultivos tan  pronto las condiciones clim\u00e1ticas se los permitan.<\/span><\/p>\n<p>&#13;<\/p>\n<h6> 2007-11-06 16:07:44 <\/h6>\n<p><!--\n<link rel=\"stylesheet\" href=\"css\/bootstrap.min.css\">\n\n\n<ul class=\"pagination\">\n\t    \n\t\n\n<li >\n\t<a href='?page_no=28462'>Previous<\/a>\n\t<\/li>\n\n\n       \n    \n\n<li><a href='?page_no=1'>1<\/a><\/li>\n\n\n\n<li><a href='?page_no=2'>2<\/a><\/li>\n\n\n\n<li><a>...<\/a><\/li>\n\n\n\n<li><a href='?page_no=28461'>28461<\/a><\/li>\n\n\n\n<li><a href='?page_no=28462'>28462<\/a><\/li>\n\n\n\n<li class='active'><a>28463<\/a><\/li>\n\n\n\n<li><a href='?page_no=28464'>28464<\/a><\/li>\n\n\n\n<li><a href='?page_no=28465'>28465<\/a><\/li>\n\n\n\n<li><a>...<\/a><\/li>\n\n\n\n<li><a href='?page_no=30472'>30472<\/a><\/li>\n\n\n\n<li><a href='?page_no=30473'>30473<\/a><\/li>\n\n    \n\t\n\n<li >\n\t<a href='?page_no=28464'>Next<\/a>\n\t<\/li>\n\n\n    \n\n<li><a href='?page_no=30473'>Last &rsaquo;&rsaquo;<\/a><\/li>\n\n<\/ul>\n\n\n--><br \/>\n<\/body><\/p>\n","protected":false},"excerpt":{"rendered":"<p>IAD eval\u00faa da\u00f1os ocasionados a la producci\u00f3n agropecuaria&#13; &#13; SANTO DOMINGO.- El Instituto Agrario Dominicano (IAD) inform\u00f3 que \u00a0trabaja en la evaluaci\u00f3n de los da\u00f1os ocasionados por la tormenta Noel a la producci\u00f3n agr\u00edcola en los asentamientos campesinos de todo el pa\u00eds.&#13; &#13; Destac\u00f3 que\u00a0 \u00a0miles de tareas sembradas de diversos cultivos agr\u00edcolas\u00a0 fueron considerablemente [&hellip;]<\/p>\n","protected":false},"author":3,"featured_media":0,"comment_status":"open","ping_status":"open","sticky":false,"template":"","format":"standard","meta":{"footnotes":""},"categories":[18],"tags":[],"class_list":["post-122583","post","type-post","status-publish","format-standard","hentry","category-economia"],"_links":{"self":[{"href":"https:\/\/diariodominicano.com\/index.php?rest_route=\/wp\/v2\/posts\/122583","targetHints":{"allow":["GET"]}}],"collection":[{"href":"https:\/\/diariodominicano.com\/index.php?rest_route=\/wp\/v2\/posts"}],"about":[{"href":"https:\/\/diariodominicano.com\/index.php?rest_route=\/wp\/v2\/types\/post"}],"author":[{"embeddable":true,"href":"https:\/\/diariodominicano.com\/index.php?rest_route=\/wp\/v2\/users\/3"}],"replies":[{"embeddable":true,"href":"https:\/\/diariodominicano.com\/index.php?rest_route=%2Fwp%2Fv2%2Fcomments&post=122583"}],"version-history":[{"count":0,"href":"https:\/\/diariodominicano.com\/index.php?rest_route=\/wp\/v2\/posts\/122583\/revisions"}],"wp:attachment":[{"href":"https:\/\/diariodominicano.com\/index.php?rest_route=%2Fwp%2Fv2%2Fmedia&parent=122583"}],"wp:term":[{"taxonomy":"category","embeddable":true,"href":"https:\/\/diariodominicano.com\/index.php?rest_route=%2Fwp%2Fv2%2Fcategories&post=122583"},{"taxonomy":"post_tag","embeddable":true,"href":"https:\/\/diariodominicano.com\/index.php?rest_route=%2Fwp%2Fv2%2Ftags&post=122583"}],"curies":[{"name":"wp","href":"https:\/\/api.w.org\/{rel}","templated":true}]}}