{"id":122582,"date":"2007-11-07T14:42:17","date_gmt":"2007-11-07T14:42:17","guid":{"rendered":"http:\/\/diariodominicano.ddns.net\/?p=122582"},"modified":"2007-11-07T14:42:17","modified_gmt":"2007-11-07T14:42:17","slug":"indotel-realizara-talleres-sobre-comunicaciones-inalambricas-rurales","status":"publish","type":"post","link":"https:\/\/diariodominicano.com\/?p=122582","title":{"rendered":"Indotel realizar\u00e1 talleres sobre comunicaciones inal\u00e1mbricas rurales"},"content":{"rendered":"<p><body><\/p>\n<p class=\"titulogrande1\">Indotel  realizar\u00e1 talleres sobre comunicaciones inal\u00e1mbricas rurales<\/p>\n<p>&#13;<\/p>\n<p align=\"justify\"><strong>Ente regulador crea bases  para proyecto conectividad de banda ancha en zonas m\u00e1s pobres del pa\u00eds<\/strong><\/p>\n<p>&#13;<\/p>\n<p align=\"justify\" class=\"text1noticias\"><strong><img loading=\"lazy\" decoding=\"async\" src=\"http:\/\/localhost:8080\/economia\/pictures\/indotel logo1.jpg\" width=\"269\" height=\"140\" hspace=\"4\" align=\"left\" \/>SANTO DOMINGO.-<\/strong> El Instituto  Dominicano de las Telecomunicaciones (Indotel), realizar\u00e1 dos talleres sobre  \u201clas comunicaciones inal\u00e1mbricas rurales, desarrollo y aplicaciones\u201d, en la  sede del ente regulador y en la comunidad de Los Botados de Yamas\u00e1, con la  participaci\u00f3n de tres t\u00e9cnicos peruanos especializados en esta tem\u00e1tica.<\/p>\n<p>&#13;<\/p>\n<p align=\"justify\" class=\"text1noticias\">El secretario de Estado y  presidente del Indotel, \u00a0Jos\u00e9 Rafael  Vargas, inform\u00f3 que los talleres, que est\u00e1n dirigidos al personal, ser\u00e1n  celebrados los d\u00edas 16 de este mes en el sal\u00f3n multiuso de la instituci\u00f3n, y 17  y 18 en Los Botados, Yamas\u00e1. <\/p>\n<p>&#13;<\/p>\n<p align=\"justify\" class=\"text1noticias\">Se\u00f1al\u00f3 que fueron invitados a  estos adiestramientos el doctor Jes\u00fas Guill\u00e9n, y \u00a0Ruddy Valdivia y Jorge Mendoza, del Per\u00fa.<\/p>\n<p>&#13;<\/p>\n<p align=\"justify\" class=\"text1noticias\">Consider\u00f3 este curso como  \u201csumamente importante\u201d, ya que seg\u00fan dijo \u201cdemarca el presente y futuro del  \u00f3rgano regulador del pa\u00eds.\u00a0 <\/p>\n<p>&#13;<\/p>\n<p align=\"justify\" class=\"text1noticias\">Sostuvo que \u201cel 2008 ser\u00e1 el  a\u00f1o de la conectividad, el de capilarizar el campo, las zonas m\u00e1s pobres.  Iremos no solo con este proyecto de Banda Ancha, sino tambi\u00e9n con una clara  pol\u00edtica de conectar el campo, las zonas m\u00e1s deprimidas\u201d. <\/p>\n<p>&#13;<\/p>\n<p align=\"justify\" class=\"text1noticias\">Agreg\u00f3 que \u201clas  comunicaciones inal\u00e1mbricas rurales ser\u00e1n vitales para los pr\u00f3ximos meses. Los  que deseen vivir ese futuro, que comiencen a participar en estos cursos de  formaci\u00f3n. Nuestra meta es que el campo tenga comunicaci\u00f3n eficiente,  principalmente la zona sur. Nuestro mayor empe\u00f1o es la regi\u00f3n sur,  principalmente El\u00edas Pi\u00f1a, Bahoruco, Barahona, Azua, Ocoa. Sus zonas rurales\u201d.<\/p>\n<p>&#13;<\/p>\n<p align=\"justify\" class=\"text1noticias\">Estim\u00f3 que la integraci\u00f3n a esta nueva jornada  permitir\u00e1 al personal del Indotel \u201ccumplir nuestra gran meta y el sue\u00f1o de  todos, crear el equilibrio comunicacional en el pa\u00eds\u201d.<\/p>\n<p>&#13;<\/p>\n<p align=\"justify\" class=\"text1noticias\">El \u201cTaller sobre las  Comunicaciones Inal\u00e1mbricas Rurales, desarrollo y aplicaciones\u201d tendr\u00e1 lugar el  d\u00eda 16 de este mes en el sal\u00f3n multiuso\u00a0  del Indotel, mientras que los d\u00edas 17 y 18\u00a0 se dictar\u00e1\u00a0in situ en Los Botados, con la coordinaci\u00f3n del peruano Edwin San Rom\u00e1n,  quien dirige el proyecto piloto Conectividad Rural de Banda Ancha en esta  comunidad de Yamas\u00e1, Monte Plata.<\/p>\n<p>&#13;<\/p>\n<p align=\"justify\" class=\"text1noticias\">El curso en Los Botados tiene  la particularidad de que dar\u00e1 a los participantes la oportunidad de recibir el  entrenamiento de manera pr\u00e1ctica, en el lugar donde se desarrolla el primer  proyecto piloto de conectividad rural que se multiplicar\u00e1 por toda la geograf\u00eda  nacional.<\/p>\n<p>&#13;<\/p>\n<h6> 2007-11-07 14:42:17 <\/h6>\n<p><!--\n<link rel=\"stylesheet\" href=\"css\/bootstrap.min.css\">\n\n\n<ul class=\"pagination\">\n\t    \n\t\n\n<li >\n\t<a href='?page_no=28461'>Previous<\/a>\n\t<\/li>\n\n\n       \n    \n\n<li><a href='?page_no=1'>1<\/a><\/li>\n\n\n\n<li><a href='?page_no=2'>2<\/a><\/li>\n\n\n\n<li><a>...<\/a><\/li>\n\n\n\n<li><a href='?page_no=28460'>28460<\/a><\/li>\n\n\n\n<li><a href='?page_no=28461'>28461<\/a><\/li>\n\n\n\n<li class='active'><a>28462<\/a><\/li>\n\n\n\n<li><a href='?page_no=28463'>28463<\/a><\/li>\n\n\n\n<li><a href='?page_no=28464'>28464<\/a><\/li>\n\n\n\n<li><a>...<\/a><\/li>\n\n\n\n<li><a href='?page_no=30472'>30472<\/a><\/li>\n\n\n\n<li><a href='?page_no=30473'>30473<\/a><\/li>\n\n    \n\t\n\n<li >\n\t<a href='?page_no=28463'>Next<\/a>\n\t<\/li>\n\n\n    \n\n<li><a href='?page_no=30473'>Last &rsaquo;&rsaquo;<\/a><\/li>\n\n<\/ul>\n\n\n--><br \/>\n<\/body><\/p>\n","protected":false},"excerpt":{"rendered":"<p>Indotel realizar\u00e1 talleres sobre comunicaciones inal\u00e1mbricas rurales &#13; Ente regulador crea bases para proyecto conectividad de banda ancha en zonas m\u00e1s pobres del pa\u00eds &#13; SANTO DOMINGO.- El Instituto Dominicano de las Telecomunicaciones (Indotel), realizar\u00e1 dos talleres sobre \u201clas comunicaciones inal\u00e1mbricas rurales, desarrollo y aplicaciones\u201d, en la sede del ente regulador y en la comunidad [&hellip;]<\/p>\n","protected":false},"author":3,"featured_media":0,"comment_status":"open","ping_status":"open","sticky":false,"template":"","format":"standard","meta":{"footnotes":""},"categories":[18],"tags":[],"class_list":["post-122582","post","type-post","status-publish","format-standard","hentry","category-economia"],"_links":{"self":[{"href":"https:\/\/diariodominicano.com\/index.php?rest_route=\/wp\/v2\/posts\/122582","targetHints":{"allow":["GET"]}}],"collection":[{"href":"https:\/\/diariodominicano.com\/index.php?rest_route=\/wp\/v2\/posts"}],"about":[{"href":"https:\/\/diariodominicano.com\/index.php?rest_route=\/wp\/v2\/types\/post"}],"author":[{"embeddable":true,"href":"https:\/\/diariodominicano.com\/index.php?rest_route=\/wp\/v2\/users\/3"}],"replies":[{"embeddable":true,"href":"https:\/\/diariodominicano.com\/index.php?rest_route=%2Fwp%2Fv2%2Fcomments&post=122582"}],"version-history":[{"count":0,"href":"https:\/\/diariodominicano.com\/index.php?rest_route=\/wp\/v2\/posts\/122582\/revisions"}],"wp:attachment":[{"href":"https:\/\/diariodominicano.com\/index.php?rest_route=%2Fwp%2Fv2%2Fmedia&parent=122582"}],"wp:term":[{"taxonomy":"category","embeddable":true,"href":"https:\/\/diariodominicano.com\/index.php?rest_route=%2Fwp%2Fv2%2Fcategories&post=122582"},{"taxonomy":"post_tag","embeddable":true,"href":"https:\/\/diariodominicano.com\/index.php?rest_route=%2Fwp%2Fv2%2Ftags&post=122582"}],"curies":[{"name":"wp","href":"https:\/\/api.w.org\/{rel}","templated":true}]}}