{"id":122581,"date":"2007-11-07T16:45:55","date_gmt":"2007-11-07T16:45:55","guid":{"rendered":"http:\/\/diariodominicano.ddns.net\/?p=122581"},"modified":"2007-11-07T16:45:55","modified_gmt":"2007-11-07T16:45:55","slug":"asistira-a-productores","status":"publish","type":"post","link":"https:\/\/diariodominicano.com\/?p=122581","title":{"rendered":"Asistir\u00e1 a productores"},"content":{"rendered":"<p><body><\/p>\n<p class=\"titulogrande1\">Asistir\u00e1 a productores<\/p>\n<p>&#13;<\/p>\n<p align=\"justify\" class=\"text1noticias\"><strong>Santo Domingo.-<\/strong> El Secretario  de Agricultura inform\u00f3 que el gobierno acudir\u00e1 en auxilio de todos los  productores que fueron afectado por la tormenta Noel, entreg\u00e1ndole la ayuda necesaria con el fin de incentivar la  producci\u00f3n.<br \/>&#13;<br \/>\n  \u00a0<br \/>&#13;<br \/>\n  Salvador \u2013Ch\u00edo- Jim\u00e9nez dijo  que las autoridades ayudar\u00e1n a los  productores a recuperar las plantaciones  afectadas por las lluvias de las ultimas semanas .<br \/>&#13;<br \/>\n  \u00a0<br \/>&#13;<br \/>\n  Anunci\u00f3 que dentro del Plan Nacional de Recuperaci\u00f3n se  han comenzado a\u00a0 preparar los  terrenos, adem\u00e1s se entregar\u00e1n las  semillas y los fertilizantes necesarios, para que el sector vuelva a tener esplendor a los  productores.<br \/>&#13;<br \/>\n  \u00a0<br \/>&#13;<br \/>\n\u201cUstedes son los que dir\u00e1n lo  que necesitan para sembrar sus predios, porque ustedes son los que saben de eso  y el Presidente Leonel Fern\u00e1ndez tiene mucha confianza en ustedes\u201d, argument\u00f3.<br \/>&#13;<br \/>\n  \u00a0<br \/>&#13;<br \/>\n  Inform\u00f3 que\u00a0 en los \u00faltimos d\u00edas ha estado visitando las distintas regiones del  pa\u00eds , acompa\u00f1ado del director del Instituto Agrario Dominicano, Quilvio  Cabrera y el administrador del Banco Agr\u00edcola, Pa\u00edno Abr\u00e8u, para contactar los  da\u00f1os y estimular a los agricultores a iniciar cuanto antes la siembra.<br \/>&#13;<br \/>\n  \u00a0<br \/>&#13;<br \/>\nAsegur\u00f3 que el programa contempla sembrar los  terrenos afectados por las inundaciones de Noel con rubros de ciclo corto ,con  el plan de rehabilitaci\u00f3n de plantaciones y siembra de nuevos cultivos las  autoridades procuran evitar desabastecimiento y con ello  especulaci\u00f3n y agiotismo en el mercado.<\/p>\n<p>&#13;<\/p>\n<p align=\"justify\" class=\"text1noticias\"><strong>Por<\/strong> Roberto Rodr\u00edguez<\/p>\n<p>&#13;<\/p>\n<h6> 2007-11-07 16:45:55 <\/h6>\n<p><!--\n<link rel=\"stylesheet\" href=\"css\/bootstrap.min.css\">\n\n\n<ul class=\"pagination\">\n\t    \n\t\n\n<li >\n\t<a href='?page_no=28460'>Previous<\/a>\n\t<\/li>\n\n\n       \n    \n\n<li><a href='?page_no=1'>1<\/a><\/li>\n\n\n\n<li><a href='?page_no=2'>2<\/a><\/li>\n\n\n\n<li><a>...<\/a><\/li>\n\n\n\n<li><a href='?page_no=28459'>28459<\/a><\/li>\n\n\n\n<li><a href='?page_no=28460'>28460<\/a><\/li>\n\n\n\n<li class='active'><a>28461<\/a><\/li>\n\n\n\n<li><a href='?page_no=28462'>28462<\/a><\/li>\n\n\n\n<li><a href='?page_no=28463'>28463<\/a><\/li>\n\n\n\n<li><a>...<\/a><\/li>\n\n\n\n<li><a href='?page_no=30472'>30472<\/a><\/li>\n\n\n\n<li><a href='?page_no=30473'>30473<\/a><\/li>\n\n    \n\t\n\n<li >\n\t<a href='?page_no=28462'>Next<\/a>\n\t<\/li>\n\n\n    \n\n<li><a href='?page_no=30473'>Last &rsaquo;&rsaquo;<\/a><\/li>\n\n<\/ul>\n\n\n--><br \/>\n<\/body><\/p>\n","protected":false},"excerpt":{"rendered":"<p>Asistir\u00e1 a productores &#13; Santo Domingo.- El Secretario de Agricultura inform\u00f3 que el gobierno acudir\u00e1 en auxilio de todos los productores que fueron afectado por la tormenta Noel, entreg\u00e1ndole la ayuda necesaria con el fin de incentivar la producci\u00f3n.&#13; \u00a0&#13; Salvador \u2013Ch\u00edo- Jim\u00e9nez dijo que las autoridades ayudar\u00e1n a los productores a recuperar las plantaciones [&hellip;]<\/p>\n","protected":false},"author":3,"featured_media":0,"comment_status":"open","ping_status":"open","sticky":false,"template":"","format":"standard","meta":{"footnotes":""},"categories":[18],"tags":[],"class_list":["post-122581","post","type-post","status-publish","format-standard","hentry","category-economia"],"_links":{"self":[{"href":"https:\/\/diariodominicano.com\/index.php?rest_route=\/wp\/v2\/posts\/122581","targetHints":{"allow":["GET"]}}],"collection":[{"href":"https:\/\/diariodominicano.com\/index.php?rest_route=\/wp\/v2\/posts"}],"about":[{"href":"https:\/\/diariodominicano.com\/index.php?rest_route=\/wp\/v2\/types\/post"}],"author":[{"embeddable":true,"href":"https:\/\/diariodominicano.com\/index.php?rest_route=\/wp\/v2\/users\/3"}],"replies":[{"embeddable":true,"href":"https:\/\/diariodominicano.com\/index.php?rest_route=%2Fwp%2Fv2%2Fcomments&post=122581"}],"version-history":[{"count":0,"href":"https:\/\/diariodominicano.com\/index.php?rest_route=\/wp\/v2\/posts\/122581\/revisions"}],"wp:attachment":[{"href":"https:\/\/diariodominicano.com\/index.php?rest_route=%2Fwp%2Fv2%2Fmedia&parent=122581"}],"wp:term":[{"taxonomy":"category","embeddable":true,"href":"https:\/\/diariodominicano.com\/index.php?rest_route=%2Fwp%2Fv2%2Fcategories&post=122581"},{"taxonomy":"post_tag","embeddable":true,"href":"https:\/\/diariodominicano.com\/index.php?rest_route=%2Fwp%2Fv2%2Ftags&post=122581"}],"curies":[{"name":"wp","href":"https:\/\/api.w.org\/{rel}","templated":true}]}}