{"id":122577,"date":"2007-11-07T17:04:37","date_gmt":"2007-11-07T17:04:37","guid":{"rendered":"http:\/\/diariodominicano.ddns.net\/?p=122577"},"modified":"2007-11-07T17:04:37","modified_gmt":"2007-11-07T17:04:37","slug":"anunciara-plan-de-ahorro-de-combustibles","status":"publish","type":"post","link":"https:\/\/diariodominicano.com\/?p=122577","title":{"rendered":"Anunciar\u00e1  Plan de Ahorro de Combustibles"},"content":{"rendered":"<p><body><\/p>\n<p class=\"titulogrande1\">Anunciar\u00e1  Plan de Ahorro de Combustibles<\/p>\n<p>&#13;<\/p>\n<p align=\"justify\" class=\"text1noticias\"><strong>Santo Domingo.- <\/strong>El \u00a0secretario de Industria y Comercio inform\u00f3 que  el presidente Leonel Fern\u00e1ndez podr\u00eda anunciar en los pr\u00f3ximos d\u00edas el Plan de  Ahorro de Combustibles que le presentara la Secretar\u00eda de Industria  y Comercio junto a la   Comisi\u00f3n Nacional de Energ\u00eda.<\/p>\n<p>&#13;<\/p>\n<p align=\"justify\" class=\"text1noticias\">Melanio Paredes, secretario  de Industria y Comercio, dijo que los problemas generados por la tormenta Noel  han desplazado cualquier otro asunto pendiente.<\/p>\n<p>&#13;<\/p>\n<p align=\"justify\" class=\"text1noticias\">Destac\u00f3 que durante un  encuentro con el mandatario, \u00e9ste le inform\u00f3 que tan pronto el pa\u00eds se recupere  se dirigir\u00e1 al pa\u00eds y hablar\u00e1 de los da\u00f1os provocados por el fen\u00f3meno  atmosf\u00e9rico y las medidas de ahorro de los combustibles y la energ\u00eda.<\/p>\n<p>&#13;<\/p>\n<p align=\"justify\" class=\"text1noticias\">Se\u00f1al\u00f3 que la tormenta Noel  agrav\u00f3 la situaci\u00f3n y puso al descubierto la fragilidad y vulnerabilidad que  tiene el pa\u00eds en el tema de abastecimiento de los combustibles.<\/p>\n<p>&#13;<\/p>\n<p align=\"justify\" class=\"text1noticias\">\u00abUno de los temas que se  ha puesto sobre el tapete es la seguridad y la capacidad de abastecimiento de  carburantes f\u00f3siles. Pienso que la tormenta Noel lo que ha hecho es una especie  de cirug\u00eda sobre tumores, sobre vulnerabilidades que el pa\u00eds ha acumulado por muchos  a\u00f1os\u00bb, dijo.<\/p>\n<p>&#13;<\/p>\n<p align=\"justify\" class=\"text1noticias\">Adelant\u00f3 que el plan  entregado a Fern\u00e1ndez concentra medidas de corto, mediano y largo plazo que  conducir\u00edan al pa\u00eds a una reconversi\u00f3n a gas natural.<\/p>\n<p>&#13;<\/p>\n<p align=\"justify\" class=\"text1noticias\">\u00abSi logramos que el  parque vehicular, sobre todo, el destinado a pasajeros y una parte a la  industria, pase al consumo de gas natural licuado o comprimido, en poco tiempo  podr\u00edamos estar eliminando el subsidio al GLP\u00bb, indic\u00f3.<\/p>\n<p>&#13;<\/p>\n<p align=\"justify\" class=\"text1noticias\">Resalt\u00f3 que para poder vender  gas natural comprimido o el gas natural vehicular es necesario modificar  algunas normas aunque seg\u00fan afirm\u00f3, ya est\u00e1 listo el reglamento para el uso y  la reconversi\u00f3n a gas del parque vehicular.\u00a0 <\/p>\n<p>&#13;<\/p>\n<h6> 2007-11-07 17:04:37 <\/h6>\n<p><!--\n<link rel=\"stylesheet\" href=\"css\/bootstrap.min.css\">\n\n\n<ul class=\"pagination\">\n\t    \n\t\n\n<li >\n\t<a href='?page_no=28456'>Previous<\/a>\n\t<\/li>\n\n\n       \n    \n\n<li><a href='?page_no=1'>1<\/a><\/li>\n\n\n\n<li><a href='?page_no=2'>2<\/a><\/li>\n\n\n\n<li><a>...<\/a><\/li>\n\n\n\n<li><a href='?page_no=28455'>28455<\/a><\/li>\n\n\n\n<li><a href='?page_no=28456'>28456<\/a><\/li>\n\n\n\n<li class='active'><a>28457<\/a><\/li>\n\n\n\n<li><a href='?page_no=28458'>28458<\/a><\/li>\n\n\n\n<li><a href='?page_no=28459'>28459<\/a><\/li>\n\n\n\n<li><a>...<\/a><\/li>\n\n\n\n<li><a href='?page_no=30472'>30472<\/a><\/li>\n\n\n\n<li><a href='?page_no=30473'>30473<\/a><\/li>\n\n    \n\t\n\n<li >\n\t<a href='?page_no=28458'>Next<\/a>\n\t<\/li>\n\n\n    \n\n<li><a href='?page_no=30473'>Last &rsaquo;&rsaquo;<\/a><\/li>\n\n<\/ul>\n\n\n--><br \/>\n<\/body><\/p>\n","protected":false},"excerpt":{"rendered":"<p>Anunciar\u00e1 Plan de Ahorro de Combustibles &#13; Santo Domingo.- El \u00a0secretario de Industria y Comercio inform\u00f3 que el presidente Leonel Fern\u00e1ndez podr\u00eda anunciar en los pr\u00f3ximos d\u00edas el Plan de Ahorro de Combustibles que le presentara la Secretar\u00eda de Industria y Comercio junto a la Comisi\u00f3n Nacional de Energ\u00eda. &#13; Melanio Paredes, secretario de Industria [&hellip;]<\/p>\n","protected":false},"author":3,"featured_media":0,"comment_status":"open","ping_status":"open","sticky":false,"template":"","format":"standard","meta":{"footnotes":""},"categories":[18],"tags":[],"class_list":["post-122577","post","type-post","status-publish","format-standard","hentry","category-economia"],"_links":{"self":[{"href":"https:\/\/diariodominicano.com\/index.php?rest_route=\/wp\/v2\/posts\/122577","targetHints":{"allow":["GET"]}}],"collection":[{"href":"https:\/\/diariodominicano.com\/index.php?rest_route=\/wp\/v2\/posts"}],"about":[{"href":"https:\/\/diariodominicano.com\/index.php?rest_route=\/wp\/v2\/types\/post"}],"author":[{"embeddable":true,"href":"https:\/\/diariodominicano.com\/index.php?rest_route=\/wp\/v2\/users\/3"}],"replies":[{"embeddable":true,"href":"https:\/\/diariodominicano.com\/index.php?rest_route=%2Fwp%2Fv2%2Fcomments&post=122577"}],"version-history":[{"count":0,"href":"https:\/\/diariodominicano.com\/index.php?rest_route=\/wp\/v2\/posts\/122577\/revisions"}],"wp:attachment":[{"href":"https:\/\/diariodominicano.com\/index.php?rest_route=%2Fwp%2Fv2%2Fmedia&parent=122577"}],"wp:term":[{"taxonomy":"category","embeddable":true,"href":"https:\/\/diariodominicano.com\/index.php?rest_route=%2Fwp%2Fv2%2Fcategories&post=122577"},{"taxonomy":"post_tag","embeddable":true,"href":"https:\/\/diariodominicano.com\/index.php?rest_route=%2Fwp%2Fv2%2Ftags&post=122577"}],"curies":[{"name":"wp","href":"https:\/\/api.w.org\/{rel}","templated":true}]}}