{"id":122575,"date":"2007-11-08T13:40:58","date_gmt":"2007-11-08T13:40:58","guid":{"rendered":"http:\/\/diariodominicano.ddns.net\/?p=122575"},"modified":"2007-11-08T13:40:58","modified_gmt":"2007-11-08T13:40:58","slug":"designan-a-dominicano-steven-j-puig-como-vicepresidente-del-bid","status":"publish","type":"post","link":"https:\/\/diariodominicano.com\/?p=122575","title":{"rendered":"Designan a dominicano Steven J. Puig como vicepresidente del BID"},"content":{"rendered":"<p><body><\/p>\n<p class=\"titulogrande1\">Designan  a dominicano Steven J. Puig como vicepresidente del BID<\/p>\n<p>&#13;<\/p>\n<p align=\"justify\" class=\"text1noticias\"><strong><img loading=\"lazy\" decoding=\"async\" src=\"http:\/\/localhost:8080\/economia\/pictures\/banco bid.jpg\" width=\"269\" height=\"296\" hspace=\"4\" align=\"left\" \/>SANTO DOMINGO.- <\/strong>El Directorio  Ejecutivo del Banco Interamericano de Desarrollo inform\u00f3 que design\u00f3 al  dominicano\u00a0 Steven J. Puig como  vicepresidente del Sector Privado y Operaciones sin Garant\u00eda Soberana, cargo  que asumi\u00f3 de inmediato.<\/p>\n<p>&#13;<\/p>\n<p align=\"justify\" class=\"text1noticias\">El organismo financiero  multilateral explica en su p\u00e1gina WEB que en su nueva posici\u00f3n, Puig coordinar\u00e1  los programas operativos del sector privado y sin garant\u00eda soberana del Grupo  BID, adem\u00e1s del desarrollo e implementaci\u00f3n de un plan integrado de negocios  del sector privado y de los planes de las entidades que integran el \u00e1rea del  sector privado.<\/p>\n<p>&#13;<\/p>\n<p align=\"justify\" class=\"text1noticias\">El Grupo BID est\u00e1 formado por  el BID, el Fondo Multilateral de Inversiones (FOMIN) y la Corporaci\u00f3n Interamericana  de Inversiones (CII). El \u00e1rea de responsabilidad de Puig incluye adem\u00e1s dentro  del BID al Departamento de Financiamiento Estructurado y Corporativo (SCF) y al  Sector de Oportunidades para la   Mayor\u00eda (OMJ).<\/p>\n<p>&#13;<\/p>\n<p align=\"justify\" class=\"text1noticias\">Antes de su designaci\u00f3n en el  BID, Puig estuvo a cargo del \u00e1rea de Productos de Comercio Exterior para  Am\u00e9rica Latina del Citigroup, con sede en Miami. Previamente, ocup\u00f3 los puestos  de presidente del Citibank en Colombia, presidente del Citibank en El Salvador  y jefe de Banca Corporativa y Finanzas Corporativas de Citibank en Rep\u00fablica  Dominicana. <\/p>\n<p>&#13;<\/p>\n<p align=\"justify\" class=\"text1noticias\">Antes de su ingreso a  Citigroup Puig se desempe\u00f1\u00f3 en el equipo gerencial de los grupos empresariales  Ambar y Reid &amp; Perellano en la Rep\u00fablica Dominicana.<\/p>\n<p>&#13;<\/p>\n<p align=\"justify\" class=\"text1noticias\">Puig, ciudadano de la Rep\u00fablica Dominicana  y de los Estados Unidos, posee una maestr\u00eda en Administraci\u00f3n Internacional, de  la American Graduate  School of International Management de Arizona y se gradu\u00f3 previamente de la Edmund A. Walsh School  of Foreign Service de la   Universidad de Georgetown, en Washington, D.C.<\/p>\n<p>&#13;<\/p>\n<p align=\"justify\" class=\"text1noticias\">El BID es la principal fuente  de financiamiento multilateral para Am\u00e9rica Latina y el Caribe.<\/p>\n<p>&#13;<\/p>\n<h6> 2007-11-08 13:40:58 <\/h6>\n<p><!--\n<link rel=\"stylesheet\" href=\"css\/bootstrap.min.css\">\n\n\n<ul class=\"pagination\">\n\t    \n\t\n\n<li >\n\t<a href='?page_no=28454'>Previous<\/a>\n\t<\/li>\n\n\n       \n    \n\n<li><a href='?page_no=1'>1<\/a><\/li>\n\n\n\n<li><a href='?page_no=2'>2<\/a><\/li>\n\n\n\n<li><a>...<\/a><\/li>\n\n\n\n<li><a href='?page_no=28453'>28453<\/a><\/li>\n\n\n\n<li><a href='?page_no=28454'>28454<\/a><\/li>\n\n\n\n<li class='active'><a>28455<\/a><\/li>\n\n\n\n<li><a href='?page_no=28456'>28456<\/a><\/li>\n\n\n\n<li><a href='?page_no=28457'>28457<\/a><\/li>\n\n\n\n<li><a>...<\/a><\/li>\n\n\n\n<li><a href='?page_no=30472'>30472<\/a><\/li>\n\n\n\n<li><a href='?page_no=30473'>30473<\/a><\/li>\n\n    \n\t\n\n<li >\n\t<a href='?page_no=28456'>Next<\/a>\n\t<\/li>\n\n\n    \n\n<li><a href='?page_no=30473'>Last &rsaquo;&rsaquo;<\/a><\/li>\n\n<\/ul>\n\n\n--><br \/>\n<\/body><\/p>\n","protected":false},"excerpt":{"rendered":"<p>Designan a dominicano Steven J. Puig como vicepresidente del BID &#13; SANTO DOMINGO.- El Directorio Ejecutivo del Banco Interamericano de Desarrollo inform\u00f3 que design\u00f3 al dominicano\u00a0 Steven J. Puig como vicepresidente del Sector Privado y Operaciones sin Garant\u00eda Soberana, cargo que asumi\u00f3 de inmediato. &#13; El organismo financiero multilateral explica en su p\u00e1gina WEB que [&hellip;]<\/p>\n","protected":false},"author":3,"featured_media":0,"comment_status":"open","ping_status":"open","sticky":false,"template":"","format":"standard","meta":{"footnotes":""},"categories":[18],"tags":[],"class_list":["post-122575","post","type-post","status-publish","format-standard","hentry","category-economia"],"_links":{"self":[{"href":"https:\/\/diariodominicano.com\/index.php?rest_route=\/wp\/v2\/posts\/122575","targetHints":{"allow":["GET"]}}],"collection":[{"href":"https:\/\/diariodominicano.com\/index.php?rest_route=\/wp\/v2\/posts"}],"about":[{"href":"https:\/\/diariodominicano.com\/index.php?rest_route=\/wp\/v2\/types\/post"}],"author":[{"embeddable":true,"href":"https:\/\/diariodominicano.com\/index.php?rest_route=\/wp\/v2\/users\/3"}],"replies":[{"embeddable":true,"href":"https:\/\/diariodominicano.com\/index.php?rest_route=%2Fwp%2Fv2%2Fcomments&post=122575"}],"version-history":[{"count":0,"href":"https:\/\/diariodominicano.com\/index.php?rest_route=\/wp\/v2\/posts\/122575\/revisions"}],"wp:attachment":[{"href":"https:\/\/diariodominicano.com\/index.php?rest_route=%2Fwp%2Fv2%2Fmedia&parent=122575"}],"wp:term":[{"taxonomy":"category","embeddable":true,"href":"https:\/\/diariodominicano.com\/index.php?rest_route=%2Fwp%2Fv2%2Fcategories&post=122575"},{"taxonomy":"post_tag","embeddable":true,"href":"https:\/\/diariodominicano.com\/index.php?rest_route=%2Fwp%2Fv2%2Ftags&post=122575"}],"curies":[{"name":"wp","href":"https:\/\/api.w.org\/{rel}","templated":true}]}}