{"id":122573,"date":"2007-11-08T17:01:20","date_gmt":"2007-11-08T17:01:20","guid":{"rendered":"http:\/\/diariodominicano.ddns.net\/?p=122573"},"modified":"2007-11-08T17:01:20","modified_gmt":"2007-11-08T17:01:20","slug":"solicita-la-habilitacion-de-mercados-de-productores-en-la-provincia-de-santo-domingo-para-hacer-frente-a-la-especulacion","status":"publish","type":"post","link":"https:\/\/diariodominicano.com\/?p=122573","title":{"rendered":"Solicita  la habilitaci\u00f3n de mercados de productores en la provincia de Santo Domingo, para hacer frente a la especulaci\u00f3n"},"content":{"rendered":"<p><body><\/p>\n<p align=\"justify\" class=\"titulogrande1\"><strong>Solicita \u00a0la  habilitaci\u00f3n de mercados de productores\u00a0en la provincia de Santo Domingo, para hacer frente a la especulaci\u00f3n<\/strong><\/p>\n<p>&#13;<\/p>\n<p align=\"justify\" class=\"text1noticias\"><strong>Provincia  Santo Domingo.- <\/strong>El presidente del movimiento Reformista Con Leonel, \u00a0Miguel Bogaert, dijo que urge la creaci\u00f3n de  mercados de productores, para que los productos del campo puedan llegar\u00a0 a bajos precios a la poblaci\u00f3n despu\u00e9s del  paso de la tormenta tropical Noel por el pa\u00eds.<\/p>\n<p>&#13;<\/p>\n<p align=\"justify\" class=\"text1noticias\">Dijo que m\u00e1s que nunca los  barrios de la provincia de Santo Domingo, necesitan el apoyo de las instituciones  del Gobierno en materia agropecuaria, para que los m\u00e1s afectados puedan acceder  a la compra de los productos del campo.<\/p>\n<p>&#13;<\/p>\n<p align=\"justify\" class=\"text1noticias\">Entiende que con estos  mercados, diseminados en puntos estrat\u00e9gicos de la provincia se llevar\u00eda  tranquilidad a las miles\u00a0 de familias m\u00e1s  vulnerables y de bajos ingresos, afectadas por la especulaci\u00f3n de comerciantes  que quieren hacer \u201csu agosto\u201d.<\/p>\n<p>&#13;<\/p>\n<p align=\"justify\" class=\"text1noticias\">Bogaert habl\u00f3 en momentos que  encabezaba un operativo de distribuci\u00f3n de alimentos a familias afectadas por  la tormenta Noel en diferentes barrios de la provincia de Santo Domingo a  quienes entreg\u00f3 raciones alimenticias.<\/p>\n<p>&#13;<\/p>\n<p align=\"justify\" class=\"text1noticias\">Entre los sectores  beneficiados por las ayudas figuran San Luis, Palav\u00e9, La Altagracia y el Iv\u00e1n en  Herrara, Buenos Aires, 12 de Haina, Manoguayabo\u00a0  y Las Palmas.<\/p>\n<p>&#13;<\/p>\n<p align=\"justify\" class=\"text1noticias\">Agreg\u00f3 que \u201ces necesario que  los dominicanos pongamos cada uno, nuestro granito de arena para contrarrestar  la situaci\u00f3n de calamidad por la que est\u00e1n atravesando cientos de familias como  consecuencias del paso de la tormenta tropical Noel\u201d.<\/p>\n<p>&#13;<\/p>\n<p align=\"justify\" class=\"text1noticias\">Bogaert  se present\u00f3 a los lugares ya mencionados, cargado con m\u00e1s de dos mil raciones  alimenticias, las cuales fueron entregadas a personas humildes de los municipios Santo Domingo Este y Oeste.<\/p>\n<p>&#13;<\/p>\n<p align=\"justify\" class=\"text1noticias\">Dijo  que las raciones alimenticias contienen arroz, leche, aceite, habichuela, sopas  y carne enlatada, harina de ma\u00edz, entre otros productos de la canasta familiar.<\/p>\n<p>&#13;<\/p>\n<p align=\"justify\" class=\"text1noticias\">De  igual modo el presidente del Movimiento Reformista con Leonel llam\u00f3 a la  poblaci\u00f3n dominicana a no desesperarse, ya que el Presidente Fern\u00e1ndez hace  todos los esfuerzos para que el pa\u00eds retorne a la normalidad despu\u00e9s del paso  del fen\u00f3meno atmosf\u00e9rico.<\/p>\n<p>&#13;<\/p>\n<h6> 2007-11-08 17:01:20 <\/h6>\n<p><!--\n<link rel=\"stylesheet\" href=\"css\/bootstrap.min.css\">\n\n\n<ul class=\"pagination\">\n\t    \n\t\n\n<li >\n\t<a href='?page_no=28452'>Previous<\/a>\n\t<\/li>\n\n\n       \n    \n\n<li><a href='?page_no=1'>1<\/a><\/li>\n\n\n\n<li><a href='?page_no=2'>2<\/a><\/li>\n\n\n\n<li><a>...<\/a><\/li>\n\n\n\n<li><a href='?page_no=28451'>28451<\/a><\/li>\n\n\n\n<li><a href='?page_no=28452'>28452<\/a><\/li>\n\n\n\n<li class='active'><a>28453<\/a><\/li>\n\n\n\n<li><a href='?page_no=28454'>28454<\/a><\/li>\n\n\n\n<li><a href='?page_no=28455'>28455<\/a><\/li>\n\n\n\n<li><a>...<\/a><\/li>\n\n\n\n<li><a href='?page_no=30472'>30472<\/a><\/li>\n\n\n\n<li><a href='?page_no=30473'>30473<\/a><\/li>\n\n    \n\t\n\n<li >\n\t<a href='?page_no=28454'>Next<\/a>\n\t<\/li>\n\n\n    \n\n<li><a href='?page_no=30473'>Last &rsaquo;&rsaquo;<\/a><\/li>\n\n<\/ul>\n\n\n--><br \/>\n<\/body><\/p>\n","protected":false},"excerpt":{"rendered":"<p>Solicita \u00a0la habilitaci\u00f3n de mercados de productores\u00a0en la provincia de Santo Domingo, para hacer frente a la especulaci\u00f3n &#13; Provincia Santo Domingo.- El presidente del movimiento Reformista Con Leonel, \u00a0Miguel Bogaert, dijo que urge la creaci\u00f3n de mercados de productores, para que los productos del campo puedan llegar\u00a0 a bajos precios a la poblaci\u00f3n despu\u00e9s [&hellip;]<\/p>\n","protected":false},"author":3,"featured_media":0,"comment_status":"open","ping_status":"open","sticky":false,"template":"","format":"standard","meta":{"footnotes":""},"categories":[18],"tags":[],"class_list":["post-122573","post","type-post","status-publish","format-standard","hentry","category-economia"],"_links":{"self":[{"href":"https:\/\/diariodominicano.com\/index.php?rest_route=\/wp\/v2\/posts\/122573","targetHints":{"allow":["GET"]}}],"collection":[{"href":"https:\/\/diariodominicano.com\/index.php?rest_route=\/wp\/v2\/posts"}],"about":[{"href":"https:\/\/diariodominicano.com\/index.php?rest_route=\/wp\/v2\/types\/post"}],"author":[{"embeddable":true,"href":"https:\/\/diariodominicano.com\/index.php?rest_route=\/wp\/v2\/users\/3"}],"replies":[{"embeddable":true,"href":"https:\/\/diariodominicano.com\/index.php?rest_route=%2Fwp%2Fv2%2Fcomments&post=122573"}],"version-history":[{"count":0,"href":"https:\/\/diariodominicano.com\/index.php?rest_route=\/wp\/v2\/posts\/122573\/revisions"}],"wp:attachment":[{"href":"https:\/\/diariodominicano.com\/index.php?rest_route=%2Fwp%2Fv2%2Fmedia&parent=122573"}],"wp:term":[{"taxonomy":"category","embeddable":true,"href":"https:\/\/diariodominicano.com\/index.php?rest_route=%2Fwp%2Fv2%2Fcategories&post=122573"},{"taxonomy":"post_tag","embeddable":true,"href":"https:\/\/diariodominicano.com\/index.php?rest_route=%2Fwp%2Fv2%2Ftags&post=122573"}],"curies":[{"name":"wp","href":"https:\/\/api.w.org\/{rel}","templated":true}]}}