{"id":122572,"date":"2007-11-08T18:59:10","date_gmt":"2007-11-08T18:59:10","guid":{"rendered":"http:\/\/diariodominicano.ddns.net\/?p=122572"},"modified":"2007-11-08T18:59:10","modified_gmt":"2007-11-08T18:59:10","slug":"avelino-abreu-presenta-nuevos-modelos-subaru","status":"publish","type":"post","link":"https:\/\/diariodominicano.com\/?p=122572","title":{"rendered":"Avelino Abreu presenta nuevos modelos Subaru"},"content":{"rendered":"<p><body><\/p>\n<p><span class=\"titulogrande1\"><strong>Avelino Abreu presenta<\/strong> <strong>nuevos modelos Subaru<\/strong><\/span> <\/p>\n<p>&#13;<\/p>\n<p align=\"justify\" class=\"text1noticias\"><strong><img loading=\"lazy\" decoding=\"async\" src=\"http:\/\/localhost:8080\/economia\/pictures\/subaruu.jpg\" width=\"269\" height=\"1291\" hspace=\"4\" align=\"left\" \/>SANTO DOMINGO.- <\/strong>Avelino Abreu, C x A. present\u00f3 este mi\u00e9rcoles los  autos Tribeca e Impresa, dos nuevos modelos de la marca de veh\u00edculos Subaru con  atractivo dise\u00f1o exterior e interior, tecnolog\u00eda confiable y de alta calidad de  sus componentes, que seg\u00fan la compa\u00f1\u00eda,\u00a0 se  ganar\u00e1 un lugar preferencial en el mercado dominicano.<\/p>\n<p>&#13;<\/p>\n<p align=\"justify\" class=\"text1noticias\">El lanzamiento fue realizado en el Showroom Subaru, ubicado en  la\u00a0 avenida John F. Kennedy, kil\u00f3metro  seis y medio, encabezado por la \u00a0presidenta  ejecuitiva Milagros Abreu, el gerente general de Ssangyon y Subaru Jos\u00e9 Manuel  Almonte, el gerente de ventas de la marca Subaru, Lu\u00eds Tejada y otros  ejecutivos de la empresa.<\/p>\n<p>&#13;<\/p>\n<p align=\"justify\" class=\"text1noticias\"> Tejada dijo que el nuevo Subaru Tribeca tiene un motor boxer con  una capacidad de 3 mil 600 cc, seis cilindros, 256 caballos de fuerza y 247 libras de torque,  caracter\u00edsticas que lo hacen un veh\u00edculo de gran potencia.<\/p>\n<p>&#13;<\/p>\n<p align=\"justify\" class=\"text1noticias\">Indic\u00f3 que el nuevo dise\u00f1o tiene una capacidad para siete  personas, tres l\u00edneas de asientos en piel y un interior confortable.<\/p>\n<p>&#13;<\/p>\n<p align=\"justify\" class=\"text1noticias\">Explic\u00f3 que el Tribeca dispone de asientos el\u00e9ctricos, AWD (all  Wheel drive), 8 bolsas de aire, gu\u00eda multi funci\u00f3n y rear view camera.<\/p>\n<p>&#13;<\/p>\n<p align=\"justify\" class=\"text1noticias\">El nuevo dise\u00f1o cuenta con aros de 19 pulgadas, luces de  xen\u00f3n, radio de seis cd y mp tres in dash y aire acondicionado climatronic con  doble zona de temperatura.<\/p>\n<p>&#13;<\/p>\n<p align=\"justify\" class=\"text1noticias\">Dijo que el nuevo modelo de Subaru viene a llenar las expectativas  de un gran p\u00fablico en la Rep\u00fablica Dominicana que cada a\u00f1o espera  innovaciones que satisfagan sus necesidades.<\/p>\n<p>&#13;<\/p>\n<p align=\"justify\" class=\"text1noticias\"> Expres\u00f3 que este veh\u00edculo fue dise\u00f1ado pensando en un cliente que  busca lo mejor en un veh\u00edculo y que est\u00e9 a la altura de los nuevos tiempos.<\/p>\n<p>&#13;<\/p>\n<p align=\"justify\" class=\"text1noticias\">Por su parte, Almonte explic\u00f3 que el modelo viene equipado con un  potente motor 3.600cc que genera una potencia de 256 HP, Simmetrical AWD,  tracci\u00f3n inteligente en todo momento, transmisi\u00f3n Tip-Tronic de cinco  velocidades.<\/p>\n<p>&#13;<\/p>\n<p align=\"justify\" class=\"text1noticias\">Almonte explic\u00f3 tambi\u00e9n que el auto m\u00f3vil incluye en su interior una  c\u00f3moda tercera fila de asientos, por lo que concider\u00f3 \u201cque estas  caracter\u00edsticas y muchas m\u00e1s han hecho que el Tribeca ocupe un lugar  preferencial a la hora de elegir un SUV\u201d.<\/p>\n<p>&#13;<\/p>\n<p align=\"justify\" class=\"text1noticias\">\u201cEste nuevo modelo incorpora adem\u00e1s un renovado dise\u00f1o frontal\u00a0 con una identidad visual totalmente  futurista, luces de xenon, aros de aleaci\u00f3n de 18\u201d pulgadas , suspensiones  independientes, y adelantos tecnol\u00f3gicos como la disponibilidad reproductor de  MP tres con capacidad para seis CD y\u00a0  gu\u00eda multifunciones\u201d, explic\u00f3 Almonte.<br \/>&#13;<br \/>\n  <br \/>&#13;<br \/>\n  Resalt\u00f3 que el nuevo auto m\u00f3vil cuenta adem\u00e1s con una c\u00e1mara  trasera que le garantiza al conductor una total visibilidad a la hora de dar  marcha hacia atr\u00e1s.<\/p>\n<p>&#13;<\/p>\n<p align=\"justify\" class=\"text1noticias\">\u201cPodemos decir, sin temor a equivocarnos, que Subaru\u00a0 seguir\u00e1 marcando el paso en el segmento de  los SUV modernos, manteniendo la calidad que lo ha caracterizado y la  confiabilidad del servicio post-venta que ofrecemos en Avelino Abreu, C. por  A.\u201d, a\u00f1adi\u00f3 Almonte.<\/p>\n<p>&#13;<\/p>\n<h6> 2007-11-08 18:59:10 <\/h6>\n<p><!--\n<link rel=\"stylesheet\" href=\"css\/bootstrap.min.css\">\n\n\n<ul class=\"pagination\">\n\t    \n\t\n\n<li >\n\t<a href='?page_no=28451'>Previous<\/a>\n\t<\/li>\n\n\n       \n    \n\n<li><a href='?page_no=1'>1<\/a><\/li>\n\n\n\n<li><a href='?page_no=2'>2<\/a><\/li>\n\n\n\n<li><a>...<\/a><\/li>\n\n\n\n<li><a href='?page_no=28450'>28450<\/a><\/li>\n\n\n\n<li><a href='?page_no=28451'>28451<\/a><\/li>\n\n\n\n<li class='active'><a>28452<\/a><\/li>\n\n\n\n<li><a href='?page_no=28453'>28453<\/a><\/li>\n\n\n\n<li><a href='?page_no=28454'>28454<\/a><\/li>\n\n\n\n<li><a>...<\/a><\/li>\n\n\n\n<li><a href='?page_no=30472'>30472<\/a><\/li>\n\n\n\n<li><a href='?page_no=30473'>30473<\/a><\/li>\n\n    \n\t\n\n<li >\n\t<a href='?page_no=28453'>Next<\/a>\n\t<\/li>\n\n\n    \n\n<li><a href='?page_no=30473'>Last &rsaquo;&rsaquo;<\/a><\/li>\n\n<\/ul>\n\n\n--><br \/>\n<\/body><\/p>\n","protected":false},"excerpt":{"rendered":"<p>Avelino Abreu presenta nuevos modelos Subaru &#13; SANTO DOMINGO.- Avelino Abreu, C x A. present\u00f3 este mi\u00e9rcoles los autos Tribeca e Impresa, dos nuevos modelos de la marca de veh\u00edculos Subaru con atractivo dise\u00f1o exterior e interior, tecnolog\u00eda confiable y de alta calidad de sus componentes, que seg\u00fan la compa\u00f1\u00eda,\u00a0 se ganar\u00e1 un lugar preferencial [&hellip;]<\/p>\n","protected":false},"author":3,"featured_media":0,"comment_status":"open","ping_status":"open","sticky":false,"template":"","format":"standard","meta":{"footnotes":""},"categories":[18],"tags":[],"class_list":["post-122572","post","type-post","status-publish","format-standard","hentry","category-economia"],"_links":{"self":[{"href":"https:\/\/diariodominicano.com\/index.php?rest_route=\/wp\/v2\/posts\/122572","targetHints":{"allow":["GET"]}}],"collection":[{"href":"https:\/\/diariodominicano.com\/index.php?rest_route=\/wp\/v2\/posts"}],"about":[{"href":"https:\/\/diariodominicano.com\/index.php?rest_route=\/wp\/v2\/types\/post"}],"author":[{"embeddable":true,"href":"https:\/\/diariodominicano.com\/index.php?rest_route=\/wp\/v2\/users\/3"}],"replies":[{"embeddable":true,"href":"https:\/\/diariodominicano.com\/index.php?rest_route=%2Fwp%2Fv2%2Fcomments&post=122572"}],"version-history":[{"count":0,"href":"https:\/\/diariodominicano.com\/index.php?rest_route=\/wp\/v2\/posts\/122572\/revisions"}],"wp:attachment":[{"href":"https:\/\/diariodominicano.com\/index.php?rest_route=%2Fwp%2Fv2%2Fmedia&parent=122572"}],"wp:term":[{"taxonomy":"category","embeddable":true,"href":"https:\/\/diariodominicano.com\/index.php?rest_route=%2Fwp%2Fv2%2Fcategories&post=122572"},{"taxonomy":"post_tag","embeddable":true,"href":"https:\/\/diariodominicano.com\/index.php?rest_route=%2Fwp%2Fv2%2Ftags&post=122572"}],"curies":[{"name":"wp","href":"https:\/\/api.w.org\/{rel}","templated":true}]}}