{"id":122570,"date":"2007-11-09T04:30:51","date_gmt":"2007-11-09T04:30:51","guid":{"rendered":"http:\/\/diariodominicano.ddns.net\/?p=122570"},"modified":"2007-11-09T04:30:51","modified_gmt":"2007-11-09T04:30:51","slug":"paino-abreu-collado-garantiza-prestamos-a-productores-de-cacao-organico-del-nordeste","status":"publish","type":"post","link":"https:\/\/diariodominicano.com\/?p=122570","title":{"rendered":"Pa\u00edno Abreu Collado garantiza pr\u00e9stamos a productores de cacao org\u00e1nico del Nordeste"},"content":{"rendered":"<p><body><\/p>\n<p align=\"justify\" class=\"titulogrande1\">Pa\u00edno Abreu  Collado garantiza pr\u00e9stamos a productores de  cacao org\u00e1nico del Nordeste <\/p>\n<p>&#13;<\/p>\n<p align=\"justify\" class=\"text1noticias\"><strong><img loading=\"lazy\" decoding=\"async\" src=\"http:\/\/localhost:8080\/economia\/pictures\/paino abreu foto.jpg\" width=\"269\" height=\"179\" hspace=\"4\" align=\"left\" \/>SAN FRANCISCO DE MACORIS.-<\/strong> El  administrador del Banco Agr\u00edcola, ingeniero Pa\u00edno Abreu Collado, garantiz\u00f3 el  otorgamiento de financiamientos a decenas de productores de cacao org\u00e1nico  agrupados en la   Cooperativa de Productores Agropecuarios (Cooproagro), para  infraestructura de beneficiado y mantenimiento de plantaciones del cultivo en  la regi\u00f3n Nordeste. <\/p>\n<p>&#13;<\/p>\n<p align=\"justify\" class=\"text1noticias\">Dijo que la instituci\u00f3n financiera est\u00e1  identificada plenamente con el desarrollo rural, y la iniciativa de los  productores de agruparse en una cooperativa debe ser respaldada porque es la  forma que tienen los peque\u00f1os de lograr fortaleza y obtener riqueza. <\/p>\n<p>&#13;<\/p>\n<p align=\"justify\" class=\"text1noticias\">Durante un encuentro con cacaotaleros  del Nordeste en la finca del productor Francisco Oleaga, en la secci\u00f3n Naranjo  Dulce Abajo del municipio de San Francisco de Macor\u00eds, Abreu Collado afirm\u00f3 que  el Bagr\u00edcola se est\u00e1 transformando con el objetivo de que sus operaciones  tengan un mayor alcance en la zona rural. <\/p>\n<p>&#13;<\/p>\n<p align=\"justify\" class=\"text1noticias\">La Cooperativa de Productores  Agropecuarios export\u00f3 a Europa en el pasado a\u00f1o cacaotalero 57 mil quintales de  cacao org\u00e1nico. Agrupa a 1,500\u00a0  agricultores de diferentes comunidades del Nordeste y mueve m\u00e1s de 200  millones de pesos anuales. <\/p>\n<p>&#13;<\/p>\n<p align=\"justify\" class=\"text1noticias\">Abreu Collado sostuvo que Rep\u00fablica  Dominicana es el primer exportador de cacao org\u00e1nico del mundo, y el Banco  Agr\u00edcola aportar\u00e1 sus recursos econ\u00f3micos para que se consolide ese nicho de  mercado internacional. <\/p>\n<p>&#13;<\/p>\n<p align=\"justify\" class=\"text1noticias\">Explic\u00f3 que el hecho de agruparse en una  cooperativa abarata el costo del dinero ya que el Bagr\u00edcola no tiene que llegar  individualmente a los 1,500 productores, sino a la entidad que los agrupa,  facilit\u00e1ndose y ampliando sus operaciones en el campo, \u00b4\u00b4por lo que estamos en  disposici\u00f3n de apoyar este sistema\u00b4\u00b4. <br \/>&#13;<br \/>\n\u00a0\u00a0 <br \/>&#13;<br \/>\nPrecis\u00f3 que el mercado exige calidad y  para poder competir hay que invertir en tecnolog\u00eda, en equipos e  infraestructura para la innovaci\u00f3n, aunque resulte m\u00e1s caro hay que hacerlo  para insertarse ese nicho de mercado internacional y poder aprovechar los  mejores precios. <br \/>&#13;<br \/>\n\u00a0\u00a0\u00a0\u00a0\u00a0\u00a0\u00a0\u00a0\u00a0\u00a0\u00a0\u00a0\u00a0\u00a0\u00a0\u00a0\u00a0\u00a0\u00a0\u00a0\u00a0\u00a0\u00a0\u00a0\u00a0\u00a0\u00a0\u00a0\u00a0\u00a0\u00a0\u00a0\u00a0\u00a0\u00a0\u00a0\u00a0\u00a0\u00a0\u00a0\u00a0\u00a0\u00a0\u00a0\u00a0\u00a0\u00a0\u00a0\u00a0\u00a0\u00a0\u00a0 <br \/>&#13;<br \/>\nDijo que el Banco Agr\u00edcola es el  principal soporte financiero del campo, con una cartera crediticia de m\u00e1s de  5,500 millones de pesos, con activos por encima de los RD$7,400 millones y  dep\u00f3sitos en ahorros del p\u00fablico por un monto de RD$3,700 millones. <\/p>\n<p>&#13;<\/p>\n<p align=\"justify\" class=\"text1noticias\">Precis\u00f3 que la instituci\u00f3n est\u00e1 en  disposici\u00f3n de otorgar financiamientos a todos los sectores productivos del  campo y a las personas individuales que soliciten y califiquen, sin importar el  partido pol\u00edtico a que pertenezcan. <\/p>\n<p>&#13;<\/p>\n<p align=\"justify\" class=\"text1noticias\">Por su parte, Toribio de la Cruz, presidente de la Cooperativa de  Productores Agropecuarios, dijo que con la ayuda del Banco Agr\u00edcola se  continuar\u00e1 ampliando las instalaciones de fermentaci\u00f3n y secado del cacao org\u00e1nico,  lo que permitir\u00e1 aumentar las exportaciones del producto y las operaciones. <\/p>\n<p>&#13;<\/p>\n<p align=\"justify\" class=\"text1noticias\">Expres\u00f3 que los socios de Cooproagro  tienen inter\u00e9s de progresar y por eso acuden al Bagr\u00edcola porque es la  instituci\u00f3n que siempre se ha identificado y ha respaldado a los productores  del campo. <\/p>\n<p>&#13;<\/p>\n<p align=\"justify\" class=\"text1noticias\">En el encuentro tambi\u00e9n intervinieron el  diputado Juan Compr\u00e9s, Ram\u00f3n Ramos, presidente de la Cooperativa del  Nordeste (COOPENOR), Rafael Moreno, director de Negocios del Bagr\u00edcola, y los  productores de cacao Rafael Hidalgo, Ram\u00f3n N\u00fa\u00f1ez y Francisco Holgu\u00edn, entre  otros. <\/p>\n<p>&#13;<\/p>\n<h6> 2007-11-09 04:30:51 <\/h6>\n<p><!--\n<link rel=\"stylesheet\" href=\"css\/bootstrap.min.css\">\n\n\n<ul class=\"pagination\">\n\t    \n\t\n\n<li >\n\t<a href='?page_no=28449'>Previous<\/a>\n\t<\/li>\n\n\n       \n    \n\n<li><a href='?page_no=1'>1<\/a><\/li>\n\n\n\n<li><a href='?page_no=2'>2<\/a><\/li>\n\n\n\n<li><a>...<\/a><\/li>\n\n\n\n<li><a href='?page_no=28448'>28448<\/a><\/li>\n\n\n\n<li><a href='?page_no=28449'>28449<\/a><\/li>\n\n\n\n<li class='active'><a>28450<\/a><\/li>\n\n\n\n<li><a href='?page_no=28451'>28451<\/a><\/li>\n\n\n\n<li><a href='?page_no=28452'>28452<\/a><\/li>\n\n\n\n<li><a>...<\/a><\/li>\n\n\n\n<li><a href='?page_no=30472'>30472<\/a><\/li>\n\n\n\n<li><a href='?page_no=30473'>30473<\/a><\/li>\n\n    \n\t\n\n<li >\n\t<a href='?page_no=28451'>Next<\/a>\n\t<\/li>\n\n\n    \n\n<li><a href='?page_no=30473'>Last &rsaquo;&rsaquo;<\/a><\/li>\n\n<\/ul>\n\n\n--><br \/>\n<\/body><\/p>\n","protected":false},"excerpt":{"rendered":"<p>Pa\u00edno Abreu Collado garantiza pr\u00e9stamos a productores de cacao org\u00e1nico del Nordeste &#13; SAN FRANCISCO DE MACORIS.- El administrador del Banco Agr\u00edcola, ingeniero Pa\u00edno Abreu Collado, garantiz\u00f3 el otorgamiento de financiamientos a decenas de productores de cacao org\u00e1nico agrupados en la Cooperativa de Productores Agropecuarios (Cooproagro), para infraestructura de beneficiado y mantenimiento de plantaciones del [&hellip;]<\/p>\n","protected":false},"author":3,"featured_media":0,"comment_status":"open","ping_status":"open","sticky":false,"template":"","format":"standard","meta":{"footnotes":""},"categories":[18],"tags":[],"class_list":["post-122570","post","type-post","status-publish","format-standard","hentry","category-economia"],"_links":{"self":[{"href":"https:\/\/diariodominicano.com\/index.php?rest_route=\/wp\/v2\/posts\/122570","targetHints":{"allow":["GET"]}}],"collection":[{"href":"https:\/\/diariodominicano.com\/index.php?rest_route=\/wp\/v2\/posts"}],"about":[{"href":"https:\/\/diariodominicano.com\/index.php?rest_route=\/wp\/v2\/types\/post"}],"author":[{"embeddable":true,"href":"https:\/\/diariodominicano.com\/index.php?rest_route=\/wp\/v2\/users\/3"}],"replies":[{"embeddable":true,"href":"https:\/\/diariodominicano.com\/index.php?rest_route=%2Fwp%2Fv2%2Fcomments&post=122570"}],"version-history":[{"count":0,"href":"https:\/\/diariodominicano.com\/index.php?rest_route=\/wp\/v2\/posts\/122570\/revisions"}],"wp:attachment":[{"href":"https:\/\/diariodominicano.com\/index.php?rest_route=%2Fwp%2Fv2%2Fmedia&parent=122570"}],"wp:term":[{"taxonomy":"category","embeddable":true,"href":"https:\/\/diariodominicano.com\/index.php?rest_route=%2Fwp%2Fv2%2Fcategories&post=122570"},{"taxonomy":"post_tag","embeddable":true,"href":"https:\/\/diariodominicano.com\/index.php?rest_route=%2Fwp%2Fv2%2Ftags&post=122570"}],"curies":[{"name":"wp","href":"https:\/\/api.w.org\/{rel}","templated":true}]}}