{"id":122569,"date":"2007-11-09T17:30:00","date_gmt":"2007-11-09T17:30:00","guid":{"rendered":"http:\/\/diariodominicano.ddns.net\/?p=122569"},"modified":"2007-11-09T17:30:00","modified_gmt":"2007-11-09T17:30:00","slug":"cluster-construccion-y-vivienda-tiene-listo-proyecto-cinco-mil-viviendas-populares-a-bajos-precios-y-rapida-ejecucion","status":"publish","type":"post","link":"https:\/\/diariodominicano.com\/?p=122569","title":{"rendered":"Cluster Construcci\u00f3n y Vivienda tiene listo proyecto cinco mil viviendas populares a bajos precios y r\u00e1pida ejecuci\u00f3n."},"content":{"rendered":"<p><body><\/p>\n<p align=\"justify\" class=\"titulogrande1\"><strong>Cluster Construcci\u00f3n y  Vivienda tiene listo proyecto cinco mil viviendas populares a bajos precios y  r\u00e1pida ejecuci\u00f3n.<\/strong><\/p>\n<p>&#13;<\/p>\n<p align=\"justify\" class=\"text1noticias\"><strong>SANTO DOMINGO.-<\/strong> El Cluster de  Construcci\u00f3n y Vivienda ya tiene listo un proyecto para construir cinco mil  viviendas populares con costos que podr\u00edan oscilar entre 300 y 400 mil pesos y  un proceso de construcci\u00f3n r\u00e1pido, con el que se puede levantar un edificio de  cuatro niveles en s\u00f3lo 14 d\u00edas.<\/p>\n<p>&#13;<\/p>\n<p align=\"justify\" class=\"text1noticias\">El presidente de la entidad Fernando Abreu, explic\u00f3  que aunque este plan piloto no fue dise\u00f1ado por causa de la tormenta Noel, \u201ces totalmente  viable para el momento que estamos viviendo, ya que es lo que se puede hacer y  es lo que necesitamos. Es un esquema que est\u00e1 adaptado a las posibilidades del  pa\u00eds, tenemos las tecnolog\u00edas y las personas entrenadas\u201d. <\/p>\n<p>&#13;<\/p>\n<p align=\"justify\" class=\"text1noticias\">\u201cPara construir los  apartamentos utilizamos un sistema de formaleta que se hace vaciado de concreto  completo, en un d\u00eda se hacen dos apartamentos. En 14 d\u00edas se hace un edificio  de cuatro niveles y se termina en 30 d\u00edas con pinturas, persianas y puertas\u201d,  explic\u00f3 el profesional.<\/p>\n<p>&#13;<\/p>\n<p align=\"justify\" class=\"text1noticias\">Se\u00f1al\u00f3 que se ha logrado  reducir los costos y hacer una ejecuci\u00f3n r\u00e1pida gracias a la optimizaci\u00f3n de  procesos y materiales que lograron al trabajar unidos como un cluster. <br \/>&#13;<br \/>\n  <br \/>&#13;<br \/>\n\u201cMediante un personal calificado y la  tecnolog\u00eda adecuada, ha logrado un alto nivel de eficiencia, a trav\u00e9s de la  utilizaci\u00f3n de nuevos m\u00e9todos constructivos, de gran efectividad, y adecuados a  las necesidades de nuestro pa\u00eds\u201d, detall\u00f3 Abreu. <\/p>\n<p>&#13;<\/p>\n<p align=\"justify\" class=\"text1noticias\">Explic\u00f3 adem\u00e1s que \u201ctenemos  propuestas de apartamentos de\u00a0 42 metros cuadrados  y 51 metros cuadrados,  que son los que se adaptan para damnificados. Estamos hablando de una unidad de  42 metros  que son 300 mil y algo m\u00e1s de pesos y el otro de 400 mil algo m\u00e1s de pesos. Y  se los podemos construir todos simult\u00e1neamente. Somos 25 empresas\u201d, explic\u00f3  Abreu.<\/p>\n<p>&#13;<\/p>\n<p align=\"justify\" class=\"text1noticias\">El proyecto piloto construir\u00eda  las viviendas en \u00a014 localidades en todo el pa\u00eds. En Puerto  Plata ya iniciaron el levantamiento de 650 unidades habitacionales que las est\u00e1  construyendo Cuqui Silverio, miembro del Cluster.<\/p>\n<p>&#13;<\/p>\n<p align=\"justify\" class=\"text1noticias\">De su lado, Lu\u00eds F\u00e9liz, Coordinador del Cluster  expres\u00f3 que \u201cen la actualidad, nos encontramos inmersos en un proceso de  negociaciones con diferentes entidades, de modo que se logre una reducci\u00f3n  importante en el precio de adquisici\u00f3n de los inmuebles, de forma tal que la  poblaci\u00f3n obtenga viviendas confortables y seguras,\u00a0 pero al mismo tiempo asequibles\u201d.<\/p>\n<p>&#13;<\/p>\n<p align=\"justify\" class=\"text1noticias\">Feliz expres\u00f3 que en el proceso de conformaci\u00f3n del  Cluster han tenido el apoyo del Consejo Nacional de Competitividad, en lo que  tiene que ver con la formulaci\u00f3n de sus planes de negocios. <br \/>&#13;<br \/>\n  <br \/>&#13;<br \/>\n  Expres\u00f3 adem\u00e1s que han recibido ayuda del Centro de  Exportaci\u00f3n e Inversi\u00f3n de la Rep\u00fablica Dominicana en la coordinaci\u00f3n con las  instituciones extranjeras que puedan apoyar con un joint venture este tipo de  iniciativas. <\/p>\n<p>&#13;<\/p>\n<p align=\"justify\" class=\"text1noticias\">As\u00ed mismo indic\u00f3 que han sido respaldados por la Asociaci\u00f3n de  Industriales de la Regi\u00f3n Norte,  donde est\u00e1n ubicadas las instalaciones del Cluster.<\/p>\n<p>&#13;<\/p>\n<h6> 2007-11-09 17:30:00 <\/h6>\n<p><!--\n<link rel=\"stylesheet\" href=\"css\/bootstrap.min.css\">\n\n\n<ul class=\"pagination\">\n\t    \n\t\n\n<li >\n\t<a href='?page_no=28448'>Previous<\/a>\n\t<\/li>\n\n\n       \n    \n\n<li><a href='?page_no=1'>1<\/a><\/li>\n\n\n\n<li><a href='?page_no=2'>2<\/a><\/li>\n\n\n\n<li><a>...<\/a><\/li>\n\n\n\n<li><a href='?page_no=28447'>28447<\/a><\/li>\n\n\n\n<li><a href='?page_no=28448'>28448<\/a><\/li>\n\n\n\n<li class='active'><a>28449<\/a><\/li>\n\n\n\n<li><a href='?page_no=28450'>28450<\/a><\/li>\n\n\n\n<li><a href='?page_no=28451'>28451<\/a><\/li>\n\n\n\n<li><a>...<\/a><\/li>\n\n\n\n<li><a href='?page_no=30472'>30472<\/a><\/li>\n\n\n\n<li><a href='?page_no=30473'>30473<\/a><\/li>\n\n    \n\t\n\n<li >\n\t<a href='?page_no=28450'>Next<\/a>\n\t<\/li>\n\n\n    \n\n<li><a href='?page_no=30473'>Last &rsaquo;&rsaquo;<\/a><\/li>\n\n<\/ul>\n\n\n--><br \/>\n<\/body><\/p>\n","protected":false},"excerpt":{"rendered":"<p>Cluster Construcci\u00f3n y Vivienda tiene listo proyecto cinco mil viviendas populares a bajos precios y r\u00e1pida ejecuci\u00f3n. &#13; SANTO DOMINGO.- El Cluster de Construcci\u00f3n y Vivienda ya tiene listo un proyecto para construir cinco mil viviendas populares con costos que podr\u00edan oscilar entre 300 y 400 mil pesos y un proceso de construcci\u00f3n r\u00e1pido, con [&hellip;]<\/p>\n","protected":false},"author":3,"featured_media":0,"comment_status":"open","ping_status":"open","sticky":false,"template":"","format":"standard","meta":{"footnotes":""},"categories":[18],"tags":[],"class_list":["post-122569","post","type-post","status-publish","format-standard","hentry","category-economia"],"_links":{"self":[{"href":"https:\/\/diariodominicano.com\/index.php?rest_route=\/wp\/v2\/posts\/122569","targetHints":{"allow":["GET"]}}],"collection":[{"href":"https:\/\/diariodominicano.com\/index.php?rest_route=\/wp\/v2\/posts"}],"about":[{"href":"https:\/\/diariodominicano.com\/index.php?rest_route=\/wp\/v2\/types\/post"}],"author":[{"embeddable":true,"href":"https:\/\/diariodominicano.com\/index.php?rest_route=\/wp\/v2\/users\/3"}],"replies":[{"embeddable":true,"href":"https:\/\/diariodominicano.com\/index.php?rest_route=%2Fwp%2Fv2%2Fcomments&post=122569"}],"version-history":[{"count":0,"href":"https:\/\/diariodominicano.com\/index.php?rest_route=\/wp\/v2\/posts\/122569\/revisions"}],"wp:attachment":[{"href":"https:\/\/diariodominicano.com\/index.php?rest_route=%2Fwp%2Fv2%2Fmedia&parent=122569"}],"wp:term":[{"taxonomy":"category","embeddable":true,"href":"https:\/\/diariodominicano.com\/index.php?rest_route=%2Fwp%2Fv2%2Fcategories&post=122569"},{"taxonomy":"post_tag","embeddable":true,"href":"https:\/\/diariodominicano.com\/index.php?rest_route=%2Fwp%2Fv2%2Ftags&post=122569"}],"curies":[{"name":"wp","href":"https:\/\/api.w.org\/{rel}","templated":true}]}}