{"id":122568,"date":"2007-11-09T19:07:51","date_gmt":"2007-11-09T19:07:51","guid":{"rendered":"http:\/\/diariodominicano.ddns.net\/?p=122568"},"modified":"2007-11-09T19:07:51","modified_gmt":"2007-11-09T19:07:51","slug":"agricultura-evalua-perdidas-en-la-provincia-peravia","status":"publish","type":"post","link":"https:\/\/diariodominicano.com\/?p=122568","title":{"rendered":"Agricultura eval\u00faa p\u00e9rdidas en la provincia Peravia"},"content":{"rendered":"<p><body><\/p>\n<p class=\"titulogrande1\"><strong>Agricultura  eval\u00faa p\u00e9rdidas en la provincia Peravia<\/strong><\/p>\n<p>&#13;<\/p>\n<p align=\"justify\" class=\"text1noticias\"><strong>Ban\u00ed.-<\/strong> El secretario de Agricultura, Salvador Jim\u00e9nez,  encabez\u00f3 un encuentro con productores de la provincia Peravia para evaluar las  p\u00e9rdidas provocadas por la tormenta tropical Noel.<br \/>&#13;<br \/>\n  <br \/>&#13;<br \/>\n  La reuni\u00f3n se realiz\u00f3 en uno de los salones de la Gobernaci\u00f3n Provincial  con directivos de la   Federaci\u00f3n de Campesinos Banilejos, la Asociaci\u00f3n de Ganaderos  y productores av\u00edcolas y de cebolla de Villa Fundaci\u00f3n.<br \/>&#13;<br \/>\n  <br \/>&#13;<br \/>\n  El secretario de Agricultura dijo que el Gobierno asistir\u00e1 a los productores  para reponer las cosechas y evitar las perdidas.<br \/>&#13;<br \/>\n  <br \/>&#13;<br \/>\n  Advirti\u00f3 que no se registrar\u00e1 una escasez de alimentos como han vaticinado  algunos sectores e indic\u00f3 que en el caso de la cebolla hay 83 mil  quintales\u00a0 para el consumo nacional.<br \/>&#13;<br \/>\n  <br \/>&#13;<br \/>\n  El funcionario tambi\u00e9n visit\u00f3 el distrito municipal de Matanzas, donde entreg\u00f3  semillas de cebolla a los agricultores agrupados en Fecaba y, adem\u00e1s, anunci\u00f3  el arado gratis de miles de tareas en toda la zona.<br \/>&#13;<br \/>\n  <br \/>&#13;<br \/>\nJim\u00e9nez estuvo acompa\u00f1ado por el administrador del Banco Agr\u00edcola, Pa\u00edno Abreu,  el gobernador\u00a0 Bienvenido Montero, el diputado Milc\u00edades Franjul y otras  autoridades de Ban\u00ed.<\/p>\n<p>&#13;<\/p>\n<h6> 2007-11-09 19:07:51 <\/h6>\n<p><!--\n<link rel=\"stylesheet\" href=\"css\/bootstrap.min.css\">\n\n\n<ul class=\"pagination\">\n\t    \n\t\n\n<li >\n\t<a href='?page_no=28447'>Previous<\/a>\n\t<\/li>\n\n\n       \n    \n\n<li><a href='?page_no=1'>1<\/a><\/li>\n\n\n\n<li><a href='?page_no=2'>2<\/a><\/li>\n\n\n\n<li><a>...<\/a><\/li>\n\n\n\n<li><a href='?page_no=28446'>28446<\/a><\/li>\n\n\n\n<li><a href='?page_no=28447'>28447<\/a><\/li>\n\n\n\n<li class='active'><a>28448<\/a><\/li>\n\n\n\n<li><a href='?page_no=28449'>28449<\/a><\/li>\n\n\n\n<li><a href='?page_no=28450'>28450<\/a><\/li>\n\n\n\n<li><a>...<\/a><\/li>\n\n\n\n<li><a href='?page_no=30472'>30472<\/a><\/li>\n\n\n\n<li><a href='?page_no=30473'>30473<\/a><\/li>\n\n    \n\t\n\n<li >\n\t<a href='?page_no=28449'>Next<\/a>\n\t<\/li>\n\n\n    \n\n<li><a href='?page_no=30473'>Last &rsaquo;&rsaquo;<\/a><\/li>\n\n<\/ul>\n\n\n--><br \/>\n<\/body><\/p>\n","protected":false},"excerpt":{"rendered":"<p>Agricultura eval\u00faa p\u00e9rdidas en la provincia Peravia &#13; Ban\u00ed.- El secretario de Agricultura, Salvador Jim\u00e9nez, encabez\u00f3 un encuentro con productores de la provincia Peravia para evaluar las p\u00e9rdidas provocadas por la tormenta tropical Noel.&#13; &#13; La reuni\u00f3n se realiz\u00f3 en uno de los salones de la Gobernaci\u00f3n Provincial con directivos de la Federaci\u00f3n de Campesinos [&hellip;]<\/p>\n","protected":false},"author":3,"featured_media":0,"comment_status":"open","ping_status":"open","sticky":false,"template":"","format":"standard","meta":{"footnotes":""},"categories":[18],"tags":[],"class_list":["post-122568","post","type-post","status-publish","format-standard","hentry","category-economia"],"_links":{"self":[{"href":"https:\/\/diariodominicano.com\/index.php?rest_route=\/wp\/v2\/posts\/122568","targetHints":{"allow":["GET"]}}],"collection":[{"href":"https:\/\/diariodominicano.com\/index.php?rest_route=\/wp\/v2\/posts"}],"about":[{"href":"https:\/\/diariodominicano.com\/index.php?rest_route=\/wp\/v2\/types\/post"}],"author":[{"embeddable":true,"href":"https:\/\/diariodominicano.com\/index.php?rest_route=\/wp\/v2\/users\/3"}],"replies":[{"embeddable":true,"href":"https:\/\/diariodominicano.com\/index.php?rest_route=%2Fwp%2Fv2%2Fcomments&post=122568"}],"version-history":[{"count":0,"href":"https:\/\/diariodominicano.com\/index.php?rest_route=\/wp\/v2\/posts\/122568\/revisions"}],"wp:attachment":[{"href":"https:\/\/diariodominicano.com\/index.php?rest_route=%2Fwp%2Fv2%2Fmedia&parent=122568"}],"wp:term":[{"taxonomy":"category","embeddable":true,"href":"https:\/\/diariodominicano.com\/index.php?rest_route=%2Fwp%2Fv2%2Fcategories&post=122568"},{"taxonomy":"post_tag","embeddable":true,"href":"https:\/\/diariodominicano.com\/index.php?rest_route=%2Fwp%2Fv2%2Ftags&post=122568"}],"curies":[{"name":"wp","href":"https:\/\/api.w.org\/{rel}","templated":true}]}}