{"id":122565,"date":"2007-11-12T00:22:33","date_gmt":"2007-11-12T00:22:33","guid":{"rendered":"http:\/\/diariodominicano.ddns.net\/?p=122565"},"modified":"2007-11-12T00:22:33","modified_gmt":"2007-11-12T00:22:33","slug":"aprueban-la-instalacion-de-24-nuevas-empresas-de-zonas-francas-crearan-siete-mil-empleos","status":"publish","type":"post","link":"https:\/\/diariodominicano.com\/?p=122565","title":{"rendered":"Aprueban la instalaci\u00f3n de 24 nuevas empresas de zonas francas; crear\u00e1n siete mil empleos"},"content":{"rendered":"<p><body><\/p>\n<p align=\"justify\" class=\"titulogrande1\">Aprueban la  instalaci\u00f3n de 24 nuevas empresas de zonas francas; crear\u00e1n siete mil empleos<\/p>\n<p>&#13;<\/p>\n<p align=\"justify\" class=\"text1noticias\"><strong><img loading=\"lazy\" decoding=\"async\" src=\"http:\/\/localhost:8080\/economia\/pictures\/textil.jpg\" width=\"269\" height=\"207\" hspace=\"4\" align=\"left\" \/>SANTO DOMINGO.-<\/strong> El  Consejo Nacional de Zonas Francas (CNZF) aprob\u00f3 en su \u00faltima reuni\u00f3n 24 nuevas  empresas que se instalar\u00e1n en los diversos parques industriales que operan bajo  este r\u00e9gimen en el pa\u00eds, con una inversi\u00f3n conjunta de US$4,551 millones y que  generar\u00e1n m\u00e1s de 7,000 empleos.<\/p>\n<p>&#13;<\/p>\n<p align=\"justify\" class=\"text1noticias\">Las empresas,  entre las que figuran del \u00e1rea de call center, manufactura textil,  agroindustria, joyer\u00eda y calzados, fueron aprobadas en una reuni\u00f3n celebrada  por el Consejo el 18 de octubre pasado y en su gran mayor\u00eda estar\u00e1n operando  para el mes de enero pr\u00f3ximo, seg\u00fan anunci\u00f3 este domingo Luisa Fern\u00e1ndez,  Directora Ejecutiva del organismo.<\/p>\n<p>&#13;<\/p>\n<p align=\"justify\" class=\"text1noticias\">Inform\u00f3 tambi\u00e9n  que representantes de 40 empresas espa\u00f1olas del \u00e1rea de calzado llegar\u00e1n al  pa\u00eds el 24 de este mes con la decisi\u00f3n de \u201chacer negocios\u201d e instalar aqu\u00ed sus  filiales, as\u00ed como que ya es un hecho que en Rep\u00fablica Dominicana se fabricar\u00e1n  las maletas \u201cSamsonite\u201d.<\/p>\n<p>&#13;<\/p>\n<p align=\"justify\" class=\"text1noticias\">Fern\u00e1ndez dijo que  estos anuncios demuestran que el sector ha ido rebasando r\u00e1pidamente la  situaci\u00f3n de crisis que afront\u00f3 meses atr\u00e1s debido a su p\u00e9rdida de  competitividad frente a la incursi\u00f3n masiva de los pa\u00edses asi\u00e1ticos en el  mercado de textiles de Estados Unidos.<\/p>\n<p>&#13;<\/p>\n<p align=\"justify\" class=\"text1noticias\">Fern\u00e1ndez dijo que  despu\u00e9s que el sector lleg\u00f3 a perder hasta 56,000 empleos por efecto de esa  situaci\u00f3n, en los \u00faltimos meses se ha podido recuperar unos 29,000 y gracias al  fondo especial creado por el Presidente Leonel Fern\u00e1ndez se est\u00e1n preservando  otros 63,000 puestos de trabajo.<\/p>\n<p>&#13;<\/p>\n<p align=\"justify\" class=\"text1noticias\">Explic\u00f3 que ese  Fondo Especial, por un monto de RD$1,200 millones, fue distribuido entre 69  empresas textiles de zonas francas para su recapitalizaci\u00f3n, lo que le ha  permitido garantizar la estabilidad de esos 63,000 empleos directos.<\/p>\n<p>&#13;<\/p>\n<p align=\"justify\" class=\"text1noticias\">A t\u00edtulo de  ejemplo, la se\u00f1ora   Fern\u00e1ndez cit\u00f3 que el Parque Las Am\u00e9ricas, regenteado por  Luis Manuel Pellerano, ex Presidente de la Asociaci\u00f3n Dominicana  de Zonas Francas (ADOZONA), aument\u00f3 este mes su matr\u00edcula de empleados en 1,500  adicionales, sin crear nuevas empresas.<\/p>\n<p>&#13;<\/p>\n<p align=\"justify\" class=\"text1noticias\">\u201cTodo lo que  estamos diciendo se puede comprobar entre los empresarios privados que son  parte del Consejo de Zonas de Francas y que han participado en la aprobaci\u00f3n de  estas 24 nuevas empresas y que conocen de los nuevos empleos que se han creado,  dijo Fern\u00e1ndez al ser entrevistada por el periodista Manuel Jim\u00e9nez en el  programa \u201cEn 1 Hora\u201d por el canal 27.<br \/>&#13;<br \/>\n  <br \/>&#13;<br \/>\n  La Directora Ejecutiva del CNZF anunci\u00f3 como \u201cprimicia\u201d en el  espacio la llegada al pa\u00eds de la misi\u00f3n empresarial espa\u00f1ola. Se trata de  empresas que exportan anualmente US$281 millones de d\u00f3lares en calzados a los  Estados Unidos pagando un arancel de\u00a0 un  23 por ciento, pero de instalarse en este pa\u00eds, beneficiario de un acuerdo de  libre comercio con Norteam\u00e9rica, su producci\u00f3n entrar\u00eda a ese mercado libre de  impuestos, destac\u00f3 la se\u00f1ora Fern\u00e1ndez.<\/p>\n<p>&#13;<\/p>\n<p align=\"justify\" class=\"text1noticias\">Inform\u00f3 que ya  estuvo en el pa\u00eds el Presidente de la Federaci\u00f3n de Empresas del Calzado de Espa\u00f1a, a  quien la propuesta dominicana ha impresionado bastante. \u201cEsos espa\u00f1oles vienen  a cerrar negocios\u201d, garantiz\u00f3 la Directora Ejecutiva del CNZF.<\/p>\n<p>&#13;<\/p>\n<p align=\"justify\" class=\"text1noticias\">Revel\u00f3, adem\u00e1s,  que una misi\u00f3n empresarial llegar\u00e1 este mes a Santo Domingo a confirmar que  \u201clas famosas maletas Samsonite ser\u00e1n fabricadas en la Rep\u00fablica Dominicana\u201d.<\/p>\n<p>&#13;<\/p>\n<p align=\"justify\" class=\"text1noticias\">Dijo que \u00e9ste  gobierno ha estado tomando medidas para hace cada vez m\u00e1s competitivo el sector  de zona franca y una de las \u00e1reas en la que ha habido gran mejor\u00eda es en la  electricidad.<\/p>\n<p>&#13;<\/p>\n<p align=\"justify\" class=\"text1noticias\">Inform\u00f3 que en la  actualidad 22 de los 57 parques industriales que operan en el pa\u00eds est\u00e1n  recibiendo la energ\u00eda el\u00e9ctrica en condici\u00f3n de \u201cusuarios no regulados\u201d,  logrando una reducci\u00f3n de costos por este concepto de alrededor de un 80 por  ciento. Bajo este esquema, el costo del kilovatio-hora esta oscilando para esas  empresas entre 5 y 6 centavos, dijo Fern\u00e1ndez.<\/p>\n<p>&#13;<\/p>\n<p align=\"justify\" class=\"text1noticias\">La funcionaria  consider\u00f3 tambi\u00e9n que sectores de la oposici\u00f3n exageran cuando hablan que en el  sector de zona franca se han perdido unos 100,000 empleos.<\/p>\n<p>&#13;<\/p>\n<p align=\"justify\" class=\"text1noticias\">Indic\u00f3 que lo  cierto es que producto de la situaci\u00f3n que afect\u00f3 al sector, \u201ccompletamente de  origen externo y que escapaba al control del gobierno\u201d, desde el a\u00f1o 2004 se  perdieron unos 56,000 empleos, pero en ese mismo per\u00edodo se han creados otros  29,000 puestos de trabajo y se espera que antes de febrero pr\u00f3ximo se puedan  compensar todos los empleos perdidos.<\/p>\n<p>&#13;<\/p>\n<p align=\"justify\" class=\"text1noticias\">Dijo, asimismo,  que mientras 122 empresas de zonas francas han cerrado sus puertas, en este  gobierno, sin embargo, se han creado 281 nuevas que est\u00e1n operando a plena  capacidad.<\/p>\n<p>&#13;<\/p>\n<p align=\"justify\" class=\"text1noticias\">Dijo que aqu\u00ed  mucha gente ignora lo que son las zonas francas y no saben que en industrias  dominicanas se originan desde gran parte de las llamadas de beepers que se  producen entre Nueva York y New Jersey hasta las puntas de diamantes de las  h\u00e9lices de\u00a0 aviones.<\/p>\n<p>&#13;<\/p>\n<h6> 2007-11-12 00:22:33 <\/h6>\n<p><!--\n<link rel=\"stylesheet\" href=\"css\/bootstrap.min.css\">\n\n\n<ul class=\"pagination\">\n\t    \n\t\n\n<li >\n\t<a href='?page_no=28444'>Previous<\/a>\n\t<\/li>\n\n\n       \n    \n\n<li><a href='?page_no=1'>1<\/a><\/li>\n\n\n\n<li><a href='?page_no=2'>2<\/a><\/li>\n\n\n\n<li><a>...<\/a><\/li>\n\n\n\n<li><a href='?page_no=28443'>28443<\/a><\/li>\n\n\n\n<li><a href='?page_no=28444'>28444<\/a><\/li>\n\n\n\n<li class='active'><a>28445<\/a><\/li>\n\n\n\n<li><a href='?page_no=28446'>28446<\/a><\/li>\n\n\n\n<li><a href='?page_no=28447'>28447<\/a><\/li>\n\n\n\n<li><a>...<\/a><\/li>\n\n\n\n<li><a href='?page_no=30472'>30472<\/a><\/li>\n\n\n\n<li><a href='?page_no=30473'>30473<\/a><\/li>\n\n    \n\t\n\n<li >\n\t<a href='?page_no=28446'>Next<\/a>\n\t<\/li>\n\n\n    \n\n<li><a href='?page_no=30473'>Last &rsaquo;&rsaquo;<\/a><\/li>\n\n<\/ul>\n\n\n--><br \/>\n<\/body><\/p>\n","protected":false},"excerpt":{"rendered":"<p>Aprueban la instalaci\u00f3n de 24 nuevas empresas de zonas francas; crear\u00e1n siete mil empleos &#13; SANTO DOMINGO.- El Consejo Nacional de Zonas Francas (CNZF) aprob\u00f3 en su \u00faltima reuni\u00f3n 24 nuevas empresas que se instalar\u00e1n en los diversos parques industriales que operan bajo este r\u00e9gimen en el pa\u00eds, con una inversi\u00f3n conjunta de US$4,551 millones [&hellip;]<\/p>\n","protected":false},"author":3,"featured_media":0,"comment_status":"open","ping_status":"open","sticky":false,"template":"","format":"standard","meta":{"footnotes":""},"categories":[18],"tags":[],"class_list":["post-122565","post","type-post","status-publish","format-standard","hentry","category-economia"],"_links":{"self":[{"href":"https:\/\/diariodominicano.com\/index.php?rest_route=\/wp\/v2\/posts\/122565","targetHints":{"allow":["GET"]}}],"collection":[{"href":"https:\/\/diariodominicano.com\/index.php?rest_route=\/wp\/v2\/posts"}],"about":[{"href":"https:\/\/diariodominicano.com\/index.php?rest_route=\/wp\/v2\/types\/post"}],"author":[{"embeddable":true,"href":"https:\/\/diariodominicano.com\/index.php?rest_route=\/wp\/v2\/users\/3"}],"replies":[{"embeddable":true,"href":"https:\/\/diariodominicano.com\/index.php?rest_route=%2Fwp%2Fv2%2Fcomments&post=122565"}],"version-history":[{"count":0,"href":"https:\/\/diariodominicano.com\/index.php?rest_route=\/wp\/v2\/posts\/122565\/revisions"}],"wp:attachment":[{"href":"https:\/\/diariodominicano.com\/index.php?rest_route=%2Fwp%2Fv2%2Fmedia&parent=122565"}],"wp:term":[{"taxonomy":"category","embeddable":true,"href":"https:\/\/diariodominicano.com\/index.php?rest_route=%2Fwp%2Fv2%2Fcategories&post=122565"},{"taxonomy":"post_tag","embeddable":true,"href":"https:\/\/diariodominicano.com\/index.php?rest_route=%2Fwp%2Fv2%2Ftags&post=122565"}],"curies":[{"name":"wp","href":"https:\/\/api.w.org\/{rel}","templated":true}]}}