{"id":122564,"date":"2007-11-12T04:11:36","date_gmt":"2007-11-12T04:11:36","guid":{"rendered":"http:\/\/diariodominicano.ddns.net\/?p=122564"},"modified":"2007-11-12T04:11:36","modified_gmt":"2007-11-12T04:11:36","slug":"invi-iniciara-la-construccion-de-mas-de-mil-viviendas-para-familias-damnificadas","status":"publish","type":"post","link":"https:\/\/diariodominicano.com\/?p=122564","title":{"rendered":"INVI iniciar\u00e1 la construcci\u00f3n de m\u00e1s de mil viviendas para familias damnificadas"},"content":{"rendered":"<p><body><\/p>\n<p align=\"justify\" class=\"titulogrande1\">INVI iniciar\u00e1 la  construcci\u00f3n de m\u00e1s de mil viviendas para familias damnificadas<\/p>\n<p>&#13;<\/p>\n<p align=\"justify\" class=\"text1noticias\"><strong>SANTO DOMINGO.-<\/strong> La  directora del Instituto Nacional de la Vivienda anunci\u00f3 que a partir de esta semana esa  instituci\u00f3n iniciar\u00e1 la construcci\u00f3n de m\u00e1s de mil casas que ser\u00e1n destinadas a  las personas que perdieron sus hogares tras el paso por el pa\u00eds de la tormenta  tropical Noel. <br \/>&#13;<br \/>\n  <br \/>&#13;<br \/>\nLa Arquitecta Alma  Fern\u00e1ndez\u00a0 asegur\u00f3 que ya est\u00e1n ubicados los terrenos donde se construir\u00e1n  esas viviendas, las cuales podr\u00edan estar listas en un plazo de tres meses. <br \/>&#13;<br \/>\n<br \/>&#13;<br \/>\n Agrego que las  provincias de San Crist\u00f3bal, Monse\u00f1or Nouel y la Vega son los lugares donde se  comenzar\u00e1 a trabajar inmediatamente por disposici\u00f3n del presidente de la Rep\u00fablica Leonel  Fern\u00e1ndez. <br \/>&#13;<br \/>\n<br \/>&#13;<br \/>\n Entrevistada en el  programa D`AGENDA\u00a0 que cada domingo produce H\u00e9ctor Herrera Cabral por  Telesistema Canal 11, la funcionaria dijo que ya el primer mandatario imparti\u00f3  instrucciones para que se le entreguen los recursos que necesita el INVI para  el inicio de esos trabajos. <br \/>&#13;<br \/>\n<br \/>&#13;<br \/>\nExplic\u00f3  que la dilaci\u00f3n para que esas viviendas est\u00e9n listas para entreg\u00e1rselas a los  damnificados no ser\u00e1 su construcci\u00f3n sino todo lo que tiene que ver con la  urbanizaci\u00f3n, electrificaci\u00f3n y dotar de agua potable y servicios sanitarios al  terreno donde se construir\u00e1n. <br \/>&#13;<br \/>\n<br \/>&#13;<br \/>\n\u201cA partir de esta  semana iniciaremos \u00a0la   Construcci\u00f3n de m\u00e1s de 400 casas en San Crist\u00f3bal, m\u00e1s de 300  en Monse\u00f1or Nouel y otra cantidad similar en la provincia de la Vega para albergar a los  damnificados de la tormenta que asol\u00f3 a nuestro pa\u00eds\u201d, insisti\u00f3 Alma Fern\u00e1ndez. <br \/>&#13;<br \/>\n<br \/>&#13;<br \/>\nDijo que igual se ir\u00e1  trabajando con aquellas demarcaciones donde las inundaciones arrasaron con las  viviendas de personas humildes que residen en \u00e1reas vulnerables a ese tipo de  fen\u00f3meno. <\/p>\n<p>&#13;<\/p>\n<p align=\"justify\" class=\"text1noticias\">\u201cTenemos los recursos garantizados por el presidente  Leonel Fern\u00e1ndez lo que implica que los trabajos no se detendr\u00e1n hasta que  reubiquemos a los damnificados\u201d, precis\u00f3 la funcionaria. <br \/>&#13;<br \/>\n  <br \/>&#13;<br \/>\nPidi\u00f3 a las personas  que han perdido su vivienda en esta tragedia que no se desesperen y que conf\u00eden  en que en un plazo que no exceder\u00e1 los cuatro meses estar\u00e1n en un hogar seguro. <br \/>&#13;<br \/>\n<br \/>&#13;<br \/>\nInform\u00f3 que las  viviendas ser\u00e1n prefabricadas, de dos habitaciones, con sala comedor, cocina y  ba\u00f1o. <\/p>\n<p>&#13;<\/p>\n<p align=\"justify\" class=\"text1noticias\"><strong>Continuar\u00e1n reparaciones<\/strong><br \/>&#13;<br \/>\n  <br \/>&#13;<br \/>\n  La directora del INVI  anunci\u00f3 que las Fuerzas Armadas se integrar\u00e1n a los trabajos de reparaciones de  las viviendas que sufrieron da\u00f1os con el paso de la tormenta Noel. <br \/>&#13;<br \/>\n  <br \/>&#13;<br \/>\nAlma Fern\u00e1ndez agreg\u00f3  que se continuar\u00e1 con los operativos conjuntos con los Ayuntamientos, las  Juntas de Vecinos, las Iglesias y todo el que quiera contribuir con esa causa. <br \/>&#13;<br \/>\n<br \/>&#13;<br \/>\nInform\u00f3 que en el  caso de las personas a quienes se les repara la vivienda se le contrata para  que aporten su mano de obra, trabajo por el cual se le paga una remuneraci\u00f3n. <br \/>&#13;<br \/>\n<br \/>&#13;<br \/>\nDijo que en los trabajos del interior del pa\u00eds se  integrar\u00e1n a las comunidades para que esas demarcaciones reciban alg\u00fan tipo de  dinero y de esa manera se dinamice la econom\u00eda de esos lugares. <br \/>&#13;<br \/>\n<br \/>&#13;<br \/>\nEn otro orden la  tambi\u00e9n miembro del Comit\u00e9 Pol\u00edtico del Partido de la Liberaci\u00f3n Dominicana  reiter\u00f3 que en lo que queda de a\u00f1o esa organizaci\u00f3n no realizar\u00e1 labores  proselitistas y que todos los miembros de esa entidad estar\u00e1n trabajando bajo  las directrices de las autoridades de los organismos de socorros. <\/p>\n<p>&#13;<\/p>\n<h6> 2007-11-12 04:11:36 <\/h6>\n<p><!--\n<link rel=\"stylesheet\" href=\"css\/bootstrap.min.css\">\n\n\n<ul class=\"pagination\">\n\t    \n\t\n\n<li >\n\t<a href='?page_no=28443'>Previous<\/a>\n\t<\/li>\n\n\n       \n    \n\n<li><a href='?page_no=1'>1<\/a><\/li>\n\n\n\n<li><a href='?page_no=2'>2<\/a><\/li>\n\n\n\n<li><a>...<\/a><\/li>\n\n\n\n<li><a href='?page_no=28442'>28442<\/a><\/li>\n\n\n\n<li><a href='?page_no=28443'>28443<\/a><\/li>\n\n\n\n<li class='active'><a>28444<\/a><\/li>\n\n\n\n<li><a href='?page_no=28445'>28445<\/a><\/li>\n\n\n\n<li><a href='?page_no=28446'>28446<\/a><\/li>\n\n\n\n<li><a>...<\/a><\/li>\n\n\n\n<li><a href='?page_no=30472'>30472<\/a><\/li>\n\n\n\n<li><a href='?page_no=30473'>30473<\/a><\/li>\n\n    \n\t\n\n<li >\n\t<a href='?page_no=28445'>Next<\/a>\n\t<\/li>\n\n\n    \n\n<li><a href='?page_no=30473'>Last &rsaquo;&rsaquo;<\/a><\/li>\n\n<\/ul>\n\n\n--><br \/>\n<\/body><\/p>\n","protected":false},"excerpt":{"rendered":"<p>INVI iniciar\u00e1 la construcci\u00f3n de m\u00e1s de mil viviendas para familias damnificadas &#13; SANTO DOMINGO.- La directora del Instituto Nacional de la Vivienda anunci\u00f3 que a partir de esta semana esa instituci\u00f3n iniciar\u00e1 la construcci\u00f3n de m\u00e1s de mil casas que ser\u00e1n destinadas a las personas que perdieron sus hogares tras el paso por el [&hellip;]<\/p>\n","protected":false},"author":3,"featured_media":0,"comment_status":"open","ping_status":"open","sticky":false,"template":"","format":"standard","meta":{"footnotes":""},"categories":[18],"tags":[],"class_list":["post-122564","post","type-post","status-publish","format-standard","hentry","category-economia"],"_links":{"self":[{"href":"https:\/\/diariodominicano.com\/index.php?rest_route=\/wp\/v2\/posts\/122564","targetHints":{"allow":["GET"]}}],"collection":[{"href":"https:\/\/diariodominicano.com\/index.php?rest_route=\/wp\/v2\/posts"}],"about":[{"href":"https:\/\/diariodominicano.com\/index.php?rest_route=\/wp\/v2\/types\/post"}],"author":[{"embeddable":true,"href":"https:\/\/diariodominicano.com\/index.php?rest_route=\/wp\/v2\/users\/3"}],"replies":[{"embeddable":true,"href":"https:\/\/diariodominicano.com\/index.php?rest_route=%2Fwp%2Fv2%2Fcomments&post=122564"}],"version-history":[{"count":0,"href":"https:\/\/diariodominicano.com\/index.php?rest_route=\/wp\/v2\/posts\/122564\/revisions"}],"wp:attachment":[{"href":"https:\/\/diariodominicano.com\/index.php?rest_route=%2Fwp%2Fv2%2Fmedia&parent=122564"}],"wp:term":[{"taxonomy":"category","embeddable":true,"href":"https:\/\/diariodominicano.com\/index.php?rest_route=%2Fwp%2Fv2%2Fcategories&post=122564"},{"taxonomy":"post_tag","embeddable":true,"href":"https:\/\/diariodominicano.com\/index.php?rest_route=%2Fwp%2Fv2%2Ftags&post=122564"}],"curies":[{"name":"wp","href":"https:\/\/api.w.org\/{rel}","templated":true}]}}