{"id":122563,"date":"2007-11-12T14:01:10","date_gmt":"2007-11-12T14:01:10","guid":{"rendered":"http:\/\/diariodominicano.ddns.net\/?p=122563"},"modified":"2007-11-12T14:01:10","modified_gmt":"2007-11-12T14:01:10","slug":"inician-siembra-de-habichuelas-presidente-dispone-tasa-baja-para-prestamos-a-los-productores-del-agro","status":"publish","type":"post","link":"https:\/\/diariodominicano.com\/?p=122563","title":{"rendered":"Inician siembra de habichuelas; Presidente dispone tasa baja para pr\u00e9stamos a los productores del agro"},"content":{"rendered":"<p><body><\/p>\n<p align=\"justify\" class=\"titulogrande1\">Inician siembra de habichuelas; Presidente dispone tasa baja para pr\u00e9stamos a\u00a0 los productores del agro<\/p>\n<p>&#13;<\/p>\n<p align=\"justify\"><strong>Chio \u00a0Jim\u00e9nez  consider\u00f3 hist\u00f3rica la suma entregada al Bagr\u00edcola, con lo que se eleva a tres  mil 200 millones los recursos que el Presidente Fern\u00e1ndez\u00a0 ha destinado al Banco Agr\u00edcola durante esta gesti\u00f3n de gobierno.\u00a0\u00a0 <\/strong><\/p>\n<p>&#13;<\/p>\n<p align=\"justify\" class=\"text1noticias\"><strong><img loading=\"lazy\" decoding=\"async\" src=\"http:\/\/localhost:8080\/economia\/pictures\/chio jimenez habichuelas.jpg\" width=\"269\" height=\"589\" hspace=\"4\" align=\"left\" \/>SAN  JUAN DE LA MAGUANA.- <\/strong>El\u00a0  presidente Leonel Fern\u00e1ndez dispuso que los mil 200 millones de pesos  destinados\u00a0 a la capitalizaci\u00f3n del Banco Agr\u00edcola sean prestados a los  productores afectados con la tormenta Noel a una tasa de un seis por ciento  mensual, la m\u00e1s baja en el sistema bancario del pa\u00eds. <br \/>&#13;<br \/>\n  <br \/>&#13;<br \/>\n  El  anuncio lo hizo el secretario de Agricultura, Salvador (Ch\u00edo) Jim\u00e9nez, al dejar  iniciada la siembra\u00a0 la siembra invierno de 185 mil tareas de  habichuelas, cuya produccci\u00f3n estimada es de alrededor de\u00a0 350\u00a0 mil  quintales.&#13;<br \/>\n<!--  D([\"mb\",\"u003c\/span>u003c\/font>u003c\/p>nu003cp styleu003d\"text-align:justify\">u003cfont faceu003d\"Times New Roman\" sizeu003d\"4\">u003cspan langu003d\"ES\" styleu003d\"font-size:14pt\">&nbsp;Jim&eacute;nez consider&oacute; hist&oacute;rica la suma entregada al Bagr&iacute;cola, con lo que se eleva a tres mil 200 millones los recursos que el Presidente ha destinado a la instituci&oacute;n financiera durante esta gesti&oacute;n de gobierno.&nbsp;&nbsp; nu003c\/span>u003c\/font>u003c\/p>nu003cp styleu003d\"text-align:justify\">u003cfont faceu003d\"Times New Roman\" sizeu003d\"4\">u003cspan langu003d\"ES\" styleu003d\"font-size:14pt\">&nbsp;&nbsp;&nbsp; Tras el inicio de la siembra de habichuelas &nbsp;el titular de Agricultura se reuni&oacute; con representantes de asociaciones y federaciones de productores,&nbsp; quienes le entregaron informes sobre los da&ntilde;os que causaron las inundaciones tras el paso de la tormenta Noel&nbsp; por el territorio nacional.nu003c\/span>u003c\/font>u003c\/p>nu003cp styleu003d\"text-align:justify\">u003cfont faceu003d\"Times New Roman\" sizeu003d\"4\">u003cspan langu003d\"ES\" styleu003d\"font-size:14pt\">&nbsp;&nbsp;&nbsp;&nbsp;&nbsp; Jim&eacute;nez estuvo acompa&ntilde;ado por el administrador del Bagr&iacute;cola, Pa&iacute;no&nbsp; Abreu Collado; el director del Instituto Agrario Dominicano (IAD), Quilvio Cabrera; el director del Instituto Nacional de&nbsp; Recursos Hidr&aacute;ulicos (INDRHI), H&eacute;ctor Rodr&iacute;guez Pimentel, subsecretario de Agricultura, Antonio Manuel Camilo y el gobernador Juan Rodr&iacute;guez.nu003cspan>u003c\/span> u003c\/span>u003c\/font>u003c\/p>nu003cp styleu003d\"text-align:justify\">u003cfont faceu003d\"Times New Roman\" sizeu003d\"4\">u003cspan langu003d\"ES\" styleu003d\"font-size:14pt\">&nbsp;&nbsp;&nbsp;&nbsp;&nbsp;&nbsp; Tambi&eacute;n estuvieron el subsecretario Alexis Camilo, el director ejecutivo de la Unidad de Pignoraciones (UEPI),&nbsp; H&eacute;ctor Acosta; el director de Ganader&iacute;a, &Aacute;ngel Faxas; el director de la Regional Suroeste de Agricultura, con sede en San Juan, &nbsp;Antonio Ram&iacute;rez, as&iacute; como los dirigentes productores Manuel Matos y&nbsp; Robin Alc&aacute;ntara.nu003c\/span>u003c\/font>u003c\/p>nu003cp styleu003d\"text-align:justify\">u003cfont faceu003d\"Times New Roman\" sizeu003d\"4\">u003cspan langu003d\"ES\" styleu003d\"font-size:14pt\">&nbsp;u003c\/span>u003c\/font>u003c\/p>nu003cp styleu003d\"text-align:justify\">u003cfont faceu003d\"Times New Roman\" sizeu003d\"4\">u003cspan langu003d\"ES\" styleu003d\"font-size:14pt\">&nbsp;&nbsp;&nbsp;&nbsp; &nbsp;El acto de inicio de la siembra de habichuelas fue bendecido por el obispo de la di&oacute;cesis de San Juan de la Maguana, monse&ntilde;or Jos&eacute; Dolores Grull&oacute;n, quien&nbsp; implor&oacute; al Todopoderoso por el &eacute;xito de la cosecha.n\",1]  );    \/\/-->&#13;<br \/>\n  <br \/>&#13;<br \/>\n  <br \/>&#13;<br \/>\nJim\u00e9nez  consider\u00f3 hist\u00f3rica la suma entregada al Bagr\u00edcola, con lo que se eleva a tres  mil 200 millones los recursos que el Presidente ha destinado a la instituci\u00f3n  financiera durante esta gesti\u00f3n de gobierno.\u00a0\u00a0 <br \/>&#13;<br \/>\n<br \/>&#13;<br \/>\nTras el  inicio de la siembra de habichuelas \u00a0el titular de Agricultura se reuni\u00f3  con representantes de asociaciones y federaciones de productores, quienes  le entregaron informes sobre los da\u00f1os que causaron las inundaciones tras el  paso de la tormenta Noel\u00a0 por el territorio nacional.<br \/> &#13;<br \/>\n<br \/>&#13;<br \/>\nJim\u00e9nez estuvo  acompa\u00f1ado por el administrador del Bagr\u00edcola, Pa\u00edno\u00a0 Abreu Collado; el  director del Instituto Agrario Dominicano (IAD), Quilvio Cabrera; el director  del Instituto Nacional de\u00a0 Recursos Hidr\u00e1ulicos (INDRHI), H\u00e9ctor Rodr\u00edguez  Pimentel, subsecretario de Agricultura, Antonio Manuel Camilo y el gobernador  Juan Rodr\u00edguez. <br \/>&#13;<br \/>\n<br \/>&#13;<br \/>\nTambi\u00e9n estuvieron  el subsecretario Alexis Camilo, el director ejecutivo de la Unidad de Pignoraciones  (UEPI),\u00a0 H\u00e9ctor Acosta; el director de Ganader\u00eda, \u00c1ngel Faxas; el director  de la Regional   Suroeste de Agricultura, con sede en San Juan, \u00a0Antonio  Ram\u00edrez, as\u00ed como los dirigentes productores Manuel Matos y\u00a0 Robin  Alc\u00e1ntara. <\/p>\n<p>&#13;<\/p>\n<p align=\"justify\" class=\"text1noticias\">El acto de inicio de la siembra de habichuelas fue bendecido por el  obispo de la di\u00f3cesis de San Juan de la Maguana, monse\u00f1or Jos\u00e9 Dolores Grull\u00f3n,  quien\u00a0 implor\u00f3 al Todopoderoso por el \u00e9xito de la cosecha.&#13;<br \/>\n  <!--  D([\"mb\",\"u003c\/span>u003c\/font>u003c\/p>nu003cp styleu003d\"text-align:justify\">u003cfont faceu003d\"Times New Roman\" sizeu003d\"4\">u003cspan langu003d\"ES\" styleu003d\"font-size:14pt\">&nbsp;&nbsp;&nbsp; Las variedades que ser&aacute;n cultivadas aqu&iacute; son&nbsp; Yacomela, Jos&eacute; Beta, Buena&nbsp; Vista y la tradicional Negra. u003c\/span>nu003c\/font>u003c\/p>nu003cp styleu003d\"text-align:justify\">u003cfont faceu003d\"Times New Roman\" sizeu003d\"4\">u003cspan langu003d\"ES\" styleu003d\"font-size:14pt\">&nbsp;&nbsp;&nbsp;&nbsp; Para esta siembra Agricultura prepar&oacute; 60 mil tareas, &nbsp;con su corte y cruce, &nbsp;y las restantes correspondieron al sector privado, indica una nota del Departamento de Informaci&oacute;n y Relaciones P&uacute;blicas de la cartera del agro.nu003c\/span>u003c\/font>u003c\/p>nu003cp styleu003d\"text-align:justify\">u003cfont faceu003d\"Times New Roman\" sizeu003d\"4\">u003cspan langu003d\"ES\" styleu003d\"font-size:14pt\">&nbsp;&nbsp;&nbsp; &nbsp;Asimismo, Agricultura y el Bagr&iacute;cola aportaron el 35 por ciento de las semillas certificadas, de alto valor gen&eacute;tico,&nbsp; y el sector privado el 65. Siete mil peque&ntilde;os y medianos productores del sector privado y de Reforma Agraria participan de la cosecha, que habr&aacute; de recolectarse a principio del mes de febrero pr&oacute;ximo.nu003c\/span>u003c\/font>u003c\/p>nu003cp styleu003d\"text-align:justify\">u003cfont faceu003d\"Times New Roman\" sizeu003d\"4\">u003cspan>u003c\/span>u003cspan langu003d\"ES\" styleu003d\"font-size:14pt\">&nbsp;&nbsp;&nbsp;&nbsp;&nbsp; Paraa la&nbsp; roturaci&oacute;n&nbsp; de tierra se &nbsp;utilizan todos los tractores y otros equipos con cuenta Agricultura el valle de San Juan,&nbsp; principal productor de habichuelas del pa&iacute;s.nu003c\/span>u003c\/font>u003c\/p>nu003cp styleu003d\"text-align:justify\">u003cfont faceu003d\"Times New Roman\" sizeu003d\"4\">u003cspan langu003d\"ES\" styleu003d\"font-size:14pt\">&nbsp;&nbsp;&nbsp;&nbsp;&nbsp; La siembra&nbsp; de invierno de la leguminosa en esta zona aporta alrededor&nbsp; 15 mil empleos directos e indirectos y moviliza m&aacute;s de 600 millones de pesos en cada zafra.nu003c\/span>u003c\/font>u003c\/p>nu003cp styleu003d\"text-align:justify\">u003cfont faceu003d\"Times New Roman\" sizeu003d\"4\">u003cspan langu003d\"ES\" styleu003d\"font-size:14pt\">&nbsp; &nbsp;&nbsp;&nbsp;&nbsp;La siembra de habichuelas se inici&oacute; en la comunidad de El C&oacute;rbano de San Juan, con la presencia de funcionarios, productores y comercializadores de la oleaginosa.nu003c\/span>u003c\/font>u003c\/p>nu003cp styleu003d\"text-align:justify\">u003cfont faceu003d\"Times New Roman\" sizeu003d\"4\">u003cspan langu003d\"ES\" styleu003d\"font-size:14pt\">\",1]  );    \/\/-->&#13;<br \/>\n  <br \/>&#13;<br \/>\n  <br \/>&#13;<br \/>\nLas variedades que ser\u00e1n cultivadas aqu\u00ed son Yacomela, Jos\u00e9 Beta,  Buena\u00a0 Vista y la tradicional Negra. <br \/>&#13;<br \/>\n<br \/>&#13;<br \/>\nPara esta siembra Agricultura prepar\u00f3 60 mil tareas, \u00a0con su corte y  cruce, \u00a0y las restantes correspondieron al sector privado, indica una nota  del Departamento de Informaci\u00f3n y Relaciones P\u00fablicas de la cartera del agro. <br \/>&#13;<br \/>\n<br \/>&#13;<br \/>\nAsimismo, Agricultura y el Bagr\u00edcola aportaron el 35 por ciento de las  semillas certificadas, de alto valor gen\u00e9tico,\u00a0 y el sector privado el 65.  Siete mil peque\u00f1os y medianos productores del sector privado y de Reforma  Agraria participan de la cosecha, que habr\u00e1 de recolectarse a principio del mes  de febrero pr\u00f3ximo. <br \/>&#13;<br \/>\n<br \/>&#13;<br \/>\nPara la roturaci\u00f3n\u00a0 de tierra se \u00a0utilizan todos los tractores  y otros equipos con cuenta Agricultura el valle de San Juan,\u00a0 principal  productor de habichuelas del pa\u00eds. <br \/>&#13;<br \/>\n<br \/>&#13;<br \/>\nLa siembra\u00a0 de invierno de la leguminosa en esta zona aporta  alrededor\u00a0 15 mil empleos directos e indirectos y moviliza m\u00e1s de 600  millones de pesos en cada zafra. <br \/>&#13;<br \/>\n<br \/>&#13;<br \/>\nLa siembra de habichuelas se inici\u00f3 en la comunidad de  El C\u00f3rbano de San Juan, con la presencia de funcionarios, productores y  comercializadores de la oleaginosa. <br \/>&#13;<br \/>\n  <!--  D([\"mb\",\"&nbsp;&nbsp;&nbsp;&nbsp;&nbsp;&nbsp;&nbsp;&nbsp;&nbsp;&nbsp; u003c\/span>u003c\/font>u003c\/p>nu003cp styleu003d\"text-align:justify\">u003cfont faceu003d\"Times New Roman\" sizeu003d\"4\">u003cspan langu003d\"ES\" styleu003d\"font-size:14pt\">&nbsp;&nbsp;&nbsp; u003cb>u003cspan styleu003d\"font-weight:bold\">&nbsp;&nbsp;LOS PRODUCTORES SATISFECHOS&nbsp;&nbsp; u003c\/span>u003c\/b>u003c\/span>u003c\/font>u003c\/p>nu003cp styleu003d\"text-align:justify\">u003cfont faceu003d\"Times New Roman\" sizeu003d\"4\">u003cspan langu003d\"ES\" styleu003d\"font-size:14pt\">&nbsp;&nbsp;&nbsp;&nbsp;&nbsp;&nbsp; Manuel Matos&nbsp; y Robin Alc&aacute;ntara&nbsp; coincidieron en que la&nbsp; pr&oacute;xima cosecha de habichuelas ser&aacute; exitosa tras destacar el apoyo a los productores que han ofrecido las autoridades del agro, encabezadas por el secretario Jim&eacute;nez y administrador del Bagr&iacute;cola.nu003c\/span>u003c\/font>u003c\/p>nu003cp styleu003d\"text-align:justify\">u003cfont faceu003d\"Times New Roman\" sizeu003d\"4\">u003cspan langu003d\"ES\" styleu003d\"font-size:14pt\">&nbsp;&nbsp;&nbsp;&nbsp;&nbsp;&nbsp; Matos P&eacute;rez y Alc&aacute;ntara se&ntilde;alaron que los productores afectados por la tormenta Noel est&aacute;n satisfechos con el anuncio del presidente Fern&aacute;ndez de congelar por seis meses el pago de los intereses y capital de la deuda contra&iacute;da por los agricultores con el Banco Agr&iacute;cola. nu003c\/span>u003c\/font>u003c\/p>nu003cp styleu003d\"text-align:justify\">u003cfont faceu003d\"Times New Roman\" sizeu003d\"4\">u003cspan langu003d\"ES\" styleu003d\"font-size:14pt\">u003cspan>u003c\/span>&nbsp;&nbsp;&nbsp;&nbsp;&nbsp; Productores de diferentes cultivos del Valle de San Juan de la Maguana &nbsp;dijeron que se sienten satisfechos con esa medida presidencial. Te&oacute;filo Ogando, uno de los productores, calific&oacute; de positiva esta iniciativa, se&ntilde;alar &nbsp;que los agricultores lo perdieron todo tras el paso de la tormental.nu003c\/span>u003c\/font>u003c\/p>nu003cp styleu003d\"text-align:justify\">u003cfont faceu003d\"Times New Roman\" sizeu003d\"4\">u003cspan langu003d\"ES\" styleu003d\"font-size:14pt\">&nbsp;u003c\/span>u003c\/font>u003c\/p>nu003cp styleu003d\"text-align:justify\">u003cfont faceu003d\"Times New Roman\" sizeu003d\"4\">u003cspan langu003d\"ES\" styleu003d\"font-size:14pt\">&nbsp;u003c\/span>u003c\/font>u003c\/p>nu003cp styleu003d\"text-align:justify\">u003cfont faceu003d\"Times New Roman\" sizeu003d\"4\">u003cspan langu003d\"ES\" styleu003d\"font-size:14pt\">PIE DE FOTO: El secretario de Agricultura, Salvador (Ch&iacute;o)&nbsp; Jim&eacute;nez,&nbsp; encabeza el inicio de la siembra de invierno de habichuelas&nbsp; en el valle de San Juan de la Maguana.nu003c\/span>u003c\/font>u003c\/p>nu003cp styleu003d\"text-align:justify\">u003cfont faceu003d\"Times New Roman\" sizeu003d\"4\">\",1]  );    \/\/-->&#13;<br \/>\n\u00a0\u00a0\u00a0\u00a0\u00a0\u00a0\u00a0\u00a0\u00a0\u00a0 <br \/>&#13;<br \/>\n  <strong>Reciben la noticia con agrado<\/strong><br \/>&#13;<br \/>\n  <br \/>&#13;<br \/>\n  Manuel Matos\u00a0  y Robin Alc\u00e1ntara\u00a0 coincidieron en que la\u00a0 pr\u00f3xima cosecha de  habichuelas ser\u00e1 exitosa tras destacar el apoyo a los productores que han  ofrecido las autoridades del agro, encabezadas por el secretario Jim\u00e9nez y  administrador del Bagr\u00edcola. <br \/>&#13;<br \/>\n  <br \/>&#13;<br \/>\nMatos P\u00e9rez  y Alc\u00e1ntara se\u00f1alaron que los productores afectados por la tormenta Noel est\u00e1n  satisfechos con el anuncio del presidente Fern\u00e1ndez de congelar por seis meses  el pago de los intereses y capital de la deuda contra\u00edda por los agricultores  con el Banco Agr\u00edcola. <br \/>&#13;<br \/>\n<br \/>&#13;<br \/>\nProductores  de diferentes cultivos del Valle de San Juan de la Maguana \u00a0dijeron que  se sienten satisfechos con esa medida presidencial. Te\u00f3filo Ogando, uno de los  productores, calific\u00f3 de positiva esta iniciativa, se\u00f1alar \u00a0que los  agricultores lo perdieron todo tras el paso de la tormental. <\/p>\n<p>&#13;<\/p>\n<h6> 2007-11-12 14:01:10 <\/h6>\n<p><!--\n<link rel=\"stylesheet\" href=\"css\/bootstrap.min.css\">\n\n\n<ul class=\"pagination\">\n\t    \n\t\n\n<li >\n\t<a href='?page_no=28442'>Previous<\/a>\n\t<\/li>\n\n\n       \n    \n\n<li><a href='?page_no=1'>1<\/a><\/li>\n\n\n\n<li><a href='?page_no=2'>2<\/a><\/li>\n\n\n\n<li><a>...<\/a><\/li>\n\n\n\n<li><a href='?page_no=28441'>28441<\/a><\/li>\n\n\n\n<li><a href='?page_no=28442'>28442<\/a><\/li>\n\n\n\n<li class='active'><a>28443<\/a><\/li>\n\n\n\n<li><a href='?page_no=28444'>28444<\/a><\/li>\n\n\n\n<li><a href='?page_no=28445'>28445<\/a><\/li>\n\n\n\n<li><a>...<\/a><\/li>\n\n\n\n<li><a href='?page_no=30472'>30472<\/a><\/li>\n\n\n\n<li><a href='?page_no=30473'>30473<\/a><\/li>\n\n    \n\t\n\n<li >\n\t<a href='?page_no=28444'>Next<\/a>\n\t<\/li>\n\n\n    \n\n<li><a href='?page_no=30473'>Last &rsaquo;&rsaquo;<\/a><\/li>\n\n<\/ul>\n\n\n--><br \/>\n<\/body><\/p>\n","protected":false},"excerpt":{"rendered":"<p>Inician siembra de habichuelas; Presidente dispone tasa baja para pr\u00e9stamos a\u00a0 los productores del agro &#13; Chio \u00a0Jim\u00e9nez consider\u00f3 hist\u00f3rica la suma entregada al Bagr\u00edcola, con lo que se eleva a tres mil 200 millones los recursos que el Presidente Fern\u00e1ndez\u00a0 ha destinado al Banco Agr\u00edcola durante esta gesti\u00f3n de gobierno.\u00a0\u00a0 &#13; SAN JUAN DE [&hellip;]<\/p>\n","protected":false},"author":3,"featured_media":0,"comment_status":"open","ping_status":"open","sticky":false,"template":"","format":"standard","meta":{"footnotes":""},"categories":[18],"tags":[],"class_list":["post-122563","post","type-post","status-publish","format-standard","hentry","category-economia"],"_links":{"self":[{"href":"https:\/\/diariodominicano.com\/index.php?rest_route=\/wp\/v2\/posts\/122563","targetHints":{"allow":["GET"]}}],"collection":[{"href":"https:\/\/diariodominicano.com\/index.php?rest_route=\/wp\/v2\/posts"}],"about":[{"href":"https:\/\/diariodominicano.com\/index.php?rest_route=\/wp\/v2\/types\/post"}],"author":[{"embeddable":true,"href":"https:\/\/diariodominicano.com\/index.php?rest_route=\/wp\/v2\/users\/3"}],"replies":[{"embeddable":true,"href":"https:\/\/diariodominicano.com\/index.php?rest_route=%2Fwp%2Fv2%2Fcomments&post=122563"}],"version-history":[{"count":0,"href":"https:\/\/diariodominicano.com\/index.php?rest_route=\/wp\/v2\/posts\/122563\/revisions"}],"wp:attachment":[{"href":"https:\/\/diariodominicano.com\/index.php?rest_route=%2Fwp%2Fv2%2Fmedia&parent=122563"}],"wp:term":[{"taxonomy":"category","embeddable":true,"href":"https:\/\/diariodominicano.com\/index.php?rest_route=%2Fwp%2Fv2%2Fcategories&post=122563"},{"taxonomy":"post_tag","embeddable":true,"href":"https:\/\/diariodominicano.com\/index.php?rest_route=%2Fwp%2Fv2%2Ftags&post=122563"}],"curies":[{"name":"wp","href":"https:\/\/api.w.org\/{rel}","templated":true}]}}