{"id":122562,"date":"2007-11-12T16:35:07","date_gmt":"2007-11-12T16:35:07","guid":{"rendered":"http:\/\/diariodominicano.ddns.net\/?p=122562"},"modified":"2007-11-12T16:35:07","modified_gmt":"2007-11-12T16:35:07","slug":"piden-al-gobierno-acelere-ejecucion-del-plan","status":"publish","type":"post","link":"https:\/\/diariodominicano.com\/?p=122562","title":{"rendered":"Piden al Gobierno acelere ejecuci\u00f3n del plan"},"content":{"rendered":"<p><body><\/p>\n<p class=\"titulogrande1\">Piden  al Gobierno acelere ejecuci\u00f3n del plan <\/p>\n<p>&#13;<\/p>\n<p align=\"justify\" class=\"text1noticias\"><strong>SANTO DOMINGO.- <\/strong>Choferes y  dirigentes de diferentes centrales sindicales pidieron al presidente Leonel  Fern\u00e1ndez que acelere la puesta en marcha del plan para contrarrestar los altos  precios de los combustibles y advirtieron que est\u00e1n en una situaci\u00f3n \u201cdif\u00edcil  desesperante\u201d. \u00a0\u00a0\u00a0 <br \/>&#13;<br \/>\n  Ninguno  de los choferes consultado y los sindicalistas afirm\u00f3 que se fuesen aumentar  los precios de los pasajes, pero tampoco lo descartaron. <br \/>&#13;<br \/>\n  <br \/>&#13;<br \/>\n  Varias  centrales sindicales se reunir\u00e1n ma\u00f1ana lunes para fijar una posici\u00f3n sobre las  alzas que han experimentado los precios de los combustibles en las \u00faltimas  semanas. En ese tenor, hoy domingo a las 10 de la ma\u00f1ana la Central de Transporte  Unificado (CNTU) se reunir\u00e1\u00a0 para evaluar y plantar una soluci\u00f3n al  problema. <br \/>&#13;<br \/>\n  <br \/>&#13;<br \/>\n  La  informaci\u00f3n la ofreci\u00f3 el titular de la   CNTU, Ram\u00f3n P\u00e9rez Figuero, quien dijo que luego el lunes se  reunir\u00e1n la CNTU,  Confederaci\u00f3n Nacional (CONATRA), la Federaci\u00f3n Nacional  de Transporte de Carga (Fenatrado), \u00a0Mochotran y otros. <br \/>&#13;<br \/>\n  <br \/>&#13;<br \/>\n  Esta  semana los precios de los carburantes alcanzaron precios record, cuando la  gasolina primiun subi\u00f3 390 pesos el gal\u00f3n y la gasolina regular 440 pesos el  gal\u00f3n. <br \/>&#13;<br \/>\n  <br \/>&#13;<br \/>\n  Figuereo  explic\u00f3 que en ese pleno nacional de dirigentes se llegar\u00e1 a un acuerdo sobre la  posici\u00f3n que se le llevar\u00e1 al Gobierno y a todo el pa\u00eds sobre la incidencia y  la forma como impacta al sector transporte las alzas de los precios del  petr\u00f3leo. \u00a0 <br \/>&#13;<br \/>\n  <br \/>&#13;<br \/>\n  Indic\u00f3  que una de la propuesta es crear un fondo de compensaci\u00f3n para que no traspase  semanalmente los aumentos de precios de combustibles a los conductores. Explic\u00f3  que la semana antepasada el sector transporte absolvi\u00f3 un aumento de m\u00e1s de  ocho pesos en el precio del gasoil. <br \/>&#13;<br \/>\n  <br \/>&#13;<br \/>\n  El  secretario general de la   Federaci\u00f3n de Transporte la Nueva Opci\u00f3n  (FENATRANO), Juan Hubieres, critic\u00f3 que el presidente Leonel Fern\u00e1ndez en su  discurso a la naci\u00f3n no anunciara un plan de contingencia pese al problema que  representa el precio del petr\u00f3leo para el pa\u00eds. <br \/>&#13;<br \/>\n  <br \/>&#13;<br \/>\n  \u201cEl  Gobierno ha dise\u00f1ado un plan muy claro: los sectores poderosos que producen  bebidas, azucares, ron tienen poderes f\u00e1cticos que los ayudes, pero con los  combustibles no tienen quien lo defienda\u201d, dijo Hubieres. <br \/>&#13;<br \/>\n  <br \/>&#13;<br \/>\n  Lament\u00f3  que cuando se gravan los precios de los combustibles se est\u00e1 gravando todo el  aparato productivo nacional y eso afecta a todo el pa\u00eds. <\/p>\n<p>&#13;<\/p>\n<h6> 2007-11-12 16:35:07 <\/h6>\n<p><!--\n<link rel=\"stylesheet\" href=\"css\/bootstrap.min.css\">\n\n\n<ul class=\"pagination\">\n\t    \n\t\n\n<li >\n\t<a href='?page_no=28441'>Previous<\/a>\n\t<\/li>\n\n\n       \n    \n\n<li><a href='?page_no=1'>1<\/a><\/li>\n\n\n\n<li><a href='?page_no=2'>2<\/a><\/li>\n\n\n\n<li><a>...<\/a><\/li>\n\n\n\n<li><a href='?page_no=28440'>28440<\/a><\/li>\n\n\n\n<li><a href='?page_no=28441'>28441<\/a><\/li>\n\n\n\n<li class='active'><a>28442<\/a><\/li>\n\n\n\n<li><a href='?page_no=28443'>28443<\/a><\/li>\n\n\n\n<li><a href='?page_no=28444'>28444<\/a><\/li>\n\n\n\n<li><a>...<\/a><\/li>\n\n\n\n<li><a href='?page_no=30472'>30472<\/a><\/li>\n\n\n\n<li><a href='?page_no=30473'>30473<\/a><\/li>\n\n    \n\t\n\n<li >\n\t<a href='?page_no=28443'>Next<\/a>\n\t<\/li>\n\n\n    \n\n<li><a href='?page_no=30473'>Last &rsaquo;&rsaquo;<\/a><\/li>\n\n<\/ul>\n\n\n--><br \/>\n<\/body><\/p>\n","protected":false},"excerpt":{"rendered":"<p>Piden al Gobierno acelere ejecuci\u00f3n del plan &#13; SANTO DOMINGO.- Choferes y dirigentes de diferentes centrales sindicales pidieron al presidente Leonel Fern\u00e1ndez que acelere la puesta en marcha del plan para contrarrestar los altos precios de los combustibles y advirtieron que est\u00e1n en una situaci\u00f3n \u201cdif\u00edcil desesperante\u201d. \u00a0\u00a0\u00a0 &#13; Ninguno de los choferes consultado y [&hellip;]<\/p>\n","protected":false},"author":3,"featured_media":0,"comment_status":"open","ping_status":"open","sticky":false,"template":"","format":"standard","meta":{"footnotes":""},"categories":[18],"tags":[],"class_list":["post-122562","post","type-post","status-publish","format-standard","hentry","category-economia"],"_links":{"self":[{"href":"https:\/\/diariodominicano.com\/index.php?rest_route=\/wp\/v2\/posts\/122562","targetHints":{"allow":["GET"]}}],"collection":[{"href":"https:\/\/diariodominicano.com\/index.php?rest_route=\/wp\/v2\/posts"}],"about":[{"href":"https:\/\/diariodominicano.com\/index.php?rest_route=\/wp\/v2\/types\/post"}],"author":[{"embeddable":true,"href":"https:\/\/diariodominicano.com\/index.php?rest_route=\/wp\/v2\/users\/3"}],"replies":[{"embeddable":true,"href":"https:\/\/diariodominicano.com\/index.php?rest_route=%2Fwp%2Fv2%2Fcomments&post=122562"}],"version-history":[{"count":0,"href":"https:\/\/diariodominicano.com\/index.php?rest_route=\/wp\/v2\/posts\/122562\/revisions"}],"wp:attachment":[{"href":"https:\/\/diariodominicano.com\/index.php?rest_route=%2Fwp%2Fv2%2Fmedia&parent=122562"}],"wp:term":[{"taxonomy":"category","embeddable":true,"href":"https:\/\/diariodominicano.com\/index.php?rest_route=%2Fwp%2Fv2%2Fcategories&post=122562"},{"taxonomy":"post_tag","embeddable":true,"href":"https:\/\/diariodominicano.com\/index.php?rest_route=%2Fwp%2Fv2%2Ftags&post=122562"}],"curies":[{"name":"wp","href":"https:\/\/api.w.org\/{rel}","templated":true}]}}