{"id":122561,"date":"2007-11-12T18:24:38","date_gmt":"2007-11-12T18:24:38","guid":{"rendered":"http:\/\/diariodominicano.ddns.net\/?p=122561"},"modified":"2007-11-12T18:24:38","modified_gmt":"2007-11-12T18:24:38","slug":"agricultura-inicia-cosecha-record-de-ajo-en-valle-de-constanza","status":"publish","type":"post","link":"https:\/\/diariodominicano.com\/?p=122561","title":{"rendered":"Agricultura inicia cosecha r\u00e9cord de ajo en valle de Constanza."},"content":{"rendered":"<p><body><\/p>\n<p class=\"titulogrande1\"><strong>Agricultura inicia cosecha  r\u00e9cord de ajo en valle de Constanza.<\/strong><\/p>\n<p>&#13;<\/p>\n<p align=\"justify\" class=\"text1noticias\"><strong><img loading=\"lazy\" decoding=\"async\" src=\"http:\/\/localhost:8080\/economia\/pictures\/cosecha record ajo.jpg\" width=\"269\" height=\"178\" hspace=\"4\" align=\"left\" \/>CONSTANZA.- <\/strong>El secretario de Agricultura,  Salvador Jim\u00e9nez (Ch\u00edo), dej\u00f3 iniciada la siembra de m\u00e1s de ocho mil  tareas de ajo, m\u00e1s de diez mil de papa, cebolla y vegetales, que involucran la  participaci\u00f3n de miles de productores de los valles de Tireo y este municipio.<br \/>&#13;<br \/>\n  <br \/>&#13;<br \/>\n  Jim\u00e9nez\u00a0  dijo que en la pasada cosecha se cultivaron 7 mil 500 tareas de ajo y en  la presente zafra ocho mil, para un incremento de 500 tareas del bulbo.<br \/>&#13;<br \/>\n\u00a0\u00a0\u00a0\u00a0\u00a0\u00a0 <br \/>&#13;<br \/>\nEl funcionario atribuy\u00f3 ese incremento al clima  de confianza que existe entre los productores y al apoyo de las autoridades del  Gobierno del presidente Leonel Fern\u00e1ndez.<br \/>&#13;<br \/>\n  \u00a0<br \/>&#13;<br \/>\n  Explic\u00f3 que en Constanza, Tireo y otras  comunidades aleda\u00f1as a esas demarcaciones fueron sembrados 25\u00a0 mil quintales de semillas de ajo de buena  calidad y de alto rendimiento.<br \/>&#13;<br \/>\n  \u00a0<br \/>&#13;<br \/>\n  Dijo el funcionario que Agricultura dio  facilidades a los productores para sacar de las aduanas el material de siembra  sin cubrir el pago de impuestos y apoyo log\u00edstico mientras que el Banco  Agr\u00edcola les otorg\u00f3 pr\u00e9stamos a bajas tasas de inter\u00e9s.<br \/>&#13;<br \/>\n\u00a0\u00a0<br \/>&#13;<br \/>\n\u201cLa producci\u00f3n de ajo, papa, cebolla y vegetales  tiene asegurada la venta en el mercado local\u201d, Expres\u00f3 Jim\u00e9nez.<\/p>\n<p>&#13;<\/p>\n<p align=\"justify\" class=\"text1noticias\">En el acto de inici\u00f3 de la siembra de ajo, papa,  cebolla y otros cultivos, acompa\u00f1aron a Jim\u00e9nez, el administrador del Banco  Agr\u00edcola, Pa\u00edno Abreu, el subsecretario de Producci\u00f3n de Agricultura, Antonio  Manuel Camilo, el director del Instituto Agrario Dominicano (IAD), Quilvio  Cabrera, el director de Ganader\u00eda, Angel Faxas, y el encargado de la Unidad Ejecutora  de Pignoraciones (UEPI), H\u00e9ctor Acosta, entre otros funcionarios.<br \/>&#13;<br \/>\n\u00a0\u00a0\u00a0\u00a0 <br \/>&#13;<br \/>\nAsimismo, el asesor Hort\u00edcola del Poder  Ejecutivo, Eugenio N\u00fa\u00f1ez, el presidente de la Uni\u00f3n Nacional de  Productores Agr\u00edcolas (UNAPRODA), Enrique Dur\u00e1n, el presidente de la Asociaci\u00f3n de  Productores de Papa San Jos\u00e9 de Tireo, Ram\u00f3n Hern\u00e1ndez, la presidenta de la Asociaci\u00f3n de  Productores\u00a0 La Buena Fe, Mar\u00eda Esperanza  \u00c1lvarez \u00a0y de la Asociaci\u00f3n de  Productores Hort\u00edcolas del valle de Constanza, Salvador Ferrer hijo.<\/p>\n<p>&#13;<\/p>\n<p align=\"justify\" class=\"text1noticias\"><strong>Destacan  respaldo t\u00e9cnico y log\u00edstico del gobierno <\/strong><br \/>&#13;<br \/>\n\u00a0\u00a0 <br \/>&#13;<br \/>\nLos\u00a0representantes de\u00a0 asociaciones de  productores de Constanza destacaron el respaldo t\u00e9cnico y log\u00edstico recibido del  Gobierno del presidente Leonel Fern\u00e1ndez, a trav\u00e9s del secretario de  Agricultura Ch\u00edo Jim\u00e9nez y del administrador del Banco Agr\u00edcola, Pa\u00edno Abreu.<br \/>&#13;<br \/>\n\u00a0\u00a0\u00a0\u00a0\u00a0\u00a0 <br \/>&#13;<br \/>\nLos productores expresaron que la producci\u00f3n de  ajo ha superado los tiempos de dificultades que experimentaban en el pasado, cuando  la incertidumbre y la intranquilidad reinaban en ese sector.<br \/>&#13;<br \/>\n\u00a0\u00a0\u00a0\u00a0 <br \/>&#13;\n<\/p>\n<p>&#13;<\/p>\n<div align=\"justify\" class=\"text1noticias\">Los productores de ajo de los valles de Constanza y  Tireo explicaron que se espera una producci\u00f3n de m\u00e1s de 75 quintales de ajo durante  los meses de enero, febrero y marzo, para un incremento de m\u00e1s de cinco mil quintales.\u00a0\u00a0\u00a0\u00a0 <\/div>\n<p>&#13;<\/p>\n<h6> 2007-11-12 18:24:38 <\/h6>\n<p><!--\n<link rel=\"stylesheet\" href=\"css\/bootstrap.min.css\">\n\n\n<ul class=\"pagination\">\n\t    \n\t\n\n<li >\n\t<a href='?page_no=28440'>Previous<\/a>\n\t<\/li>\n\n\n       \n    \n\n<li><a href='?page_no=1'>1<\/a><\/li>\n\n\n\n<li><a href='?page_no=2'>2<\/a><\/li>\n\n\n\n<li><a>...<\/a><\/li>\n\n\n\n<li><a href='?page_no=28439'>28439<\/a><\/li>\n\n\n\n<li><a href='?page_no=28440'>28440<\/a><\/li>\n\n\n\n<li class='active'><a>28441<\/a><\/li>\n\n\n\n<li><a href='?page_no=28442'>28442<\/a><\/li>\n\n\n\n<li><a href='?page_no=28443'>28443<\/a><\/li>\n\n\n\n<li><a>...<\/a><\/li>\n\n\n\n<li><a href='?page_no=30472'>30472<\/a><\/li>\n\n\n\n<li><a href='?page_no=30473'>30473<\/a><\/li>\n\n    \n\t\n\n<li >\n\t<a href='?page_no=28442'>Next<\/a>\n\t<\/li>\n\n\n    \n\n<li><a href='?page_no=30473'>Last &rsaquo;&rsaquo;<\/a><\/li>\n\n<\/ul>\n\n\n--><br \/>\n<\/body><\/p>\n","protected":false},"excerpt":{"rendered":"<p>Agricultura inicia cosecha r\u00e9cord de ajo en valle de Constanza. &#13; CONSTANZA.- El secretario de Agricultura, Salvador Jim\u00e9nez (Ch\u00edo), dej\u00f3 iniciada la siembra de m\u00e1s de ocho mil tareas de ajo, m\u00e1s de diez mil de papa, cebolla y vegetales, que involucran la participaci\u00f3n de miles de productores de los valles de Tireo y este [&hellip;]<\/p>\n","protected":false},"author":3,"featured_media":0,"comment_status":"open","ping_status":"open","sticky":false,"template":"","format":"standard","meta":{"footnotes":""},"categories":[18],"tags":[],"class_list":["post-122561","post","type-post","status-publish","format-standard","hentry","category-economia"],"_links":{"self":[{"href":"https:\/\/diariodominicano.com\/index.php?rest_route=\/wp\/v2\/posts\/122561","targetHints":{"allow":["GET"]}}],"collection":[{"href":"https:\/\/diariodominicano.com\/index.php?rest_route=\/wp\/v2\/posts"}],"about":[{"href":"https:\/\/diariodominicano.com\/index.php?rest_route=\/wp\/v2\/types\/post"}],"author":[{"embeddable":true,"href":"https:\/\/diariodominicano.com\/index.php?rest_route=\/wp\/v2\/users\/3"}],"replies":[{"embeddable":true,"href":"https:\/\/diariodominicano.com\/index.php?rest_route=%2Fwp%2Fv2%2Fcomments&post=122561"}],"version-history":[{"count":0,"href":"https:\/\/diariodominicano.com\/index.php?rest_route=\/wp\/v2\/posts\/122561\/revisions"}],"wp:attachment":[{"href":"https:\/\/diariodominicano.com\/index.php?rest_route=%2Fwp%2Fv2%2Fmedia&parent=122561"}],"wp:term":[{"taxonomy":"category","embeddable":true,"href":"https:\/\/diariodominicano.com\/index.php?rest_route=%2Fwp%2Fv2%2Fcategories&post=122561"},{"taxonomy":"post_tag","embeddable":true,"href":"https:\/\/diariodominicano.com\/index.php?rest_route=%2Fwp%2Fv2%2Ftags&post=122561"}],"curies":[{"name":"wp","href":"https:\/\/api.w.org\/{rel}","templated":true}]}}