{"id":122560,"date":"2007-11-13T00:25:11","date_gmt":"2007-11-13T00:25:11","guid":{"rendered":"http:\/\/diariodominicano.ddns.net\/?p=122560"},"modified":"2007-11-13T00:25:11","modified_gmt":"2007-11-13T00:25:11","slug":"amadeus-inaugura-su-primer-centro-de-soluciones-para-toda-latinoamerica","status":"publish","type":"post","link":"https:\/\/diariodominicano.com\/?p=122560","title":{"rendered":"AMADEUS inaugura su primer centro de soluciones para toda Latinoam\u00e9rica"},"content":{"rendered":"<p><body><\/p>\n<p align=\"justify\"><strong class=\"titulogrande1\">AMADEUS inaugura su primer centro  de soluciones para toda Latinoam\u00e9rica <\/strong><br \/>&#13;<br \/>\n  <br \/>&#13;<br \/>\n    <span class=\"text1noticias\">Es el  primer centro de este tipo que abre en la regi\u00f3n y su foco ser\u00e1n las  necesidades del mercado latinoamericano.<br \/>&#13;<br \/>\n    \u00a0 <br \/>&#13;<br \/>\n    <strong>Bogot\u00e1.-<\/strong>  Amadeus, l\u00edder mundial en soluciones tecnol\u00f3gicas y de distribuci\u00f3n para el  sector de los viajes y el turismo, celebra sus 20 a\u00f1os de \u00e9xito mundial  con\u00a0 la apertura del Amadeus Solutions  Center<strong><em>,<\/em><\/strong>su centro de  soluciones tecnol\u00f3gicas para Am\u00e9rica Latina. <br \/>&#13;<br \/>\n<br \/>&#13;<br \/>\nEn una nota  informativa recibida este lunes se inform\u00f3 que el centro inaugurado el pasado  viernes con sede en este pa\u00eds andino, crear\u00e1 nuevas soluciones enfocadas a las  necesidades de los usuarios, y aumentar\u00e1 a\u00fan m\u00e1s el alcance de los productos y  servicios para toda la regi\u00f3n.<br \/>&#13;<br \/>\n<br \/>&#13;<br \/>\nEl documento  explic\u00f3 que Colombia fue elegida por la alta capacitaci\u00f3n de sus profesionales  y por ser la sede de operaciones de la compa\u00f1\u00eda para toda la Regi\u00f3n Andina.<br \/>&#13;<br \/>\n<br \/>&#13;<br \/>\nAmadeus ya  cuenta con otros polos de desarrollo de soluciones en todo el mundo y el  principal se encuentra en Sophia Antipolis &#8211; el Silicon Valley franc\u00e9s,  mientras los dem\u00e1s est\u00e1n en Frankfurt, Praga, Amberes, Bangkok y Miami. <br \/>&#13;<br \/>\n<br \/>&#13;<br \/>\nAgreg\u00f3 que Amadeus  Solutions Center es el resultado de una s\u00f3lida pol\u00edtica de inversiones en  Am\u00e9rica Latina, regi\u00f3n a la que destina anualmente m\u00e1s de seis\u00a0 millones de euros en Investigaci\u00f3n y Desarrollo. <\/span><\/p>\n<p>&#13;<\/p>\n<p align=\"justify\" class=\"text1noticias\">Explic\u00f3 adem\u00e1s  que este centro contar\u00e1 con 50 ingenieros dedicados a la regi\u00f3n, un equipo de  especialistas que podr\u00e1 duplicarse en el mediano plazo. <br \/>&#13;<br \/>\n  <br \/>&#13;<br \/>\n  Manifest\u00f3 que su  principal enfoque ser\u00e1 brindar soluciones para ventas, comercio electr\u00f3nico,  consultor\u00eda y gesti\u00f3n de negocios adaptadas a los requerimientos de cada  cliente en particular. <br \/>&#13;<br \/>\n  <br \/>&#13;<br \/>\n  Agreg\u00f3 el  documento que de este modo, se renueva el compromiso de Amadeus de ser el socio  tecnol\u00f3gico preferente de la industria y ayudar a los usuarios a estar a la  vanguardia del sector de los viajes y el turismo. <br \/>&#13;<br \/>\n  <br \/>&#13;<br \/>\n  Asimismo se\u00f1al\u00f3  que desarrollar\u00e1 tecnolog\u00eda a la medida de las necesidades del mercado  latinoamericano, con un precio ajustado a las econom\u00edas locales. <\/p>\n<p>&#13;<\/p>\n<h6> 2007-11-13 00:25:11 <\/h6>\n<p><!--\n<link rel=\"stylesheet\" href=\"css\/bootstrap.min.css\">\n\n\n<ul class=\"pagination\">\n\t    \n\t\n\n<li >\n\t<a href='?page_no=28439'>Previous<\/a>\n\t<\/li>\n\n\n       \n    \n\n<li><a href='?page_no=1'>1<\/a><\/li>\n\n\n\n<li><a href='?page_no=2'>2<\/a><\/li>\n\n\n\n<li><a>...<\/a><\/li>\n\n\n\n<li><a href='?page_no=28438'>28438<\/a><\/li>\n\n\n\n<li><a href='?page_no=28439'>28439<\/a><\/li>\n\n\n\n<li class='active'><a>28440<\/a><\/li>\n\n\n\n<li><a href='?page_no=28441'>28441<\/a><\/li>\n\n\n\n<li><a href='?page_no=28442'>28442<\/a><\/li>\n\n\n\n<li><a>...<\/a><\/li>\n\n\n\n<li><a href='?page_no=30472'>30472<\/a><\/li>\n\n\n\n<li><a href='?page_no=30473'>30473<\/a><\/li>\n\n    \n\t\n\n<li >\n\t<a href='?page_no=28441'>Next<\/a>\n\t<\/li>\n\n\n    \n\n<li><a href='?page_no=30473'>Last &rsaquo;&rsaquo;<\/a><\/li>\n\n<\/ul>\n\n\n--><br \/>\n<\/body><\/p>\n","protected":false},"excerpt":{"rendered":"<p>AMADEUS inaugura su primer centro de soluciones para toda Latinoam\u00e9rica &#13; &#13; Es el primer centro de este tipo que abre en la regi\u00f3n y su foco ser\u00e1n las necesidades del mercado latinoamericano.&#13; \u00a0 &#13; Bogot\u00e1.- Amadeus, l\u00edder mundial en soluciones tecnol\u00f3gicas y de distribuci\u00f3n para el sector de los viajes y el turismo, celebra [&hellip;]<\/p>\n","protected":false},"author":3,"featured_media":0,"comment_status":"open","ping_status":"open","sticky":false,"template":"","format":"standard","meta":{"footnotes":""},"categories":[18],"tags":[],"class_list":["post-122560","post","type-post","status-publish","format-standard","hentry","category-economia"],"_links":{"self":[{"href":"https:\/\/diariodominicano.com\/index.php?rest_route=\/wp\/v2\/posts\/122560","targetHints":{"allow":["GET"]}}],"collection":[{"href":"https:\/\/diariodominicano.com\/index.php?rest_route=\/wp\/v2\/posts"}],"about":[{"href":"https:\/\/diariodominicano.com\/index.php?rest_route=\/wp\/v2\/types\/post"}],"author":[{"embeddable":true,"href":"https:\/\/diariodominicano.com\/index.php?rest_route=\/wp\/v2\/users\/3"}],"replies":[{"embeddable":true,"href":"https:\/\/diariodominicano.com\/index.php?rest_route=%2Fwp%2Fv2%2Fcomments&post=122560"}],"version-history":[{"count":0,"href":"https:\/\/diariodominicano.com\/index.php?rest_route=\/wp\/v2\/posts\/122560\/revisions"}],"wp:attachment":[{"href":"https:\/\/diariodominicano.com\/index.php?rest_route=%2Fwp%2Fv2%2Fmedia&parent=122560"}],"wp:term":[{"taxonomy":"category","embeddable":true,"href":"https:\/\/diariodominicano.com\/index.php?rest_route=%2Fwp%2Fv2%2Fcategories&post=122560"},{"taxonomy":"post_tag","embeddable":true,"href":"https:\/\/diariodominicano.com\/index.php?rest_route=%2Fwp%2Fv2%2Ftags&post=122560"}],"curies":[{"name":"wp","href":"https:\/\/api.w.org\/{rel}","templated":true}]}}