{"id":122559,"date":"2007-11-14T13:39:02","date_gmt":"2007-11-14T13:39:02","guid":{"rendered":"http:\/\/diariodominicano.ddns.net\/?p=122559"},"modified":"2007-11-14T13:39:02","modified_gmt":"2007-11-14T13:39:02","slug":"consejo-de-zonas-francas-se-reune-con-productores-de-calzados-interesados-en-invertir-en-rd","status":"publish","type":"post","link":"https:\/\/diariodominicano.com\/?p=122559","title":{"rendered":"Consejo de Zonas Francas se re\u00fane con productores de calzados interesados en invertir en RD"},"content":{"rendered":"<p><body><\/p>\n<p align=\"justify\" class=\"titulogrande1\">Consejo de Zonas Francas se re\u00fane con productores de calzados interesados  en invertir en RD<\/p>\n<p>&#13;<\/p>\n<p align=\"justify\"><strong>La directora del Consejo  Nacional de Zonas Francas de Exportaci\u00f3n indic\u00f3 que a finales del presente mes  vendr\u00e1n al pa\u00eds un promedio de 14 representantes de empresas productoras de  calzados de Espa\u00f1a para desarrollar una agenda conjunta con los productores y  fabricantes de componentes de calzados nacionales.<\/strong><\/p>\n<p>&#13;<\/p>\n<p align=\"justify\" class=\"text1noticias\"><strong><img loading=\"lazy\" decoding=\"async\" src=\"http:\/\/localhost:8080\/economia\/pictures\/zonas francas foto.jpg\" width=\"269\" height=\"364\" hspace=\"4\" align=\"left\" \/>SANTO DOMINGO.- <\/strong>La  directora del Consejo Nacional de Zonas Francas de Exportaci\u00f3n, Luisa Fern\u00e1ndez,  \u00a0se reuni\u00f3 el \u00a0martes con los  principales representantes de empresas fabricantes y exportadoras de calzados  de Rep\u00fablica Dominicana.<br \/>&#13;<br \/>\n  <br \/>&#13;<br \/>\n  Dijo\u00a0 que con el sector se trata de programar la  agenda a presentar a una misi\u00f3n espa\u00f1ola compuesta por unas 16 empresas  productoras e importadoras de calzados que vendr\u00e1n con la intenci\u00f3n de  instalarse en el pa\u00eds.<br \/>&#13;<br \/>\n  <br \/>&#13;<br \/>\n  Indic\u00f3 que ese es un  esfuerzo que ha hecho el Gobierno por instrucciones del presidente Leonel  Fern\u00e1ndez, debido a las grandes posibilidades que tiene el pa\u00eds respecto a la  competitividad en esa materia.<br \/>&#13;<br \/>\n  <br \/>&#13;<br \/>\n  Record\u00f3 que\u00a0el  Consejo Nacional de Zonas Francas ha ido dos veces a Espa\u00f1a con propuestas  concretas para los exportadores de calzados hacia el mercado de los Estados  Unidos.<br \/>&#13;<br \/>\n  <br \/>&#13;<br \/>\n  Luisa Fern\u00e1ndez expres\u00f3  que se ha planteado a los fabricantes espa\u00f1oles establecerse en la Rep\u00fablica Dominicana  y exportar su producto desde el pa\u00eds, sin el pago de impuestos o de aranceles,  beneficios contemplados en el Tratado de Libre Comercio suscrito con Estados  Unidos y Centroam\u00e9rica.<br \/>&#13;<br \/>\n  <br \/>&#13;<br \/>\n  La directora del Consejo  Nacional de Zonas Francas de Exportaci\u00f3n indic\u00f3 que a finales del presente mes  vendr\u00e1n al pa\u00eds un promedio de 14 representantes de empresas productoras de  calzados de Espa\u00f1a para desarrollar una agenda conjunta con los productores y  fabricantes de componentes de calzados nacionales.<br \/>&#13;<br \/>\n  <br \/>&#13;<br \/>\n  Fern\u00e1ndez explic\u00f3 que  esa es una misi\u00f3n especial debido a que ya se tienen los perfiles de las  empresas que vendr\u00e1n a cerrar negocios en la Rep\u00fablica Dominicana.<br \/>&#13;<br \/>\n  <br \/>&#13;<br \/>\n  Afirm\u00f3 que el respaldo  del sector calzado del pa\u00eds ha sido extraordinario a la iniciativa del  Gobierno.<br \/>&#13;<br \/>\n  <br \/>&#13;<br \/>\n  Destac\u00f3 \u00a0que el Consejo Nacional de Zonas Francas ha  estado trabajando con la   Federaci\u00f3n Espa\u00f1ola de Calzados, que ya ha viajado dos veces  al pa\u00eds para hacer la pre-inspecci\u00f3n, luego de manifestar su inter\u00e9s de  establecerse en la   Rep\u00fablica Dominicana.<\/p>\n<p>&#13;<\/p>\n<h6> 2007-11-14 13:39:02 <\/h6>\n<p><!--\n<link rel=\"stylesheet\" href=\"css\/bootstrap.min.css\">\n\n\n<ul class=\"pagination\">\n\t    \n\t\n\n<li >\n\t<a href='?page_no=28438'>Previous<\/a>\n\t<\/li>\n\n\n       \n    \n\n<li><a href='?page_no=1'>1<\/a><\/li>\n\n\n\n<li><a href='?page_no=2'>2<\/a><\/li>\n\n\n\n<li><a>...<\/a><\/li>\n\n\n\n<li><a href='?page_no=28437'>28437<\/a><\/li>\n\n\n\n<li><a href='?page_no=28438'>28438<\/a><\/li>\n\n\n\n<li class='active'><a>28439<\/a><\/li>\n\n\n\n<li><a href='?page_no=28440'>28440<\/a><\/li>\n\n\n\n<li><a href='?page_no=28441'>28441<\/a><\/li>\n\n\n\n<li><a>...<\/a><\/li>\n\n\n\n<li><a href='?page_no=30472'>30472<\/a><\/li>\n\n\n\n<li><a href='?page_no=30473'>30473<\/a><\/li>\n\n    \n\t\n\n<li >\n\t<a href='?page_no=28440'>Next<\/a>\n\t<\/li>\n\n\n    \n\n<li><a href='?page_no=30473'>Last &rsaquo;&rsaquo;<\/a><\/li>\n\n<\/ul>\n\n\n--><br \/>\n<\/body><\/p>\n","protected":false},"excerpt":{"rendered":"<p>Consejo de Zonas Francas se re\u00fane con productores de calzados interesados en invertir en RD &#13; La directora del Consejo Nacional de Zonas Francas de Exportaci\u00f3n indic\u00f3 que a finales del presente mes vendr\u00e1n al pa\u00eds un promedio de 14 representantes de empresas productoras de calzados de Espa\u00f1a para desarrollar una agenda conjunta con los [&hellip;]<\/p>\n","protected":false},"author":3,"featured_media":0,"comment_status":"open","ping_status":"open","sticky":false,"template":"","format":"standard","meta":{"footnotes":""},"categories":[18],"tags":[],"class_list":["post-122559","post","type-post","status-publish","format-standard","hentry","category-economia"],"_links":{"self":[{"href":"https:\/\/diariodominicano.com\/index.php?rest_route=\/wp\/v2\/posts\/122559","targetHints":{"allow":["GET"]}}],"collection":[{"href":"https:\/\/diariodominicano.com\/index.php?rest_route=\/wp\/v2\/posts"}],"about":[{"href":"https:\/\/diariodominicano.com\/index.php?rest_route=\/wp\/v2\/types\/post"}],"author":[{"embeddable":true,"href":"https:\/\/diariodominicano.com\/index.php?rest_route=\/wp\/v2\/users\/3"}],"replies":[{"embeddable":true,"href":"https:\/\/diariodominicano.com\/index.php?rest_route=%2Fwp%2Fv2%2Fcomments&post=122559"}],"version-history":[{"count":0,"href":"https:\/\/diariodominicano.com\/index.php?rest_route=\/wp\/v2\/posts\/122559\/revisions"}],"wp:attachment":[{"href":"https:\/\/diariodominicano.com\/index.php?rest_route=%2Fwp%2Fv2%2Fmedia&parent=122559"}],"wp:term":[{"taxonomy":"category","embeddable":true,"href":"https:\/\/diariodominicano.com\/index.php?rest_route=%2Fwp%2Fv2%2Fcategories&post=122559"},{"taxonomy":"post_tag","embeddable":true,"href":"https:\/\/diariodominicano.com\/index.php?rest_route=%2Fwp%2Fv2%2Ftags&post=122559"}],"curies":[{"name":"wp","href":"https:\/\/api.w.org\/{rel}","templated":true}]}}