{"id":122556,"date":"2007-11-14T15:22:35","date_gmt":"2007-11-14T15:22:35","guid":{"rendered":"http:\/\/diariodominicano.ddns.net\/?p=122556"},"modified":"2007-11-14T15:22:35","modified_gmt":"2007-11-14T15:22:35","slug":"rd-presenta-crecimiento-positivo-en-turismo","status":"publish","type":"post","link":"https:\/\/diariodominicano.com\/?p=122556","title":{"rendered":"RD presenta crecimiento positivo en Turismo"},"content":{"rendered":"<p><body><\/p>\n<p class=\"titulogrande1\">RD  presenta crecimiento positivo en Turismo<\/p>\n<p>&#13;<\/p>\n<p align=\"justify\" class=\"text1noticias\"><strong>LONDRES.-<\/strong> A punto de terminar  un a\u00f1o duro en t\u00e9rminos climatol\u00f3gicos para el entorno del Caribe, la Rep\u00fablica Dominicana  se presenta en la   Feria Internacional del Turismo de Londres (WTM) como el  \u00fanico pa\u00eds de la zona con un crecimiento positivo en cuanto a n\u00famero de  turistas.<\/p>\n<p>&#13;<\/p>\n<p align=\"justify\" class=\"text1noticias\">\u00abTermina ahora un a\u00f1o  muy dif\u00edcil para todo el Caribe, que ha registrado un crecimiento negativo en  t\u00e9rminos generales, aunque la Rep\u00fablica Dominicana ha acabado con crecimiento  positivo\u00bb, asegura \u00a0su ministro de  Turismo, F\u00e9lix Jim\u00e9nez, presente en esta feria de 202 pa\u00edses que se prolongar\u00e1  hasta este jueves.<\/p>\n<p>&#13;<\/p>\n<p align=\"justify\" class=\"text1noticias\">\u00abNuestro pa\u00eds, en cifras  de enero a septiembre, ha tenido un crecimiento del dos por ciento, mientras  que el conjunto de la regi\u00f3n cierra con un crecimiento negativo cercano al tres  por ciento\u00bb, a\u00f1ade. A esta subida en los n\u00fameros del turismo dominicano,  que se traduce en un 2,32 por ciento en Punta Cana y un 5,36 por ciento en  Santo Domingo, han contribuido, en mayor medida, los visitantes de Canad\u00e1,  Latinoam\u00e9rica, Italia y, significativamente, la Europa del Este.<\/p>\n<p>&#13;<\/p>\n<p align=\"justify\" class=\"text1noticias\">As\u00ed, Rusia ha incrementado el  n\u00famero de turistas en un 72,2 por ciento, Ruman\u00eda en un 181,8 por ciento y  Ucrania lo ha hecho en un 203,6 por ciento, seg\u00fan los datos de enero a  septiembre de 2007 de los que dispone el ministro dominicano.<\/p>\n<p>&#13;<\/p>\n<p align=\"justify\" class=\"text1noticias\">\u00abEstos mercados del este  son los que m\u00e1s han crecido porque son mercados emergentes. <br \/>&#13;<br \/>\n  <br \/>&#13;<br \/>\nAhora, por ejemplo,  Rusia tiene dos vuelos semanales a Punta Cana, cuando hace dos a\u00f1os s\u00f3lo ten\u00eda  vuelos directos en invierno\u00bb, afirma Jim\u00e9nez.<\/p>\n<p>&#13;<\/p>\n<p align=\"justify\" class=\"text1noticias\">\u00abUna vez consolidados en  el mercado de Europa del Este, vamos a dedicarnos a la conquista de  Escandinavia\u00bb, incide el ministro, quien tiene previsto reunirse con uno  de los principales touroperadores suecos para conseguir este objetivo.<\/p>\n<p>&#13;<\/p>\n<p align=\"justify\" class=\"text1noticias\">Conocida internacionalmente  por el sol y la playa, la Rep\u00fablica Dominicana no teme por su futuro como  potencia tur\u00edstica de la regi\u00f3n, aunque el resto de pa\u00edses de la zona opten por  ofrecer alternativas que los diferencien.<\/p>\n<p>&#13;<\/p>\n<p align=\"justify\" class=\"text1noticias\">\u00abNo sentimos ning\u00fan tipo  de amenaza de ning\u00fan otro destino tur\u00edstico. El pa\u00eds que est\u00e1 detr\u00e1s de  nosotros en n\u00famero de turistas es Cuba y nos sigue muy de lejos. Sin embargo,  no hay que competir entre nosotros porque todo el Caribe es atractivo\u00bb,  dice Jim\u00e9nez.<\/p>\n<p>&#13;<\/p>\n<p align=\"justify\" class=\"text1noticias\">Mantenerse en esa posici\u00f3n de  \u00abprimer destino tur\u00edstico del Caribe\u00bb, seg\u00fan el ministro, ser\u00e1 f\u00e1cil  con esa inversi\u00f3n hotelera hecha durante el \u00faltimo a\u00f1o superior a los 1.240  millones de d\u00f3lares, que se traduce en 200.000 d\u00f3lares invertidos por habitaci\u00f3n.<\/p>\n<p>&#13;<\/p>\n<p align=\"justify\" class=\"text1noticias\">De cualquier forma, los  ministerios de Turismo y Cultura dominicanos han llegado a acuerdos para crear  sinergias que permitan el desarrollo de ofertas tur\u00edsticas m\u00e1s culturales.  \u00abHemos acordado la restauraci\u00f3n de monumentos coloniales e ind\u00edgenas muy importantes,  el fortalecimiento de nuestro carnaval, incrementar el n\u00famero de festivales  musicales y hacer casi uno por mes&#8230;\u00bb, comenta Jim\u00e9nez.<\/p>\n<p>&#13;<\/p>\n<h6> 2007-11-14 15:22:35 <\/h6>\n<p><!--\n<link rel=\"stylesheet\" href=\"css\/bootstrap.min.css\">\n\n\n<ul class=\"pagination\">\n\t    \n\t\n\n<li >\n\t<a href='?page_no=28435'>Previous<\/a>\n\t<\/li>\n\n\n       \n    \n\n<li><a href='?page_no=1'>1<\/a><\/li>\n\n\n\n<li><a href='?page_no=2'>2<\/a><\/li>\n\n\n\n<li><a>...<\/a><\/li>\n\n\n\n<li><a href='?page_no=28434'>28434<\/a><\/li>\n\n\n\n<li><a href='?page_no=28435'>28435<\/a><\/li>\n\n\n\n<li class='active'><a>28436<\/a><\/li>\n\n\n\n<li><a href='?page_no=28437'>28437<\/a><\/li>\n\n\n\n<li><a href='?page_no=28438'>28438<\/a><\/li>\n\n\n\n<li><a>...<\/a><\/li>\n\n\n\n<li><a href='?page_no=30472'>30472<\/a><\/li>\n\n\n\n<li><a href='?page_no=30473'>30473<\/a><\/li>\n\n    \n\t\n\n<li >\n\t<a href='?page_no=28437'>Next<\/a>\n\t<\/li>\n\n\n    \n\n<li><a href='?page_no=30473'>Last &rsaquo;&rsaquo;<\/a><\/li>\n\n<\/ul>\n\n\n--><br \/>\n<\/body><\/p>\n","protected":false},"excerpt":{"rendered":"<p>RD presenta crecimiento positivo en Turismo &#13; LONDRES.- A punto de terminar un a\u00f1o duro en t\u00e9rminos climatol\u00f3gicos para el entorno del Caribe, la Rep\u00fablica Dominicana se presenta en la Feria Internacional del Turismo de Londres (WTM) como el \u00fanico pa\u00eds de la zona con un crecimiento positivo en cuanto a n\u00famero de turistas. &#13; [&hellip;]<\/p>\n","protected":false},"author":3,"featured_media":0,"comment_status":"open","ping_status":"open","sticky":false,"template":"","format":"standard","meta":{"footnotes":""},"categories":[18],"tags":[],"class_list":["post-122556","post","type-post","status-publish","format-standard","hentry","category-economia"],"_links":{"self":[{"href":"https:\/\/diariodominicano.com\/index.php?rest_route=\/wp\/v2\/posts\/122556","targetHints":{"allow":["GET"]}}],"collection":[{"href":"https:\/\/diariodominicano.com\/index.php?rest_route=\/wp\/v2\/posts"}],"about":[{"href":"https:\/\/diariodominicano.com\/index.php?rest_route=\/wp\/v2\/types\/post"}],"author":[{"embeddable":true,"href":"https:\/\/diariodominicano.com\/index.php?rest_route=\/wp\/v2\/users\/3"}],"replies":[{"embeddable":true,"href":"https:\/\/diariodominicano.com\/index.php?rest_route=%2Fwp%2Fv2%2Fcomments&post=122556"}],"version-history":[{"count":0,"href":"https:\/\/diariodominicano.com\/index.php?rest_route=\/wp\/v2\/posts\/122556\/revisions"}],"wp:attachment":[{"href":"https:\/\/diariodominicano.com\/index.php?rest_route=%2Fwp%2Fv2%2Fmedia&parent=122556"}],"wp:term":[{"taxonomy":"category","embeddable":true,"href":"https:\/\/diariodominicano.com\/index.php?rest_route=%2Fwp%2Fv2%2Fcategories&post=122556"},{"taxonomy":"post_tag","embeddable":true,"href":"https:\/\/diariodominicano.com\/index.php?rest_route=%2Fwp%2Fv2%2Ftags&post=122556"}],"curies":[{"name":"wp","href":"https:\/\/api.w.org\/{rel}","templated":true}]}}