{"id":122555,"date":"2007-11-14T19:16:32","date_gmt":"2007-11-14T19:16:32","guid":{"rendered":"http:\/\/diariodominicano.ddns.net\/?p=122555"},"modified":"2007-11-14T19:16:32","modified_gmt":"2007-11-14T19:16:32","slug":"cei-rd-estima-entre-noviembre-y-diciembre-exportaciones-bajaran-us18-millones-por-noel","status":"publish","type":"post","link":"https:\/\/diariodominicano.com\/?p=122555","title":{"rendered":"CEI-RD estima entre noviembre y diciembre exportaciones bajar\u00e1n US$18 millones por Noel"},"content":{"rendered":"<p><body><\/p>\n<p align=\"justify\"><strong class=\"titulogrande1\">CEI-RD estima entre noviembre y diciembre exportaciones  bajar\u00e1n US$18 millones por Noel <\/strong><br \/>&#13;<br \/>\n  <br \/>&#13;<br \/>\n    <span class=\"text1noticias\"><strong>SANTO DOMINGO.-<\/strong> La Rep\u00fablica Dominicana  dejar\u00e1 de percibir unos 18 millones de d\u00f3lares entre noviembre y diciembre, por  concepto de exportaciones agr\u00edcolas,\u00a0  como consecuencia de la tormenta Noel, la cual afecta una gran parte de  la producci\u00f3n agropecuaria nacional, estim\u00f3 este mi\u00e9rcoles el Director del  Centro de Exportaci\u00f3n e Inversi\u00f3n de la Rep\u00fablica Dominicana  (CEI-RD).<\/span><\/p>\n<p>&#13;<\/p>\n<p align=\"justify\" class=\"text1noticias\">Eddy Mart\u00ednez Manzueta \u00a0reconoci\u00f3 que los efectos de la Tormenta Noel han  sido devastadores para el sector agr\u00edcola dominicano, principalmente para los  exportadores de pl\u00e1tanos y vegetales, incluyendo ciertas infraestructuras  agroindustriales.<\/p>\n<p>&#13;<\/p>\n<p align=\"justify\" class=\"text1noticias\">Aclar\u00f3 sin embargo, que hasta el momento  se mantienen las proyecciones de que las exportaciones totales de productos  tradicionales y no tradicionales superar\u00e1n los US$2,000 millones de d\u00f3lares en el  a\u00f1o 2007.<\/p>\n<p>&#13;<\/p>\n<p align=\"justify\" class=\"text1noticias\">\u201cEstos US$18 millones de d\u00f3lares, unos RD$408  millones de pesos, \u00a0no afectar\u00e1n  directamente las proyecciones que ten\u00edamos ya que en los \u00faltimos meses hemos  tenido incrementos considerables en las exportaciones, si las comparamos con el  2006, expres\u00f3 el Secretario de Estado.<\/p>\n<p>&#13;<\/p>\n<p align=\"justify\" class=\"text1noticias\">Sostuvo que de US$36.60 \u00a0millones que el pa\u00eds exportar\u00eda, entre  noviembre y diciembre, por concepto de rubros agr\u00edcolas, este monto bajar\u00eda a  US$18.48, lo que significa una perdida de US$18.12 millones de d\u00f3lares, y  estima que unos US$4 millones de alimentos \u00a0agroindustriales procesados \u00a0no podr\u00e1n ser exportador.<\/p>\n<p>&#13;<\/p>\n<p align=\"justify\" class=\"text1noticias\">Se\u00f1al\u00f3 que de los productos que \u00a0ver\u00e1n sufrir bajas en el nivel de exportaci\u00f3n  est\u00e1 el banano, el cual\u00a0 se ten\u00eda  previsto exportar entre noviembre y diciembre unos\u00a0 US$8.55 millones,\u00a0 pero las cifras preliminares, a su entender,  indican\u00a0 que ser\u00e1n\u00a0 unos US$5.13 millones, es decir una reducci\u00f3n  de un 40 por ciento.<\/p>\n<p>&#13;<\/p>\n<p align=\"justify\" class=\"text1noticias\">Mientras que en el caso de los vegetales  chinos, estos se vieron afectados directamente y de US$8.33 millones que se  exportar\u00edan en el indicado periodo y solamente se comercializar\u00e1n unos US$5.0  millones.<\/p>\n<p>&#13;<\/p>\n<p align=\"justify\" class=\"text1noticias\">Mart\u00ednez Manzueta afirm\u00f3 asimismo, que\u00a0 las exportaciones de aguacates sufrir\u00e1n una  reducci\u00f3n de un 50 por ciento. \u201cLos exportadores ten\u00edan previstos exportar  US$1.84 millones y luego de la tormenta probablemente solo se vender\u00e1n al  mercado exterior US$920 mil, es decir una baja de 50 por ciento\u201d, explic\u00f3.<\/p>\n<p>&#13;<\/p>\n<p align=\"justify\" class=\"text1noticias\">Se\u00f1al\u00f3 que otros productos como\u00a0 los aj\u00edes y pimientos, tomates, pepinos,  berenjenas, tallotas, pepinillos, repollos y batatas, sufrieron p\u00e9rdidas, por  concepto de la tormenta Noel en m\u00e1s de un 70 por ciento.<br \/>&#13;<br \/>\n  <br \/>&#13;<br \/>\n\u201cLo m\u00e1s importante ahora, como lo ha se\u00f1alado  el Presidente Leonel Fern\u00e1ndez, es asistir al sector para su pronta recuperaci\u00f3n.  Estamos identificando medidas adicionales, que recupere a corto y mediano  plazo\u00a0 el sector exportador\u201d, puntualiz\u00f3  Mart\u00ednez Manzueta. \u00a0<\/p>\n<p>&#13;<\/p>\n<h6> 2007-11-14 19:16:32 <\/h6>\n<p><!--\n<link rel=\"stylesheet\" href=\"css\/bootstrap.min.css\">\n\n\n<ul class=\"pagination\">\n\t    \n\t\n\n<li >\n\t<a href='?page_no=28434'>Previous<\/a>\n\t<\/li>\n\n\n       \n    \n\n<li><a href='?page_no=1'>1<\/a><\/li>\n\n\n\n<li><a href='?page_no=2'>2<\/a><\/li>\n\n\n\n<li><a>...<\/a><\/li>\n\n\n\n<li><a href='?page_no=28433'>28433<\/a><\/li>\n\n\n\n<li><a href='?page_no=28434'>28434<\/a><\/li>\n\n\n\n<li class='active'><a>28435<\/a><\/li>\n\n\n\n<li><a href='?page_no=28436'>28436<\/a><\/li>\n\n\n\n<li><a href='?page_no=28437'>28437<\/a><\/li>\n\n\n\n<li><a>...<\/a><\/li>\n\n\n\n<li><a href='?page_no=30472'>30472<\/a><\/li>\n\n\n\n<li><a href='?page_no=30473'>30473<\/a><\/li>\n\n    \n\t\n\n<li >\n\t<a href='?page_no=28436'>Next<\/a>\n\t<\/li>\n\n\n    \n\n<li><a href='?page_no=30473'>Last &rsaquo;&rsaquo;<\/a><\/li>\n\n<\/ul>\n\n\n--><br \/>\n<\/body><\/p>\n","protected":false},"excerpt":{"rendered":"<p>CEI-RD estima entre noviembre y diciembre exportaciones bajar\u00e1n US$18 millones por Noel &#13; &#13; SANTO DOMINGO.- La Rep\u00fablica Dominicana dejar\u00e1 de percibir unos 18 millones de d\u00f3lares entre noviembre y diciembre, por concepto de exportaciones agr\u00edcolas,\u00a0 como consecuencia de la tormenta Noel, la cual afecta una gran parte de la producci\u00f3n agropecuaria nacional, estim\u00f3 este [&hellip;]<\/p>\n","protected":false},"author":3,"featured_media":0,"comment_status":"open","ping_status":"open","sticky":false,"template":"","format":"standard","meta":{"footnotes":""},"categories":[18],"tags":[],"class_list":["post-122555","post","type-post","status-publish","format-standard","hentry","category-economia"],"_links":{"self":[{"href":"https:\/\/diariodominicano.com\/index.php?rest_route=\/wp\/v2\/posts\/122555","targetHints":{"allow":["GET"]}}],"collection":[{"href":"https:\/\/diariodominicano.com\/index.php?rest_route=\/wp\/v2\/posts"}],"about":[{"href":"https:\/\/diariodominicano.com\/index.php?rest_route=\/wp\/v2\/types\/post"}],"author":[{"embeddable":true,"href":"https:\/\/diariodominicano.com\/index.php?rest_route=\/wp\/v2\/users\/3"}],"replies":[{"embeddable":true,"href":"https:\/\/diariodominicano.com\/index.php?rest_route=%2Fwp%2Fv2%2Fcomments&post=122555"}],"version-history":[{"count":0,"href":"https:\/\/diariodominicano.com\/index.php?rest_route=\/wp\/v2\/posts\/122555\/revisions"}],"wp:attachment":[{"href":"https:\/\/diariodominicano.com\/index.php?rest_route=%2Fwp%2Fv2%2Fmedia&parent=122555"}],"wp:term":[{"taxonomy":"category","embeddable":true,"href":"https:\/\/diariodominicano.com\/index.php?rest_route=%2Fwp%2Fv2%2Fcategories&post=122555"},{"taxonomy":"post_tag","embeddable":true,"href":"https:\/\/diariodominicano.com\/index.php?rest_route=%2Fwp%2Fv2%2Ftags&post=122555"}],"curies":[{"name":"wp","href":"https:\/\/api.w.org\/{rel}","templated":true}]}}