{"id":122552,"date":"2007-11-15T13:49:07","date_gmt":"2007-11-15T13:49:07","guid":{"rendered":"http:\/\/diariodominicano.ddns.net\/?p=122552"},"modified":"2007-11-15T13:49:07","modified_gmt":"2007-11-15T13:49:07","slug":"presidente-fernandez-hablara-este-jueves-sobre-el-plan-de-ahorro-de-energia","status":"publish","type":"post","link":"https:\/\/diariodominicano.com\/?p=122552","title":{"rendered":"Presidente Fern\u00e1ndez hablar\u00e1 este jueves sobre el plan de ahorro de energ\u00eda"},"content":{"rendered":"<p><body><\/p>\n<p align=\"justify\"><span class=\"titulogrande1\">Presidente  Fern\u00e1ndez hablar\u00e1 este jueves sobre el plan de ahorro de energ\u00eda <\/span><br \/>&#13;<br \/>\n  <br \/>&#13;<br \/>\n    <span class=\"text1noticias\"><strong><img loading=\"lazy\" decoding=\"async\" src=\"http:\/\/localhost:8080\/economia\/pictures\/leonel coe.jpg\" width=\"269\" height=\"262\" hspace=\"4\" align=\"left\" \/>Santo Domingo.-<\/strong> El presidente de la Rep\u00fablica, doctor Leonel  Fern\u00e1ndez, hablar\u00e1 al pa\u00eds este jueves para informar a la poblaci\u00f3n el alcance  del Plan Nacional de Ahorro de Energ\u00eda que implementar\u00e1 el Gobierno ante los  altos precios del barril del petr\u00f3leo en los mercados internacionales.<br \/>&#13;<br \/>\n    <br \/>&#13;<br \/>\n    El anuncio lo hizo el director de  Informaci\u00f3n, Prensa y Publicidad de la Presidencia, Rafael N\u00fa\u00f1ez, quien adelant\u00f3 que la  alocuci\u00f3n del Jefe de Estado ser\u00e1 a las nueve de la noche, por una cadena  nacional de radio y televisi\u00f3n.<br \/>&#13;<br \/>\n    <br \/>&#13;<br \/>\n    El Plan Nacional de Ahorro de  Energ\u00eda fue preparado por diversas instituciones del Gobierno y presentado al  presidente Fern\u00e1ndez, quien luego de hacer las observaciones de rigor lo dar\u00e1 a  conocer este jueves a la poblaci\u00f3n dominicana.<br \/>&#13;<br \/>\n    <br \/>&#13;<br \/>\nEl funcionario sostuvo que el  discurso del mandatario para explicar el programa de ahorro de energ\u00eda hab\u00eda  sido pospuesto debido a la situaci\u00f3n de emergencia nacional que caus\u00f3 a su paso  por el pa\u00eds la tormenta Noel.<\/span><\/p>\n<p>&#13;<\/p>\n<h6> 2007-11-15 13:49:07 <\/h6>\n<p><!--\n<link rel=\"stylesheet\" href=\"css\/bootstrap.min.css\">\n\n\n<ul class=\"pagination\">\n\t    \n\t\n\n<li >\n\t<a href='?page_no=28431'>Previous<\/a>\n\t<\/li>\n\n\n       \n    \n\n<li><a href='?page_no=1'>1<\/a><\/li>\n\n\n\n<li><a href='?page_no=2'>2<\/a><\/li>\n\n\n\n<li><a>...<\/a><\/li>\n\n\n\n<li><a href='?page_no=28430'>28430<\/a><\/li>\n\n\n\n<li><a href='?page_no=28431'>28431<\/a><\/li>\n\n\n\n<li class='active'><a>28432<\/a><\/li>\n\n\n\n<li><a href='?page_no=28433'>28433<\/a><\/li>\n\n\n\n<li><a href='?page_no=28434'>28434<\/a><\/li>\n\n\n\n<li><a>...<\/a><\/li>\n\n\n\n<li><a href='?page_no=30472'>30472<\/a><\/li>\n\n\n\n<li><a href='?page_no=30473'>30473<\/a><\/li>\n\n    \n\t\n\n<li >\n\t<a href='?page_no=28433'>Next<\/a>\n\t<\/li>\n\n\n    \n\n<li><a href='?page_no=30473'>Last &rsaquo;&rsaquo;<\/a><\/li>\n\n<\/ul>\n\n\n--><br \/>\n<\/body><\/p>\n","protected":false},"excerpt":{"rendered":"<p>Presidente Fern\u00e1ndez hablar\u00e1 este jueves sobre el plan de ahorro de energ\u00eda &#13; &#13; Santo Domingo.- El presidente de la Rep\u00fablica, doctor Leonel Fern\u00e1ndez, hablar\u00e1 al pa\u00eds este jueves para informar a la poblaci\u00f3n el alcance del Plan Nacional de Ahorro de Energ\u00eda que implementar\u00e1 el Gobierno ante los altos precios del barril del petr\u00f3leo [&hellip;]<\/p>\n","protected":false},"author":3,"featured_media":0,"comment_status":"open","ping_status":"open","sticky":false,"template":"","format":"standard","meta":{"footnotes":""},"categories":[18],"tags":[],"class_list":["post-122552","post","type-post","status-publish","format-standard","hentry","category-economia"],"_links":{"self":[{"href":"https:\/\/diariodominicano.com\/index.php?rest_route=\/wp\/v2\/posts\/122552","targetHints":{"allow":["GET"]}}],"collection":[{"href":"https:\/\/diariodominicano.com\/index.php?rest_route=\/wp\/v2\/posts"}],"about":[{"href":"https:\/\/diariodominicano.com\/index.php?rest_route=\/wp\/v2\/types\/post"}],"author":[{"embeddable":true,"href":"https:\/\/diariodominicano.com\/index.php?rest_route=\/wp\/v2\/users\/3"}],"replies":[{"embeddable":true,"href":"https:\/\/diariodominicano.com\/index.php?rest_route=%2Fwp%2Fv2%2Fcomments&post=122552"}],"version-history":[{"count":0,"href":"https:\/\/diariodominicano.com\/index.php?rest_route=\/wp\/v2\/posts\/122552\/revisions"}],"wp:attachment":[{"href":"https:\/\/diariodominicano.com\/index.php?rest_route=%2Fwp%2Fv2%2Fmedia&parent=122552"}],"wp:term":[{"taxonomy":"category","embeddable":true,"href":"https:\/\/diariodominicano.com\/index.php?rest_route=%2Fwp%2Fv2%2Fcategories&post=122552"},{"taxonomy":"post_tag","embeddable":true,"href":"https:\/\/diariodominicano.com\/index.php?rest_route=%2Fwp%2Fv2%2Ftags&post=122552"}],"curies":[{"name":"wp","href":"https:\/\/api.w.org\/{rel}","templated":true}]}}