{"id":122546,"date":"2007-11-16T02:25:06","date_gmt":"2007-11-16T02:25:06","guid":{"rendered":"http:\/\/diariodominicano.ddns.net\/?p=122546"},"modified":"2007-11-16T02:25:06","modified_gmt":"2007-11-16T02:25:06","slug":"anuncia-programa-ahorro-de-energia","status":"publish","type":"post","link":"https:\/\/diariodominicano.com\/?p=122546","title":{"rendered":"Anuncia programa ahorro de energ\u00eda"},"content":{"rendered":"<p><body><\/p>\n<p class=\"titulogrande1\">Anuncia programa ahorro de energ\u00eda <\/p>\n<p>&#13;<\/p>\n<p align=\"justify\" class=\"text1noticias\"><strong><img loading=\"lazy\" decoding=\"async\" src=\"http:\/\/localhost:8080\/economia\/pictures\/luis manuel bonetti foto.jpg\" width=\"269\" height=\"399\" hspace=\"4\" align=\"left\" \/>SANTO DOMINGO.-<\/strong> El  presidente \u00a0Leonel Fern\u00e1ndez,\u00a0  anunci\u00f3 un conjunto de \u00a0medidas para el  ahorro y eficiencia de la energ\u00eda\u00a0\u00a0que incluyen entre  otras\u00a0otorgar facilidades para el uso del gas natural en  veh\u00edculos de transporte p\u00fablico, un programa de sincronizaci\u00f3n de  sem\u00e1foros\u00a0 y mecanismos para focalizar el subsidio del GLP a los hogares y  el transporte p\u00fablico.\u00a0<br \/>&#13;<br \/>\n  <br \/>&#13;<br \/>\n  Hizo \u00a0el anuncio en un discurso dirigido a\u00a0 la  naci\u00f3n, a trav\u00e9s de una cadena de radio y televisi\u00f3n en el que explic\u00f3 que la  funci\u00f3n de los comit\u00e9s ser\u00e1 de fomentar las buenas pr\u00e1cticas del ahorro y  eficiencia energ\u00e9tica en las \u00e1reas de iluminaci\u00f3n, climatizaci\u00f3n, y calidad de  la red el\u00e9ctrica\u00a0 en los edificios p\u00fablicos.<br \/>&#13;<br \/>\n  <br \/>&#13;<br \/>\n  Instruy\u00f3 al secretario  Administrativo de la Presidencia, Luis Manuel Bonetti \u00a0para que integre y active en cada instituci\u00f3n  del Estado un comit\u00e9 de institucional de uso racional de energ\u00eda. <br \/>&#13;<br \/>\n  <br \/>&#13;<br \/>\n  \u00abEn lo que respecta  al sector privado, se brindar\u00e1 asesor\u00eda y asistencia t\u00e9cnica gratuita,\u00a0 y  se conceder\u00e1n facilidades tributarias para la adquisici\u00f3n \u00a0e instalaci\u00f3n  de equipos eficientes en el uso de la energ\u00eda el\u00e9ctrica en las empresas y hogares  del pa\u00eds\u00bb.<br \/>&#13;<br \/>\n  <br \/>&#13;<br \/>\n  Anunci\u00f3 la ejecuci\u00f3n de  un programa de instalaci\u00f3n de sem\u00e1foros sincronizados en las ciudades de Santo  Domingo y Santiago para agilizar el tr\u00e1nsito vehicular con un cambio de  tecnolog\u00eda incandescente por luz fr\u00eda.<br \/>&#13;<br \/>\n  <br \/>&#13;<br \/>\n  Indic\u00f3 \u00a0que el plan de\u00a0 ahorro de energ\u00eda incluye  la instalaci\u00f3n de cron\u00f3metros, c\u00e1maras de vigilancia y bater\u00edas que permitir\u00e1n  el funcionamiento continuo para facilitar una mayor fluidez en el tr\u00e1nsito de  veh\u00edculos, \u00a0cuya meta inmediata ser\u00e1 de  750 sem\u00e1foros inteligentes al cierre del pr\u00f3ximo a\u00f1o. <br \/>&#13;<br \/>\n  <br \/>&#13;<br \/>\n  Asegur\u00f3 que con la  aplicaci\u00f3n del plan se producir\u00e1 un ahorro de 28 mil 575 barriles de petr\u00f3leo  al a\u00f1o, que es igual a 560 millones de galones de combustible vehicular.<br \/>&#13;<br \/>\n  <br \/>&#13;<br \/>\n  El presidente Fern\u00e1ndez  tambi\u00e9n\u00a0 anunci\u00f3 un plan de desarrollo y  gesti\u00f3n de ordenamiento vial que incluye las mejoras en las intersecciones  cr\u00edticas como son pasos a desnivel, t\u00faneles, ampliaciones y prolongaciones de  v\u00edas con mayor demanda de transporte, redise\u00f1os de v\u00edas de acceso y  desahogo, as\u00ed como cambios en los patrones de circulaci\u00f3n vial.<br \/>&#13;<br \/>\n  <br \/>&#13;<br \/>\n  \u00abSe ejecutar\u00e1 un  programa de reestructuraci\u00f3n de las rutas de transporte urbano, de construcci\u00f3n  de terminales interurbanas que evite la penetraci\u00f3n de autobuses y minibuses al  centro de la ciudad, de establecimiento de carriles exclusivos en las  principales v\u00edas de circulaci\u00f3n de las ciudades y una transformaci\u00f3n de la  flota de veh\u00edculos, mediante el financiamiento a los que se acojan al consumo  eficiente de combustible\u00bb.<br \/>&#13;<br \/>\n  <br \/>&#13;<br \/>\n  Otra de las medidas a  tomar es la instalaci\u00f3n de una escuela de formaci\u00f3n de choferes, a cargo de la Oficina de Reordenamiento  del Transporte.<br \/>&#13;<br \/>\n  <br \/>&#13;<br \/>\n  Fern\u00e1ndez dijo que se  impulsar\u00e1 el desarrollo del mercado de gas\u00a0 natural en el trasporte  p\u00fablico y privado, con un \u00a0programa que \u00a0se iniciar\u00e1 con la conversi\u00f3n de gasoil\u00a0  a gas natural de 80 autobuses de la   Omsa, de 200 carros de concho que ahora usan GLP \u00a0y la  conversi\u00f3n de a gas \u00a0natural de 400 veh\u00edculos de la Polic\u00eda y el Ej\u00e9rcito  Nacional. \u00a0\u00a0<br \/>&#13;<br \/>\n  <br \/>&#13;<br \/>\n  Destac\u00f3 que la instalaci\u00f3n  del programa conlleva \u00a0la aplicaci\u00f3n de  un mecanismo de financiamiento a trav\u00e9s del \u00a0Fondo para el Desarrollo del  Transporte y la instalaci\u00f3n de surtidores de gas natural \u00a0por parte del  sector privado vinculado a ese tipo de actividad, adem\u00e1s de que el gobierno  otorgar\u00e1 facilidades aduanales para la importaci\u00f3n de equipos de conversi\u00f3n a  gas natural.<br \/>&#13;<br \/>\n  <br \/>&#13;<br \/>\n  Se aplicar\u00e1n medidas orientadas a la focalizaci\u00f3n  del subsidio al gas licuado de petr\u00f3leo a los hogares y al transporte p\u00fablico.<br \/>&#13;<br \/>\n  <br \/>&#13;<br \/>\n  Dijo que de los 29  millones de galones de gas licuado de petr\u00f3leo subsidiado que se consumen en el  pa\u00eds, solo 13.9 millones es usado en los hogares y el restante 15.1  millones restantes,\u00a0 es empleado en el  transporte.<br \/>&#13;<br \/>\n  <br \/>&#13;<br \/>\n  \u00abPara  corregir esta distorsi\u00f3n, el Gobierno se propone introducir un dispositivo  electr\u00f3nico o chip en los veh\u00edculos p\u00fablicos, para que puedan ser los \u00fanicos  beneficiarios de uso del GLP subsidiado, junto con las residencias  familiares\u00bb. <br \/>&#13;<br \/>\n  <br \/>&#13;<br \/>\n  Explic\u00f3 que con el  ahorro de generado por la focalizaci\u00f3n del subsidio al GLP se establecer\u00e1 un  subsidio transitorio al consumo de gasoil para el transporte de carga, urbano e  interurbano, hasta que se avance en la transformaci\u00f3n y adecuaci\u00f3n de la flota  de veh\u00edculos para el uso de gas natural o biodisel, \u00a0subsidio que servir\u00e1  para mantener estables los transportes de carga y de pasajeros.<br \/>&#13;<br \/>\n  <br \/>&#13;<br \/>\n  El presidente Fern\u00e1ndez  inform\u00f3 \u00a0que a trav\u00e9s de la Opret, instruy\u00f3 a Diandino  Pe\u00f1a, para que avance en la aplicaci\u00f3n del subsidio del transporte para los  estudiantes de la   Universidad Aut\u00f3noma de Santo Domingo, para el cual se  instalar\u00e1 un programa de software en los carros de concho y el Metro de Santo  Domingo que registrar\u00e1n el uso de tarjetas de estudiares que disfruten del  servicio, cuyas notas no de deber\u00e1n descender \u00a0de los 70 puntos.<\/p>\n<p>&#13;<\/p>\n<h6> 2007-11-16 02:25:06 <\/h6>\n<p><!--\n<link rel=\"stylesheet\" href=\"css\/bootstrap.min.css\">\n\n\n<ul class=\"pagination\">\n\t    \n\t\n\n<li >\n\t<a href='?page_no=28425'>Previous<\/a>\n\t<\/li>\n\n\n       \n    \n\n<li><a href='?page_no=1'>1<\/a><\/li>\n\n\n\n<li><a href='?page_no=2'>2<\/a><\/li>\n\n\n\n<li><a>...<\/a><\/li>\n\n\n\n<li><a href='?page_no=28424'>28424<\/a><\/li>\n\n\n\n<li><a href='?page_no=28425'>28425<\/a><\/li>\n\n\n\n<li class='active'><a>28426<\/a><\/li>\n\n\n\n<li><a href='?page_no=28427'>28427<\/a><\/li>\n\n\n\n<li><a href='?page_no=28428'>28428<\/a><\/li>\n\n\n\n<li><a>...<\/a><\/li>\n\n\n\n<li><a href='?page_no=30472'>30472<\/a><\/li>\n\n\n\n<li><a href='?page_no=30473'>30473<\/a><\/li>\n\n    \n\t\n\n<li >\n\t<a href='?page_no=28427'>Next<\/a>\n\t<\/li>\n\n\n    \n\n<li><a href='?page_no=30473'>Last &rsaquo;&rsaquo;<\/a><\/li>\n\n<\/ul>\n\n\n--><br \/>\n<\/body><\/p>\n","protected":false},"excerpt":{"rendered":"<p>Anuncia programa ahorro de energ\u00eda &#13; SANTO DOMINGO.- El presidente \u00a0Leonel Fern\u00e1ndez,\u00a0 anunci\u00f3 un conjunto de \u00a0medidas para el ahorro y eficiencia de la energ\u00eda\u00a0\u00a0que incluyen entre otras\u00a0otorgar facilidades para el uso del gas natural en veh\u00edculos de transporte p\u00fablico, un programa de sincronizaci\u00f3n de sem\u00e1foros\u00a0 y mecanismos para focalizar el subsidio del GLP a [&hellip;]<\/p>\n","protected":false},"author":3,"featured_media":0,"comment_status":"open","ping_status":"open","sticky":false,"template":"","format":"standard","meta":{"footnotes":""},"categories":[18],"tags":[],"class_list":["post-122546","post","type-post","status-publish","format-standard","hentry","category-economia"],"_links":{"self":[{"href":"https:\/\/diariodominicano.com\/index.php?rest_route=\/wp\/v2\/posts\/122546","targetHints":{"allow":["GET"]}}],"collection":[{"href":"https:\/\/diariodominicano.com\/index.php?rest_route=\/wp\/v2\/posts"}],"about":[{"href":"https:\/\/diariodominicano.com\/index.php?rest_route=\/wp\/v2\/types\/post"}],"author":[{"embeddable":true,"href":"https:\/\/diariodominicano.com\/index.php?rest_route=\/wp\/v2\/users\/3"}],"replies":[{"embeddable":true,"href":"https:\/\/diariodominicano.com\/index.php?rest_route=%2Fwp%2Fv2%2Fcomments&post=122546"}],"version-history":[{"count":0,"href":"https:\/\/diariodominicano.com\/index.php?rest_route=\/wp\/v2\/posts\/122546\/revisions"}],"wp:attachment":[{"href":"https:\/\/diariodominicano.com\/index.php?rest_route=%2Fwp%2Fv2%2Fmedia&parent=122546"}],"wp:term":[{"taxonomy":"category","embeddable":true,"href":"https:\/\/diariodominicano.com\/index.php?rest_route=%2Fwp%2Fv2%2Fcategories&post=122546"},{"taxonomy":"post_tag","embeddable":true,"href":"https:\/\/diariodominicano.com\/index.php?rest_route=%2Fwp%2Fv2%2Ftags&post=122546"}],"curies":[{"name":"wp","href":"https:\/\/api.w.org\/{rel}","templated":true}]}}