{"id":122544,"date":"2007-11-16T14:27:28","date_gmt":"2007-11-16T14:27:28","guid":{"rendered":"http:\/\/diariodominicano.ddns.net\/?p=122544"},"modified":"2007-11-16T14:27:28","modified_gmt":"2007-11-16T14:27:28","slug":"el-estado-debe-tomar-concepto-competitividad-para-darle-respuestas-sostenibles-a-la-pobreza","status":"publish","type":"post","link":"https:\/\/diariodominicano.com\/?p=122544","title":{"rendered":"El Estado debe tomar concepto competitividad para darle respuestas sostenibles a la pobreza"},"content":{"rendered":"<p><body><\/p>\n<p align=\"justify\" class=\"titulogrande1\">El Estado debe tomar concepto competitividad para  darle respuestas sostenibles a la pobreza <\/p>\n<p>&#13;<\/p>\n<p align=\"justify\" class=\"text1noticias\"><strong>Santo Domingo.-<\/strong> El paso de la tormenta Noel ha puesto en evidencia el  gran problema de desigualdad que vive el pa\u00eds, por lo que ante situaciones como  estas el\u00a0 Estado debe tomar el concepto  competitividad para darle respuestas sostenibles al tema de la pobreza, a  trav\u00e9s de la inversi\u00f3n en educaci\u00f3n y salud.<\/p>\n<p>&#13;<\/p>\n<p align=\"justify\" class=\"text1noticias\">De no hacerse esto la situaci\u00f3n  que viven pa\u00edses como el nuestro ser\u00eda\u00a0  insostenible y se estar\u00eda creando m\u00e1s desigualdad. Estas fueron parte de  las conclusiones de la mesa redonda sobre competitividad humana que organizaron  el Consejo Nacional de Competitividad y el Programa de las Naciones Unidas para  el Desarrollo.<\/p>\n<p>&#13;<\/p>\n<p align=\"justify\" class=\"text1noticias\">Andr\u00e9s van der Horst \u00c1lvarez, director ejecutivo del CNC explic\u00f3 que en  los casos en que esas diferencias sociales se han querido solucionar a trav\u00e9s  del clientelismo lo que se hace es \u201cgenerar m\u00e1s pobreza, por lo que vemos hoy  que el Estado tiene que comenzar a enfocarse en que los problemas sociales  tienen que ser problemas de competitividad y de desarrollo humano integral de  largo plazo\u201d.<\/p>\n<p>&#13;<\/p>\n<p align=\"justify\" class=\"text1noticias\">Enfatiz\u00f3 que lo que se debe hacer es invertir en \u201cla educaci\u00f3n, la  inversi\u00f3n en conocimiento, la inversi\u00f3n en la gente, para que de esa manea  pueda desarrollarse, no el grado clientelista, como hemos visto que se ha  manejado la clase pol\u00edtica\u201d.<\/p>\n<p>&#13;<\/p>\n<p align=\"justify\" class=\"text1noticias\">Aclar\u00f3 que el Estado \u201cha comenzado a dar muestras de que necesita  institucionalizarse, lo primero es crear las condiciones para que sigamos  creciendo y de que se traduzca en inversi\u00f3n en infraestructura en salud y  educaci\u00f3n, y se est\u00e1 dando muestra de que se tiene intenci\u00f3n de hacer esto\u201d.<\/p>\n<p>&#13;<\/p>\n<p align=\"justify\" class=\"text1noticias\">Es por esto que el Consejo Nacional de Competitividad, en coordinaci\u00f3n  con el\u00a0 Programa de las Naciones Unidas  para el Desarrollo han iniciado las discusiones para incluir las nociones y mecanismos de desarrollo humano e  inclusi\u00f3n social en los esfuerzos nacionales que buscan mejorar la  competitividad sist\u00e9mica del pa\u00eds.<\/p>\n<p>&#13;<\/p>\n<p align=\"justify\" class=\"text1noticias\">Como parte de esas acciones conjuntas ambas entidades realizaron una  \u201cMesa Redonda sobre Competitividad Humana\u201d, en la que participaron t\u00e9cnicos de  las dos instituciones, as\u00ed como representantes de organismos p\u00fablicos, la  comunidad diplom\u00e1tica internacional, y de la sociedad civil.<\/p>\n<p>&#13;<\/p>\n<p align=\"justify\" class=\"text1noticias\">Esta actividad se enmarca en el proyecto firmado entre el CNC y el PNUD  para apoyar la implementaci\u00f3n del Plan Nacional de Competitividad Sist\u00e9mica  (PNCS), promover la cultura de asociatividad empresarial y formaci\u00f3n de  clusters en el pa\u00eds, as\u00ed como la creaci\u00f3n del primer Observatorio de Competitividad  del pa\u00eds. <\/p>\n<p>&#13;<\/p>\n<p align=\"justify\" class=\"text1noticias\">Las discusiones fueron motivadas a partir de la intervenci\u00f3n de Luis  Felipe L\u00f3pez Calva, Economista Jefe de la Oficina Regional  para Am\u00e9rica Latina y el Caribe del Programa de las Naciones Unidas para el  Desarrollo (PNUD). Sus reflexiones partieron del an\u00e1lisis que hiciera del Plan  Nacional de Competitividad Sist\u00e9mica a la luz del paradigma del desarrollo  humano. <\/p>\n<p>&#13;<\/p>\n<p align=\"justify\" class=\"text1noticias\">Miguel Ceara-Hatton, director de la Oficina de Desarrollo Humano del PNUD en el pa\u00eds,  tuvo a su cargo las palabras de introducci\u00f3n y bienvenida, vinculando la  importancia del enfoque del desarrollo humano desde el nivel local, con las  estrategias de mejora del desempe\u00f1o competitivo nacional. <\/p>\n<p>&#13;<\/p>\n<p align=\"justify\" class=\"text1noticias\">De su lado, Andr\u00e9s van der Horst, director ejecutivo del Consejo  Nacional de Competitividad, observ\u00f3 que no hay competitividad real si los  esfuerzos realizados no generan un verdadero impacto en el bienestar de la  sociedad y su desarrollo humano. <\/p>\n<p>&#13;<\/p>\n<p align=\"justify\" class=\"text1noticias\">El acto se llev\u00f3 a cabo en el sal\u00f3n de cristal del PNUD, ubicado en la Casa de las Naciones Unidas. <\/p>\n<p>&#13;<\/p>\n<h6> 2007-11-16 14:27:28 <\/h6>\n<p><!--\n<link rel=\"stylesheet\" href=\"css\/bootstrap.min.css\">\n\n\n<ul class=\"pagination\">\n\t    \n\t\n\n<li >\n\t<a href='?page_no=28423'>Previous<\/a>\n\t<\/li>\n\n\n       \n    \n\n<li><a href='?page_no=1'>1<\/a><\/li>\n\n\n\n<li><a href='?page_no=2'>2<\/a><\/li>\n\n\n\n<li><a>...<\/a><\/li>\n\n\n\n<li><a href='?page_no=28422'>28422<\/a><\/li>\n\n\n\n<li><a href='?page_no=28423'>28423<\/a><\/li>\n\n\n\n<li class='active'><a>28424<\/a><\/li>\n\n\n\n<li><a href='?page_no=28425'>28425<\/a><\/li>\n\n\n\n<li><a href='?page_no=28426'>28426<\/a><\/li>\n\n\n\n<li><a>...<\/a><\/li>\n\n\n\n<li><a href='?page_no=30472'>30472<\/a><\/li>\n\n\n\n<li><a href='?page_no=30473'>30473<\/a><\/li>\n\n    \n\t\n\n<li >\n\t<a href='?page_no=28425'>Next<\/a>\n\t<\/li>\n\n\n    \n\n<li><a href='?page_no=30473'>Last &rsaquo;&rsaquo;<\/a><\/li>\n\n<\/ul>\n\n\n--><br \/>\n<\/body><\/p>\n","protected":false},"excerpt":{"rendered":"<p>El Estado debe tomar concepto competitividad para darle respuestas sostenibles a la pobreza &#13; Santo Domingo.- El paso de la tormenta Noel ha puesto en evidencia el gran problema de desigualdad que vive el pa\u00eds, por lo que ante situaciones como estas el\u00a0 Estado debe tomar el concepto competitividad para darle respuestas sostenibles al tema [&hellip;]<\/p>\n","protected":false},"author":3,"featured_media":0,"comment_status":"open","ping_status":"open","sticky":false,"template":"","format":"standard","meta":{"footnotes":""},"categories":[18],"tags":[],"class_list":["post-122544","post","type-post","status-publish","format-standard","hentry","category-economia"],"_links":{"self":[{"href":"https:\/\/diariodominicano.com\/index.php?rest_route=\/wp\/v2\/posts\/122544","targetHints":{"allow":["GET"]}}],"collection":[{"href":"https:\/\/diariodominicano.com\/index.php?rest_route=\/wp\/v2\/posts"}],"about":[{"href":"https:\/\/diariodominicano.com\/index.php?rest_route=\/wp\/v2\/types\/post"}],"author":[{"embeddable":true,"href":"https:\/\/diariodominicano.com\/index.php?rest_route=\/wp\/v2\/users\/3"}],"replies":[{"embeddable":true,"href":"https:\/\/diariodominicano.com\/index.php?rest_route=%2Fwp%2Fv2%2Fcomments&post=122544"}],"version-history":[{"count":0,"href":"https:\/\/diariodominicano.com\/index.php?rest_route=\/wp\/v2\/posts\/122544\/revisions"}],"wp:attachment":[{"href":"https:\/\/diariodominicano.com\/index.php?rest_route=%2Fwp%2Fv2%2Fmedia&parent=122544"}],"wp:term":[{"taxonomy":"category","embeddable":true,"href":"https:\/\/diariodominicano.com\/index.php?rest_route=%2Fwp%2Fv2%2Fcategories&post=122544"},{"taxonomy":"post_tag","embeddable":true,"href":"https:\/\/diariodominicano.com\/index.php?rest_route=%2Fwp%2Fv2%2Ftags&post=122544"}],"curies":[{"name":"wp","href":"https:\/\/api.w.org\/{rel}","templated":true}]}}