{"id":122543,"date":"2007-11-16T14:45:51","date_gmt":"2007-11-16T14:45:51","guid":{"rendered":"http:\/\/diariodominicano.ddns.net\/?p=122543"},"modified":"2007-11-16T14:45:51","modified_gmt":"2007-11-16T14:45:51","slug":"supermercados-nacional-abren-sucursal-en-avenida-independencia","status":"publish","type":"post","link":"https:\/\/diariodominicano.com\/?p=122543","title":{"rendered":"Supermercados Nacional abren sucursal en avenida Independencia"},"content":{"rendered":"<p><body><\/p>\n<p align=\"justify\"><span class=\"titulogrande1\"><strong>Supermercados Nacional abren<\/strong> <strong>sucursal en avenida Independencia<\/strong><\/span> <\/p>\n<p>&#13;<\/p>\n<p align=\"justify\"> <span class=\"text1noticias\"><strong><img loading=\"lazy\" decoding=\"async\" src=\"http:\/\/localhost:8080\/economia\/pictures\/supermercado nacional.jpg\" width=\"269\" height=\"1063\" hspace=\"4\" align=\"left\" \/>Santo Domingo.-<\/strong> Supermercados Nacional  inauguraron este jueves su d\u00e9cima sucursal en el kil\u00f3metro 9 \u00bd de la avenida  Independencia, durante la cual se destac\u00f3 que estas modernas instalaciones  ponen a disposici\u00f3n de unos 15 mil habitantes de la zona Sur de Santo Domingo,  una extensa variedad de 120 mil art\u00edculos, y crear\u00e1 cerca de 200 empleos  directos y 100 indirectos. <\/span><\/p>\n<p>&#13;<\/p>\n<p align=\"justify\" class=\"text1noticias\">El nuevo establecimiento fue bendecido  por el padre Luis Manuel Dur\u00e1n, director del Hogar Escuela Santo Domingo Savio,  y estuvo encabezado por don Jos\u00e9 Manuel Gonz\u00e1lez, presidente de Centro Cuesta  Nacional (CCN); Jos\u00e9 Miguel Gonz\u00e1lez Cuadra, presidente ejecutivo; Alejandro  Gonz\u00e1lez, vicepresidente ejecutivo; Vicky Malla, vicepresidenta de  Responsabilidad Social y Asuntos Corporativos; Celso Portela, vicepresidente de  Supermercados Nacional; gerentes de varias \u00e1reas, empleados e invitados  especiales. <\/p>\n<p>&#13;<\/p>\n<p align=\"justify\" class=\"text1noticias\">El acto incluy\u00f3  las palabras del vicepresidente de Supermercados Nacional, Celso Portela y de  la se\u00f1ora Malla, as\u00ed como tambi\u00e9n la entrega de donativos al Hogar de Ancianos  San Francisco de As\u00eds, a la Parroquia Inmaculada Concepci\u00f3n y al Hogar  Escuela Santo Domingo Savio. <\/p>\n<p>&#13;<\/p>\n<p align=\"justify\" class=\"text1noticias\">Es costumbre en  cada apertura de nuevos locales del grupo CCN destinar los gastos de  inauguraci\u00f3n a instituciones que trabajan en favor del bienestar social,  ubicadas en las proximidades de estos establecimientos. <\/p>\n<p>&#13;<\/p>\n<p align=\"justify\" class=\"text1noticias\"> El se\u00f1or  Portela resalt\u00f3 la amplitud del nuevo local que consta de 1,800 metros cuadrados,  con parqueos techados para m\u00e1s de 100 veh\u00edculos, un \u00e1rea de caja que dispone de  13 puntos de pagos, de Foto Shop, servicios bancarios, estafetas de pagos de  compa\u00f1\u00edas telef\u00f3nicas, as\u00ed como la cafeter\u00eda \u201cCaf\u00e9 Tomate\u201d y \u00e1rea de panader\u00eda  y reposter\u00eda. <\/p>\n<p>&#13;<\/p>\n<p align=\"justify\" class=\"text1noticias\">Entre las  categor\u00edas que se podr\u00e1n encontrar en la nueva tienda, el se\u00f1or Portela cit\u00f3  las \u00e1rea de dieta y nutrici\u00f3n, carnes, pescader\u00eda, congelados, l\u00e1cteos, frutas  y vegetales, \u00e1rea de cuidado personal, beb\u00e9s, abarrotes, mascotas y bodega de  bebidas. <\/p>\n<p>&#13;<\/p>\n<p align=\"justify\" class=\"text1noticias\">Portela explic\u00f3  que con motivo de apertura el supermercado tiene interesantes ofertas de  art\u00edculos, adem\u00e1s de los especiales de productos frescos, con la calidad que  caracteriza a Supermercados Nacional. <\/p>\n<p>&#13;<\/p>\n<p align=\"justify\" class=\"text1noticias\">Por su parte,  la se\u00f1ora Vicky Malla consider\u00f3 como muy positiva la instalaci\u00f3n de \u00e9sta  sucursal n\u00famero 10 y la dinamizaci\u00f3n que tendr\u00e1 en el sector. <\/p>\n<p>&#13;<\/p>\n<p align=\"justify\" class=\"text1noticias\">Resalt\u00f3 el  crecimiento de CCN desde sus inicios en el 1935, la cual atribuy\u00f3 al arduo  trabajo en equipo de varias generaciones de hombres y mujeres que han confiado  en el pa\u00eds y han cre\u00eddo en la laboriosidad de su gente. <\/p>\n<p>&#13;<\/p>\n<p align=\"justify\" class=\"text1noticias\">\u201cDurante m\u00e1s de  dos tercios de siglo de servicio ininterrumpido nuestro grupo empresarial ha  logrado consolidarse, diversificarse y expandirse hacia diferentes puntos  geogr\u00e1ficos de Santo Domingo y del interior del pa\u00eds, no obstante los dif\u00edciles  momentos que ha atravesado la Rep\u00fablica Dominicana en el orden pol\u00edtico, social  y climatol\u00f3gico\u201d, se\u00f1al\u00f3 la se\u00f1ora Malla. <\/p>\n<p>&#13;<\/p>\n<h6> 2007-11-16 14:45:51 <\/h6>\n<p><!--\n<link rel=\"stylesheet\" href=\"css\/bootstrap.min.css\">\n\n\n<ul class=\"pagination\">\n\t    \n\t\n\n<li >\n\t<a href='?page_no=28422'>Previous<\/a>\n\t<\/li>\n\n\n       \n    \n\n<li><a href='?page_no=1'>1<\/a><\/li>\n\n\n\n<li><a href='?page_no=2'>2<\/a><\/li>\n\n\n\n<li><a>...<\/a><\/li>\n\n\n\n<li><a href='?page_no=28421'>28421<\/a><\/li>\n\n\n\n<li><a href='?page_no=28422'>28422<\/a><\/li>\n\n\n\n<li class='active'><a>28423<\/a><\/li>\n\n\n\n<li><a href='?page_no=28424'>28424<\/a><\/li>\n\n\n\n<li><a href='?page_no=28425'>28425<\/a><\/li>\n\n\n\n<li><a>...<\/a><\/li>\n\n\n\n<li><a href='?page_no=30472'>30472<\/a><\/li>\n\n\n\n<li><a href='?page_no=30473'>30473<\/a><\/li>\n\n    \n\t\n\n<li >\n\t<a href='?page_no=28424'>Next<\/a>\n\t<\/li>\n\n\n    \n\n<li><a href='?page_no=30473'>Last &rsaquo;&rsaquo;<\/a><\/li>\n\n<\/ul>\n\n\n--><br \/>\n<\/body><\/p>\n","protected":false},"excerpt":{"rendered":"<p>Supermercados Nacional abren sucursal en avenida Independencia &#13; Santo Domingo.- Supermercados Nacional inauguraron este jueves su d\u00e9cima sucursal en el kil\u00f3metro 9 \u00bd de la avenida Independencia, durante la cual se destac\u00f3 que estas modernas instalaciones ponen a disposici\u00f3n de unos 15 mil habitantes de la zona Sur de Santo Domingo, una extensa variedad de [&hellip;]<\/p>\n","protected":false},"author":3,"featured_media":0,"comment_status":"open","ping_status":"open","sticky":false,"template":"","format":"standard","meta":{"footnotes":""},"categories":[18],"tags":[],"class_list":["post-122543","post","type-post","status-publish","format-standard","hentry","category-economia"],"_links":{"self":[{"href":"https:\/\/diariodominicano.com\/index.php?rest_route=\/wp\/v2\/posts\/122543","targetHints":{"allow":["GET"]}}],"collection":[{"href":"https:\/\/diariodominicano.com\/index.php?rest_route=\/wp\/v2\/posts"}],"about":[{"href":"https:\/\/diariodominicano.com\/index.php?rest_route=\/wp\/v2\/types\/post"}],"author":[{"embeddable":true,"href":"https:\/\/diariodominicano.com\/index.php?rest_route=\/wp\/v2\/users\/3"}],"replies":[{"embeddable":true,"href":"https:\/\/diariodominicano.com\/index.php?rest_route=%2Fwp%2Fv2%2Fcomments&post=122543"}],"version-history":[{"count":0,"href":"https:\/\/diariodominicano.com\/index.php?rest_route=\/wp\/v2\/posts\/122543\/revisions"}],"wp:attachment":[{"href":"https:\/\/diariodominicano.com\/index.php?rest_route=%2Fwp%2Fv2%2Fmedia&parent=122543"}],"wp:term":[{"taxonomy":"category","embeddable":true,"href":"https:\/\/diariodominicano.com\/index.php?rest_route=%2Fwp%2Fv2%2Fcategories&post=122543"},{"taxonomy":"post_tag","embeddable":true,"href":"https:\/\/diariodominicano.com\/index.php?rest_route=%2Fwp%2Fv2%2Ftags&post=122543"}],"curies":[{"name":"wp","href":"https:\/\/api.w.org\/{rel}","templated":true}]}}