{"id":122533,"date":"2007-11-20T15:50:21","date_gmt":"2007-11-20T15:50:21","guid":{"rendered":"http:\/\/diariodominicano.ddns.net\/?p=122533"},"modified":"2007-11-20T15:50:21","modified_gmt":"2007-11-20T15:50:21","slug":"depreciacion-del-dolar-es-el-tema-que-mas-inquieto-a-las-empresas-chilenas-durante-el-tercer-trimestre","status":"publish","type":"post","link":"https:\/\/diariodominicano.com\/?p=122533","title":{"rendered":"Depreciaci\u00f3n del d\u00f3lar es el tema que m\u00e1s inquiet\u00f3 a las empresas chilenas durante el tercer trimestre"},"content":{"rendered":"<p><body><\/p>\n<h1 align=\"justify\" class=\"titulogrande1\">Depreciaci\u00f3n del d\u00f3lar es el tema que m\u00e1s inquiet\u00f3 a las empresas chilenas  durante el tercer trimestre<\/h1>\n<p>&#13;<\/p>\n<p><strong>Seg\u00fan evidenci\u00f3 un estudio de la C\u00e1mara de Comercio de Santiago (CCS). <\/strong><\/p>\n<p>&#13;<\/p>\n<div align=\"justify\" class=\"text1noticias\"><strong>SANTIAGO.-<\/strong> La situaci\u00f3n del tipo de cambio se convirti\u00f3 en el tema m\u00e1s  inquietante para las empresas chilenas durante el tercer trimestre, seg\u00fan  revel\u00f3 una encuesta de la C\u00e1mara de Comercio de Santiago (CCS).<br \/>&#13;<br \/>\n  <br \/>&#13;<br \/>\n  La entidad explic\u00f3 que entre el segundo y tercer\u00a0 trimestre el  porcentaje de las firmas que mencionan la depreciaci\u00f3n que ha sufrido el precio  del d\u00f3lar frente al peso como el factor m\u00e1s negativo afectando su actividad  aument\u00f3 de 19% a 24%.<br \/>&#13;<br \/>\n  <br \/>&#13;<br \/>\n  En este sentido, la CCS advirti\u00f3 que si se comparan las cifras con la  medici\u00f3n del primer trimestre de este\u00a0 a\u00f1o, el efecto es a\u00fan m\u00e1s pronunciado,  considerando que en marzo s\u00f3lo el 13% de las empresas se\u00f1alaba al precio del  d\u00f3lar como su principal\u00a0 preocupaci\u00f3n, duplicando su porcentaje de\u00a0  menciones en seis meses.<br \/>&#13;<br \/>\n  <br \/>&#13;<br \/>\n  Otra variable que experiment\u00f3 un fuerte aumento entre los factores m\u00e1s  negativos mencionados por las empresas corresponde a la situaci\u00f3n general de la  econom\u00eda, que subi\u00f3 desde menos de 3% de las menciones hasta 8,4%, con lo que  salt\u00f3 desde la octava a la tercera posici\u00f3n.<br \/>&#13;<br \/>\n  <br \/>&#13;<br \/>\n  En cuarto lugar entre los elementos negativos se ubica el nivel de demanda  de cada empresa, que llega a 7,7% de las menciones, 2 puntos sobre el nivel  anterior.<br \/>&#13;<br \/>\n  <br \/>&#13;<br \/>\n  En tanto, en el tercer trimestre tuvo un ingreso relevante el tema de la  inflaci\u00f3n, factor que figura en cerca del 6% de las menciones, ocupando el  quinto lugar entre las principales inquietudes y que hist\u00f3ricamente no hab\u00eda  formado parte de la parrilla de temas.<br \/>&#13;<br \/>\n  <br \/>&#13;<br \/>\n  Esto se da en un contexto de mayores incrementos en el nivel de precios  durante este a\u00f1o, con expectativas que sit\u00faan la inflaci\u00f3n anual en torno a 7%,  muy por sobre los registros recientes y el rango meta del Banco Central.<br \/>&#13;<br \/>\n  <br \/>&#13;<br \/>\n  Relacionado con el fen\u00f3meno de los precios, la tasa de inter\u00e9s comparti\u00f3 el  quinto puesto con la inflaci\u00f3n, lo que es destacable considerando que en junio  ni siquiera se ubicaba dentro de los diez elementos negativos m\u00e1s destacados,  siendo este incremento atribuible a las tres alzas decretadas\u00a0 por el  Banco Central entre los meses de julio y septiembre, justamente entre ambas  mediciones.<br \/>&#13;<br \/>\n  <br \/>&#13;<br \/>\n  Finalmente, con 5,5% de las menciones, se ubican tres factores en el s\u00e9ptimo  lugar: precio de los insumos, el marco regulatorio, y los factores relacionados  al mercado laboral.<br \/>&#13;<br \/>\n  <br \/>&#13;<br \/>\n  UPI<\/div>\n<p>&#13;<\/p>\n<h6> 2007-11-20 15:50:21 <\/h6>\n<p><!--\n<link rel=\"stylesheet\" href=\"css\/bootstrap.min.css\">\n\n\n<ul class=\"pagination\">\n\t    \n\t\n\n<li >\n\t<a href='?page_no=28412'>Previous<\/a>\n\t<\/li>\n\n\n       \n    \n\n<li><a href='?page_no=1'>1<\/a><\/li>\n\n\n\n<li><a href='?page_no=2'>2<\/a><\/li>\n\n\n\n<li><a>...<\/a><\/li>\n\n\n\n<li><a href='?page_no=28411'>28411<\/a><\/li>\n\n\n\n<li><a href='?page_no=28412'>28412<\/a><\/li>\n\n\n\n<li class='active'><a>28413<\/a><\/li>\n\n\n\n<li><a href='?page_no=28414'>28414<\/a><\/li>\n\n\n\n<li><a href='?page_no=28415'>28415<\/a><\/li>\n\n\n\n<li><a>...<\/a><\/li>\n\n\n\n<li><a href='?page_no=30472'>30472<\/a><\/li>\n\n\n\n<li><a href='?page_no=30473'>30473<\/a><\/li>\n\n    \n\t\n\n<li >\n\t<a href='?page_no=28414'>Next<\/a>\n\t<\/li>\n\n\n    \n\n<li><a href='?page_no=30473'>Last &rsaquo;&rsaquo;<\/a><\/li>\n\n<\/ul>\n\n\n--><br \/>\n<\/body><\/p>\n","protected":false},"excerpt":{"rendered":"<p>Depreciaci\u00f3n del d\u00f3lar es el tema que m\u00e1s inquiet\u00f3 a las empresas chilenas durante el tercer trimestre &#13; Seg\u00fan evidenci\u00f3 un estudio de la C\u00e1mara de Comercio de Santiago (CCS). &#13; SANTIAGO.- La situaci\u00f3n del tipo de cambio se convirti\u00f3 en el tema m\u00e1s inquietante para las empresas chilenas durante el tercer trimestre, seg\u00fan revel\u00f3 [&hellip;]<\/p>\n","protected":false},"author":3,"featured_media":0,"comment_status":"open","ping_status":"open","sticky":false,"template":"","format":"standard","meta":{"footnotes":""},"categories":[18],"tags":[],"class_list":["post-122533","post","type-post","status-publish","format-standard","hentry","category-economia"],"_links":{"self":[{"href":"https:\/\/diariodominicano.com\/index.php?rest_route=\/wp\/v2\/posts\/122533","targetHints":{"allow":["GET"]}}],"collection":[{"href":"https:\/\/diariodominicano.com\/index.php?rest_route=\/wp\/v2\/posts"}],"about":[{"href":"https:\/\/diariodominicano.com\/index.php?rest_route=\/wp\/v2\/types\/post"}],"author":[{"embeddable":true,"href":"https:\/\/diariodominicano.com\/index.php?rest_route=\/wp\/v2\/users\/3"}],"replies":[{"embeddable":true,"href":"https:\/\/diariodominicano.com\/index.php?rest_route=%2Fwp%2Fv2%2Fcomments&post=122533"}],"version-history":[{"count":0,"href":"https:\/\/diariodominicano.com\/index.php?rest_route=\/wp\/v2\/posts\/122533\/revisions"}],"wp:attachment":[{"href":"https:\/\/diariodominicano.com\/index.php?rest_route=%2Fwp%2Fv2%2Fmedia&parent=122533"}],"wp:term":[{"taxonomy":"category","embeddable":true,"href":"https:\/\/diariodominicano.com\/index.php?rest_route=%2Fwp%2Fv2%2Fcategories&post=122533"},{"taxonomy":"post_tag","embeddable":true,"href":"https:\/\/diariodominicano.com\/index.php?rest_route=%2Fwp%2Fv2%2Ftags&post=122533"}],"curies":[{"name":"wp","href":"https:\/\/api.w.org\/{rel}","templated":true}]}}