{"id":122529,"date":"2007-11-21T13:08:04","date_gmt":"2007-11-21T13:08:04","guid":{"rendered":"http:\/\/diariodominicano.ddns.net\/?p=122529"},"modified":"2007-11-21T13:08:04","modified_gmt":"2007-11-21T13:08:04","slug":"presidente-financia-tres-pesos-por-litro-de-leche","status":"publish","type":"post","link":"https:\/\/diariodominicano.com\/?p=122529","title":{"rendered":"Presidente financia tres pesos por litro de leche"},"content":{"rendered":"<p><body><\/p>\n<p align=\"justify\"><span class=\"titulogrande1\">Presidente financia tres pesos por litro de leche <\/span><br \/>&#13;<br \/>\n  <br \/>&#13;<br \/>\n    <span class=\"text1noticias\"><strong><img loading=\"lazy\" decoding=\"async\" src=\"http:\/\/localhost:8080\/economia\/pictures\/leonel santiago rodriguez.jpg\" width=\"269\" height=\"903\" hspace=\"4\" align=\"left\" \/>Santiago  Rodr\u00edguez.-<\/strong> El presidente de la   Republica, doctor Leonel Fern\u00e1ndez, dispuso el pago de tres  pesos por cada litro de leche a los productores de ese sector con fines de que  el precio del producto no sea incrementado.<br \/>&#13;<br \/>\n    <br \/>&#13;<br \/>\n    Manifest\u00f3 que las  autoridades colaborar\u00e1n con el establecimiento de un precio de sustentaci\u00f3n  \u201cque va a significar tres pesos por cada litro\u201d en un mecanismo que se va a  manejar a trav\u00e9s de la secretar\u00eda de Agricultura, Conaleche y otras  instituciones vinculadas al sector ganadero\u201d.<br \/>&#13;<br \/>\n    <br \/>&#13;<br \/>\n    Afirm\u00f3 que esta es una  de las medidas que ejecutar\u00e1 el gobierno como forma de proteger al sector  lechero del pa\u00eds para evitar que el producto sea aumentado al consumidor.<br \/>&#13;<br \/>\n    <br \/>&#13;<br \/>\n    Dijo que la leche no se  puede subir de precio al pueblo consumidor. \u201cY yo me he compromedido aqu\u00ed  y la Secretar\u00eda  de Agricultura se compromete a apoyar a los ganaderos productores de leche de la Rep\u00fablica Dominicana,  pero ustedes tienen que comprometerse aqu\u00ed solemnemente con nosotros que ni un  chele le pueden subir al consumo de la leche al pueblo dominicano\u201d.<br \/>&#13;<br \/>\n    <br \/>&#13;<br \/>\n    Consider\u00f3 que esa es una  forma de hacer Patria respaldando al sector productivo nacional, cre\u00e1ndole  facilidades y condiciones para que aumente su producci\u00f3n, mejorar la calidad,  conquistar el mercado nacional y hasta pueden exportar leche desde la Rep\u00fablica Dominicana.<br \/>&#13;<br \/>\n    <br \/>&#13;<br \/>\n    De esta manera sostuvo  que el pueblo puede mejorar sus niveles de alimentaci\u00f3n, indicando que la  producci\u00f3n de leche ha experimentado un crecimiento de un 56 por ciento desde  el 2004. <br \/>&#13;<br \/>\n    <br \/>&#13;<br \/>\n    Desde ese a\u00f1o, 2005, y 2006, se obtuvieron respectivamente 380,  461, 502 millones de litro de leche. <br \/>&#13;<br \/>\n    <br \/>&#13;<br \/>\n    En ese sentido asegur\u00f3  que al terminar este a\u00f1o se espera obtener una mayor producci\u00f3n de 600 millones  de litros de leche (en este a\u00f1o vamos a pasar de 380 millones de litro de leche  a 600 millones de litro producidos en la Republica Dominicana,  cifras sin precedentes, una cifra hist\u00f3rica).<br \/>&#13;<br \/>\n    <br \/>&#13;<br \/>\nEl presidente se  pronunci\u00f3 en esos t\u00e9rminos en Santiago Rodr\u00edguez, durante la entrega de 300  millones de pesos para impulsar el sector lechero.<\/span><\/p>\n<p>&#13;<\/p>\n<h6> 2007-11-21 13:08:04 <\/h6>\n<p><!--\n<link rel=\"stylesheet\" href=\"css\/bootstrap.min.css\">\n\n\n<ul class=\"pagination\">\n\t    \n\t\n\n<li >\n\t<a href='?page_no=28408'>Previous<\/a>\n\t<\/li>\n\n\n       \n    \n\n<li><a href='?page_no=1'>1<\/a><\/li>\n\n\n\n<li><a href='?page_no=2'>2<\/a><\/li>\n\n\n\n<li><a>...<\/a><\/li>\n\n\n\n<li><a href='?page_no=28407'>28407<\/a><\/li>\n\n\n\n<li><a href='?page_no=28408'>28408<\/a><\/li>\n\n\n\n<li class='active'><a>28409<\/a><\/li>\n\n\n\n<li><a href='?page_no=28410'>28410<\/a><\/li>\n\n\n\n<li><a href='?page_no=28411'>28411<\/a><\/li>\n\n\n\n<li><a>...<\/a><\/li>\n\n\n\n<li><a href='?page_no=30472'>30472<\/a><\/li>\n\n\n\n<li><a href='?page_no=30473'>30473<\/a><\/li>\n\n    \n\t\n\n<li >\n\t<a href='?page_no=28410'>Next<\/a>\n\t<\/li>\n\n\n    \n\n<li><a href='?page_no=30473'>Last &rsaquo;&rsaquo;<\/a><\/li>\n\n<\/ul>\n\n\n--><br \/>\n<\/body><\/p>\n","protected":false},"excerpt":{"rendered":"<p>Presidente financia tres pesos por litro de leche &#13; &#13; Santiago Rodr\u00edguez.- El presidente de la Republica, doctor Leonel Fern\u00e1ndez, dispuso el pago de tres pesos por cada litro de leche a los productores de ese sector con fines de que el precio del producto no sea incrementado.&#13; &#13; Manifest\u00f3 que las autoridades colaborar\u00e1n con [&hellip;]<\/p>\n","protected":false},"author":3,"featured_media":0,"comment_status":"open","ping_status":"open","sticky":false,"template":"","format":"standard","meta":{"footnotes":""},"categories":[18],"tags":[],"class_list":["post-122529","post","type-post","status-publish","format-standard","hentry","category-economia"],"_links":{"self":[{"href":"https:\/\/diariodominicano.com\/index.php?rest_route=\/wp\/v2\/posts\/122529","targetHints":{"allow":["GET"]}}],"collection":[{"href":"https:\/\/diariodominicano.com\/index.php?rest_route=\/wp\/v2\/posts"}],"about":[{"href":"https:\/\/diariodominicano.com\/index.php?rest_route=\/wp\/v2\/types\/post"}],"author":[{"embeddable":true,"href":"https:\/\/diariodominicano.com\/index.php?rest_route=\/wp\/v2\/users\/3"}],"replies":[{"embeddable":true,"href":"https:\/\/diariodominicano.com\/index.php?rest_route=%2Fwp%2Fv2%2Fcomments&post=122529"}],"version-history":[{"count":0,"href":"https:\/\/diariodominicano.com\/index.php?rest_route=\/wp\/v2\/posts\/122529\/revisions"}],"wp:attachment":[{"href":"https:\/\/diariodominicano.com\/index.php?rest_route=%2Fwp%2Fv2%2Fmedia&parent=122529"}],"wp:term":[{"taxonomy":"category","embeddable":true,"href":"https:\/\/diariodominicano.com\/index.php?rest_route=%2Fwp%2Fv2%2Fcategories&post=122529"},{"taxonomy":"post_tag","embeddable":true,"href":"https:\/\/diariodominicano.com\/index.php?rest_route=%2Fwp%2Fv2%2Ftags&post=122529"}],"curies":[{"name":"wp","href":"https:\/\/api.w.org\/{rel}","templated":true}]}}