{"id":122505,"date":"2007-11-27T04:04:35","date_gmt":"2007-11-27T04:04:35","guid":{"rendered":"http:\/\/diariodominicano.ddns.net\/?p=122505"},"modified":"2007-11-27T04:04:35","modified_gmt":"2007-11-27T04:04:35","slug":"gobierno-no-permitira-aumento-de-los-pasajes-y-las-cargas","status":"publish","type":"post","link":"https:\/\/diariodominicano.com\/?p=122505","title":{"rendered":"Gobierno no permitir\u00e1 aumento de los pasajes y las cargas"},"content":{"rendered":"<p><body><\/p>\n<p class=\"titulogrande1\">Gobierno  no permitir\u00e1 aumento de los pasajes y las cargas<\/p>\n<p>&#13;<\/p>\n<p align=\"justify\"><strong>Melanio  Paredes dijo \u00a0que el Presidente Fern\u00e1ndez  hizo el compromiso con los transportistas de buscar f\u00f3rmulas para paliar los  efectos generados por las alzas en los precios del diesel tanto en el transporte  de carga como de pasajeros, \u201clo que estamos asumiendo con car\u00e1cter y  responsabilidad\u201d.<\/strong><\/p>\n<p>&#13;<\/p>\n<p align=\"justify\" class=\"text1noticias\"><strong>SANTO  DOMINGO.-<\/strong> El secretario de Industria y Comercio dijo que el\u00a0 gobierno no permitir\u00e1 aumentos en el precio  por concepto de cargas y transporte de pasajeros, porque la medida  desencadenar\u00eda efectos multiplicadores en perjuicio de la poblaci\u00f3n.<br \/>&#13;<br \/>\n  <br \/>&#13;<br \/>\n  Melanio Paredes, dijo que puso en manos de los  dirigentes de las organizaciones de transportistas una soluci\u00f3n que har\u00eda  innecesario cualquier alza en los costos de transporte de cargas y pasajeros.<br \/>&#13;<br \/>\n  <br \/>&#13;<br \/>\n  Indic\u00f3  que \u201cqueremos dejar claro que el gobierno no permitir\u00e1 alza alguna en las  tarifas actuales que se aplican al transporte tanto de cargas como de  pasajeros, ya que una medida de esa naturaleza afectar\u00eda de manera importante  la econom\u00eda de los ciudadanos\u201d.<br \/>&#13;<br \/>\n  <br \/>&#13;<br \/>\n  Dijo  que \u201cnosotros comunicamos a prima noche a los \u00a0transportistas la soluci\u00f3n  que evitar\u00e1 cualquier aumento en los precios por concepto de carga y  movilizaci\u00f3n de pasajeros, que como hemos dicho ser\u00e1 provisional hasta tanto  puedan ponerse en vigor los mecanismos definitivos para focalizar el subsidio  que el Presidente anunci\u00f3 para el uso de gasoil y gas licuado de petr\u00f3leo\u201d. <br \/>&#13;<br \/>\n  <br \/>&#13;<br \/>\n  Explic\u00f3  que el Presidente Fern\u00e1ndez hizo el compromiso con los transportistas de buscar  f\u00f3rmulas para paliar los efectos generados por las alzas en los precios del  diesel tanto en el transporte de carga como de pasajeros, \u201clo que estamos  asumiendo con car\u00e1cter y responsabilidad\u201d.<br \/>&#13;<br \/>\n  <br \/>&#13;<br \/>\n  \u201cPara  esos fines puso en manos de\u00a0 Industria y Comercio y la secretar\u00eda de  Hacienda asumir la responsabilidad de los costos que pudieran acarrear  cualquier iniciativa que se aplique a los fines de dar seguimiento al  compromiso que se ha asumido frente a los transportistas\u201d, dijo seg\u00fan una nota  informativa.<br \/>&#13;<br \/>\n  <br \/>&#13;<br \/>\n  El  secretario de Industria y Comercio coment\u00f3 que \u201chemos estado trabajando en eso.  Se han estado manejando varias alternativas que exigen como m\u00ednimo 60 d\u00edas para  su aplicaci\u00f3n efectiva, porque se trata de equipos o implementos que deben  colocarse a las unidades de transporte\u201d.<br \/>&#13;<br \/>\n  <br \/>&#13;<br \/>\n  \u201cNo  es necesario caer en postura intolerante y que encierren irrespeto para las  autoridades. Nosotros cumpliremos con el empe\u00f1o que el se\u00f1or Presidente ha  dispensado a este asunto\u201d, sostuvo Paredes.<\/p>\n<p>&#13;<\/p>\n<h6> 2007-11-27 04:04:35 <\/h6>\n<p><!--\n<link rel=\"stylesheet\" href=\"css\/bootstrap.min.css\">\n\n\n<ul class=\"pagination\">\n\t    \n\t\n\n<li >\n\t<a href='?page_no=28384'>Previous<\/a>\n\t<\/li>\n\n\n       \n    \n\n<li><a href='?page_no=1'>1<\/a><\/li>\n\n\n\n<li><a href='?page_no=2'>2<\/a><\/li>\n\n\n\n<li><a>...<\/a><\/li>\n\n\n\n<li><a href='?page_no=28383'>28383<\/a><\/li>\n\n\n\n<li><a href='?page_no=28384'>28384<\/a><\/li>\n\n\n\n<li class='active'><a>28385<\/a><\/li>\n\n\n\n<li><a href='?page_no=28386'>28386<\/a><\/li>\n\n\n\n<li><a href='?page_no=28387'>28387<\/a><\/li>\n\n\n\n<li><a>...<\/a><\/li>\n\n\n\n<li><a href='?page_no=30472'>30472<\/a><\/li>\n\n\n\n<li><a href='?page_no=30473'>30473<\/a><\/li>\n\n    \n\t\n\n<li >\n\t<a href='?page_no=28386'>Next<\/a>\n\t<\/li>\n\n\n    \n\n<li><a href='?page_no=30473'>Last &rsaquo;&rsaquo;<\/a><\/li>\n\n<\/ul>\n\n\n--><br \/>\n<\/body><\/p>\n","protected":false},"excerpt":{"rendered":"<p>Gobierno no permitir\u00e1 aumento de los pasajes y las cargas &#13; Melanio Paredes dijo \u00a0que el Presidente Fern\u00e1ndez hizo el compromiso con los transportistas de buscar f\u00f3rmulas para paliar los efectos generados por las alzas en los precios del diesel tanto en el transporte de carga como de pasajeros, \u201clo que estamos asumiendo con car\u00e1cter [&hellip;]<\/p>\n","protected":false},"author":3,"featured_media":0,"comment_status":"open","ping_status":"open","sticky":false,"template":"","format":"standard","meta":{"footnotes":""},"categories":[18],"tags":[],"class_list":["post-122505","post","type-post","status-publish","format-standard","hentry","category-economia"],"_links":{"self":[{"href":"https:\/\/diariodominicano.com\/index.php?rest_route=\/wp\/v2\/posts\/122505","targetHints":{"allow":["GET"]}}],"collection":[{"href":"https:\/\/diariodominicano.com\/index.php?rest_route=\/wp\/v2\/posts"}],"about":[{"href":"https:\/\/diariodominicano.com\/index.php?rest_route=\/wp\/v2\/types\/post"}],"author":[{"embeddable":true,"href":"https:\/\/diariodominicano.com\/index.php?rest_route=\/wp\/v2\/users\/3"}],"replies":[{"embeddable":true,"href":"https:\/\/diariodominicano.com\/index.php?rest_route=%2Fwp%2Fv2%2Fcomments&post=122505"}],"version-history":[{"count":0,"href":"https:\/\/diariodominicano.com\/index.php?rest_route=\/wp\/v2\/posts\/122505\/revisions"}],"wp:attachment":[{"href":"https:\/\/diariodominicano.com\/index.php?rest_route=%2Fwp%2Fv2%2Fmedia&parent=122505"}],"wp:term":[{"taxonomy":"category","embeddable":true,"href":"https:\/\/diariodominicano.com\/index.php?rest_route=%2Fwp%2Fv2%2Fcategories&post=122505"},{"taxonomy":"post_tag","embeddable":true,"href":"https:\/\/diariodominicano.com\/index.php?rest_route=%2Fwp%2Fv2%2Ftags&post=122505"}],"curies":[{"name":"wp","href":"https:\/\/api.w.org\/{rel}","templated":true}]}}