{"id":122493,"date":"2007-12-02T23:26:55","date_gmt":"2007-12-02T23:26:55","guid":{"rendered":"http:\/\/diariodominicano.ddns.net\/?p=122493"},"modified":"2007-12-02T23:26:55","modified_gmt":"2007-12-02T23:26:55","slug":"inician-segunda-etapa-de-la-carretera-santo-domingo-samana","status":"publish","type":"post","link":"https:\/\/diariodominicano.com\/?p=122493","title":{"rendered":"Inician segunda etapa de la carretera Santo Domingo-Saman\u00e1"},"content":{"rendered":"<p><body><\/p>\n<p class=\"titulogrande1\">Inician segunda etapa de la carretera  Santo Domingo-Saman\u00e1<\/p>\n<p>&#13;<\/p>\n<p align=\"justify\"><strong>El secretario de  Obras\u00a0 P\u00fablicas inform\u00f3 \u00a0que la segunda etapa incluye la construcci\u00f3n  del circuito vial,\u00a0desde el kil\u00f3metro cero saliendo de Nagua pasando por  S\u00e1nchez hasta Saman\u00e1. <\/strong><\/p>\n<p>&#13;<\/p>\n<p align=\"justify\"><strong>Prosigue, Saman\u00e1&#8211;Las Terrenas y El Catey pasando por el  aeropuerto hasta Rinc\u00f3n de Molinillo, con\u00a0extensi\u00f3n de 123 kil\u00f3metros y un  tiempo de ejecuci\u00f3n de dos a\u00f1os.<\/strong><\/p>\n<p>&#13;<\/p>\n<p align=\"justify\" class=\"text1noticias\"><strong><img loading=\"lazy\" decoding=\"async\" src=\"http:\/\/localhost:8080\/economia\/pictures\/carretera santo domingo samana.jpg\" width=\"269\" height=\"361\" hspace=\"4\" align=\"left\" \/>SANTO  DOMINGO.-<\/strong> El secretario \u00a0de Obras P\u00fablicas y Comunicaciones, \u00a0V\u00edctor D\u00edaz R\u00faa y el representante de la  empresa Boulevar Tur\u00edstico del Atl\u00e1ntico, firmaron el acta con la que  dejaron iniciados los trabajos de construcci\u00f3n de la segunda etapa de la  carretera Santo Domingo-Saman\u00e1, a un costo de US$103 millones de d\u00f3lares. <br \/>&#13;<br \/>\n  <br \/>&#13;<br \/>\n  Por la empresa  constructora firm\u00f3\u00a0Arm\u00edn Santana y por Obras P\u00fabicas, su ministro V\u00edctor  D\u00edaz R\u00faa, en una ceremonia realizada en\u00a0la nueva autopista, donde  tambi\u00e9n estuvieron presentes Pedro Delgado Malag\u00f3n y Miguel A. Logro\u00f1o Di  Vanna, de la Secretar\u00eda  de Obras Publicas.<br \/>&#13;<br \/>\n  <br \/>&#13;<br \/>\n  D\u00edaz R\u00faa explic\u00f3 que la  v\u00eda Norte-Sur, Santo Domingo-Saman\u00e1 cubrir\u00e1 todos los destinos tur\u00edsticos de la  regi\u00f3n Nordeste, satisfaciendo as\u00ed, la vieja necesidad de las comunidades de la  provincia de Saman\u00e1 y de turistas que visitan la zona. <br \/>&#13;<br \/>\n  <br \/>&#13;<br \/>\n  Inform\u00f3 \u00a0que la segunda etapa incluye la construcci\u00f3n  del circuito vial,\u00a0desde el kil\u00f3metro cero saliendo de Nagua pasando por  S\u00e1nchez hasta Saman\u00e1. Prosigue, Saman\u00e1&#8211;Las Terrenas y El Catey pasando por el  aeropuerto hasta Rinc\u00f3n de Molinillo, con\u00a0extensi\u00f3n de 123 kil\u00f3metros y un  tiempo de ejecuci\u00f3n de dos a\u00f1os.<br \/>&#13;<br \/>\n  <br \/>&#13;<br \/>\n  Al igual que la  construcci\u00f3n de la primera etapa de la carretera Domingo-Saman\u00e1, la  segunda\u00a0 ser\u00e1 financiada por un esquema de concesi\u00f3n en virtud del cual el Estado no tiene que aportar recursos para  la ejecuci\u00f3n de la misma, record\u00f3 el secretario de Obras P\u00fablicas.<br \/>&#13;<br \/>\n  <br \/>&#13;<br \/>\n  Dijo \u00a0que los trabajos de la segunda etapa estar\u00e1n a  cargo de la compa\u00f1\u00eda Boulevard Tur\u00edstico del Atl\u00e1ntico.<br \/>&#13;<br \/>\n  <br \/>&#13;<br \/>\n  Mientras\u00a0avanzan  los movimientos de tierra a lo largo de los tramos que comprenden la primera  etapa, se destaca el despliegue de  equipos pesados trabajando para terminar la v\u00eda que ser\u00e1 inaugurada por el  Gobierno en el primer trimestre del a\u00f1o 2008.<\/p>\n<p>&#13;<\/p>\n<h6> 2007-12-02 23:26:55 <\/h6>\n<p><!--\n<link rel=\"stylesheet\" href=\"css\/bootstrap.min.css\">\n\n\n<ul class=\"pagination\">\n\t    \n\t\n\n<li >\n\t<a href='?page_no=28372'>Previous<\/a>\n\t<\/li>\n\n\n       \n    \n\n<li><a href='?page_no=1'>1<\/a><\/li>\n\n\n\n<li><a href='?page_no=2'>2<\/a><\/li>\n\n\n\n<li><a>...<\/a><\/li>\n\n\n\n<li><a href='?page_no=28371'>28371<\/a><\/li>\n\n\n\n<li><a href='?page_no=28372'>28372<\/a><\/li>\n\n\n\n<li class='active'><a>28373<\/a><\/li>\n\n\n\n<li><a href='?page_no=28374'>28374<\/a><\/li>\n\n\n\n<li><a href='?page_no=28375'>28375<\/a><\/li>\n\n\n\n<li><a>...<\/a><\/li>\n\n\n\n<li><a href='?page_no=30472'>30472<\/a><\/li>\n\n\n\n<li><a href='?page_no=30473'>30473<\/a><\/li>\n\n    \n\t\n\n<li >\n\t<a href='?page_no=28374'>Next<\/a>\n\t<\/li>\n\n\n    \n\n<li><a href='?page_no=30473'>Last &rsaquo;&rsaquo;<\/a><\/li>\n\n<\/ul>\n\n\n--><br \/>\n<\/body><\/p>\n","protected":false},"excerpt":{"rendered":"<p>Inician segunda etapa de la carretera Santo Domingo-Saman\u00e1 &#13; El secretario de Obras\u00a0 P\u00fablicas inform\u00f3 \u00a0que la segunda etapa incluye la construcci\u00f3n del circuito vial,\u00a0desde el kil\u00f3metro cero saliendo de Nagua pasando por S\u00e1nchez hasta Saman\u00e1. &#13; Prosigue, Saman\u00e1&#8211;Las Terrenas y El Catey pasando por el aeropuerto hasta Rinc\u00f3n de Molinillo, con\u00a0extensi\u00f3n de 123 kil\u00f3metros [&hellip;]<\/p>\n","protected":false},"author":3,"featured_media":0,"comment_status":"open","ping_status":"open","sticky":false,"template":"","format":"standard","meta":{"footnotes":""},"categories":[18],"tags":[],"class_list":["post-122493","post","type-post","status-publish","format-standard","hentry","category-economia"],"_links":{"self":[{"href":"https:\/\/diariodominicano.com\/index.php?rest_route=\/wp\/v2\/posts\/122493","targetHints":{"allow":["GET"]}}],"collection":[{"href":"https:\/\/diariodominicano.com\/index.php?rest_route=\/wp\/v2\/posts"}],"about":[{"href":"https:\/\/diariodominicano.com\/index.php?rest_route=\/wp\/v2\/types\/post"}],"author":[{"embeddable":true,"href":"https:\/\/diariodominicano.com\/index.php?rest_route=\/wp\/v2\/users\/3"}],"replies":[{"embeddable":true,"href":"https:\/\/diariodominicano.com\/index.php?rest_route=%2Fwp%2Fv2%2Fcomments&post=122493"}],"version-history":[{"count":0,"href":"https:\/\/diariodominicano.com\/index.php?rest_route=\/wp\/v2\/posts\/122493\/revisions"}],"wp:attachment":[{"href":"https:\/\/diariodominicano.com\/index.php?rest_route=%2Fwp%2Fv2%2Fmedia&parent=122493"}],"wp:term":[{"taxonomy":"category","embeddable":true,"href":"https:\/\/diariodominicano.com\/index.php?rest_route=%2Fwp%2Fv2%2Fcategories&post=122493"},{"taxonomy":"post_tag","embeddable":true,"href":"https:\/\/diariodominicano.com\/index.php?rest_route=%2Fwp%2Fv2%2Ftags&post=122493"}],"curies":[{"name":"wp","href":"https:\/\/api.w.org\/{rel}","templated":true}]}}