{"id":122473,"date":"2007-12-09T19:21:59","date_gmt":"2007-12-09T19:21:59","guid":{"rendered":"http:\/\/diariodominicano.ddns.net\/?p=122473"},"modified":"2007-12-09T19:21:59","modified_gmt":"2007-12-09T19:21:59","slug":"comerciantes-advierten-si-no-se-eliminan-prestaciones-laborales-miles-de-empleados-podrian-ir-a-las-calles","status":"publish","type":"post","link":"https:\/\/diariodominicano.com\/?p=122473","title":{"rendered":"Comerciantes advierten si no se eliminan prestaciones laborales, miles de empleados podr\u00edan ir a las calles"},"content":{"rendered":"<p><body><\/p>\n<p align=\"justify\"><span class=\"titulogrande1\">Comerciantes advierten si no se eliminan prestaciones  laborales, miles de empleados podr\u00edan ir a las calles<\/span><br \/>&#13;<br \/>\n  \u00a0 <br \/>&#13;<br \/>\n  <span class=\"text1noticias\"><strong><img loading=\"lazy\" decoding=\"async\" src=\"http:\/\/localhost:8080\/economia\/pictures\/ivan garcia de jesus.jpg\" width=\"269\" height=\"304\" hspace=\"4\" align=\"left\" \/>SANTO DOMINGO.- <\/strong>El presidente de la Federaci\u00f3n Dominicana  de Comerciantes advirti\u00f3 que si no se eliminan las prestaciones laborales,  miles de empleados podr\u00edan ir a las calles porque los empresarios e  inversionistas no aguantan el costo laboral en que deben incurrir mensualmente. <br \/>&#13;<br \/>\n  <br \/>&#13;<br \/>\nIv\u00e1n de Jes\u00fas Garc\u00eda dijo que no se concibe que  si en el pa\u00eds est\u00e1 funcionando un sistema de Seguridad Social el cual contiene  un Fondo de Pensiones los empleadores se vean obligados a pagar liquidaci\u00f3n,  cesant\u00eda y preaviso a la hora de despedir a un trabajador. <br \/>&#13;<br \/>\n<br \/>&#13;<br \/>\nIndic\u00f3 \u00a0que de  ese fondo se debe habilitar una partida para cuando un empleado pierda su plaza  de trabajo autom\u00e1ticamente pase a recibir una mensualidad hasta que consiga un  empleo. <br \/>&#13;<br \/>\n<br \/>&#13;<br \/>\nEntrevistado por H\u00e9ctor Herrera Cabral en el  programa D\u00b4AGENDA que cada domingo se difunde por Telesistema Canal 11, el  dirigente comercial dijo que en el \u00fanico pa\u00eds del mundo que existe un Sistema  de Seguridad Social y se mantienen las prestaciones laborables es aqu\u00ed en la Rep\u00fablica Dominicana. <br \/>&#13;<br \/>\n<br \/>&#13;<br \/>\nExplic\u00f3 que eso est\u00e1 representando una carga  onerosa para el sector empleador y va a tener graves consecuencias en el futuro  si no se corrige esa situaci\u00f3n. <br \/>&#13;<br \/>\n<br \/>&#13;<br \/>\n\u00a0\u201cYo le puedo asegurar que posiblemente  comenzando el a\u00f1o miles de empleados pueden perder sus puestos de trabajo  debido a que es la \u00fanica manera que tienen los empleadores de reducir el costo  laboral que est\u00e1 significando la Seguridad Social y las Prestaciones Laborales\u201d,  reiter\u00f3. <br \/>&#13;<br \/>\n<br \/>&#13;<br \/>\nDijo  que los l\u00edderes sindicales deben ser los primeros en comprender esa realidad y  propugnar porque eso se resuelva cuanto antes porque asi se garantizar\u00e1n la paz  laboral. <br \/>&#13;<br \/>\n<br \/>&#13;<br \/>\n Admiti\u00f3  que por el momento pol\u00edtico en que vive la naci\u00f3n ese tema resulta conflictivo  pero hay que someterlo al debate nacional. <\/span><\/p>\n<p>&#13;<\/p>\n<p align=\"justify\" class=\"text1noticias\"><strong>Si<\/strong> <strong>se garantiza estabilidad, no es necesario  acuerdo con FMI<\/strong> <\/p>\n<p>&#13;<\/p>\n<p align=\"justify\" class=\"text1noticias\">El dirigente comercial Iv\u00e1n de Jes\u00fas Garc\u00eda asegur\u00f3  que si las autoridades garantizan el mantenimiento de la estabilidad  macroecon\u00f3mica, como hasta ahora lo han hecho, no hay necesidad de firmar un  nuevo acuerdo con el Fondo Monetario Internacional. <br \/>&#13;<br \/>\n  <br \/>&#13;<br \/>\nDijo que aunque ya estamos en un periodo  electoral las autoridades deben ser lo suficientemente responsables, como hasta  ahora lo han sido, para que no haya sobresalto en el manejo de la econom\u00eda. <br \/>&#13;<br \/>\n<br \/>&#13;<br \/>\nAsegur\u00f3 que el sector comercio ha logrado crecer  debido a que variables como la tasa de cambio, la inflaci\u00f3n y los tipos de inter\u00e9s  se han mantenido controlado en este periodo gubernamental. <\/p>\n<p>&#13;<\/p>\n<p align=\"justify\" class=\"text1noticias\">El presidente de la Federaci\u00f3n Dominicana  de Comerciantes desminti\u00f3 al mismo tiempo que los precios de los productos que  integran la canasta familiar se hayan disparado tras el paso por el pa\u00eds de la  tormenta tropical Noel. <br \/>&#13;<br \/>\n  <br \/>&#13;<br \/>\nAclar\u00f3 que salvo el pl\u00e1tano ning\u00fan producto de  consumo masivo ha sufrido incremento como consecuencia de las devastaciones  causadas por el fen\u00f3meno atmosf\u00e9rico. <br \/>&#13;<br \/>\n<br \/>&#13;<br \/>\n Iv\u00e1n de  Jes\u00fas Garc\u00eda elogi\u00f3 el manejo que han dado las autoridades al garantizar la  seguridad alimenticia de la poblaci\u00f3n, disponiendo las importaciones a tiempo  de los productos que sufrieron da\u00f1os por la tormenta Noel. <br \/>&#13;<br \/>\n<br \/>&#13;<br \/>\n\u201cPero  puedo asegurar que los precios no han sufrido alzas por causas del fen\u00f3meno  como han se\u00f1alado algunos medios informativos\u201d, precis\u00f3 el dirigente comercial. <br \/>&#13;<br \/>\n<br \/>&#13;<br \/>\nEn otro orden de Jes\u00fas Garc\u00eda llamo a los  empresarios a imitar al gobierno y disponer el pago de la regal\u00eda pascual a  partir de este lunes. <br \/>&#13;<br \/>\n<br \/>&#13;<br \/>\n Dijo  que as\u00ed se dinamizar\u00eda a\u00fan m\u00e1s las actividades comerciales, las cuales se  incrementar\u00e1n tras el gobierno haber puesto a circular m\u00e1s de diez mil millones  de pesos. <\/p>\n<p>&#13;<\/p>\n<h6> 2007-12-09 19:21:59 <\/h6>\n<p><!--\n<link rel=\"stylesheet\" href=\"css\/bootstrap.min.css\">\n\n\n<ul class=\"pagination\">\n\t    \n\t\n\n<li >\n\t<a href='?page_no=28352'>Previous<\/a>\n\t<\/li>\n\n\n       \n    \n\n<li><a href='?page_no=1'>1<\/a><\/li>\n\n\n\n<li><a href='?page_no=2'>2<\/a><\/li>\n\n\n\n<li><a>...<\/a><\/li>\n\n\n\n<li><a href='?page_no=28351'>28351<\/a><\/li>\n\n\n\n<li><a href='?page_no=28352'>28352<\/a><\/li>\n\n\n\n<li class='active'><a>28353<\/a><\/li>\n\n\n\n<li><a href='?page_no=28354'>28354<\/a><\/li>\n\n\n\n<li><a href='?page_no=28355'>28355<\/a><\/li>\n\n\n\n<li><a>...<\/a><\/li>\n\n\n\n<li><a href='?page_no=30472'>30472<\/a><\/li>\n\n\n\n<li><a href='?page_no=30473'>30473<\/a><\/li>\n\n    \n\t\n\n<li >\n\t<a href='?page_no=28354'>Next<\/a>\n\t<\/li>\n\n\n    \n\n<li><a href='?page_no=30473'>Last &rsaquo;&rsaquo;<\/a><\/li>\n\n<\/ul>\n\n\n--><br \/>\n<\/body><\/p>\n","protected":false},"excerpt":{"rendered":"<p>Comerciantes advierten si no se eliminan prestaciones laborales, miles de empleados podr\u00edan ir a las calles&#13; \u00a0 &#13; SANTO DOMINGO.- El presidente de la Federaci\u00f3n Dominicana de Comerciantes advirti\u00f3 que si no se eliminan las prestaciones laborales, miles de empleados podr\u00edan ir a las calles porque los empresarios e inversionistas no aguantan el costo laboral [&hellip;]<\/p>\n","protected":false},"author":3,"featured_media":0,"comment_status":"open","ping_status":"open","sticky":false,"template":"","format":"standard","meta":{"footnotes":""},"categories":[18],"tags":[],"class_list":["post-122473","post","type-post","status-publish","format-standard","hentry","category-economia"],"_links":{"self":[{"href":"https:\/\/diariodominicano.com\/index.php?rest_route=\/wp\/v2\/posts\/122473","targetHints":{"allow":["GET"]}}],"collection":[{"href":"https:\/\/diariodominicano.com\/index.php?rest_route=\/wp\/v2\/posts"}],"about":[{"href":"https:\/\/diariodominicano.com\/index.php?rest_route=\/wp\/v2\/types\/post"}],"author":[{"embeddable":true,"href":"https:\/\/diariodominicano.com\/index.php?rest_route=\/wp\/v2\/users\/3"}],"replies":[{"embeddable":true,"href":"https:\/\/diariodominicano.com\/index.php?rest_route=%2Fwp%2Fv2%2Fcomments&post=122473"}],"version-history":[{"count":0,"href":"https:\/\/diariodominicano.com\/index.php?rest_route=\/wp\/v2\/posts\/122473\/revisions"}],"wp:attachment":[{"href":"https:\/\/diariodominicano.com\/index.php?rest_route=%2Fwp%2Fv2%2Fmedia&parent=122473"}],"wp:term":[{"taxonomy":"category","embeddable":true,"href":"https:\/\/diariodominicano.com\/index.php?rest_route=%2Fwp%2Fv2%2Fcategories&post=122473"},{"taxonomy":"post_tag","embeddable":true,"href":"https:\/\/diariodominicano.com\/index.php?rest_route=%2Fwp%2Fv2%2Ftags&post=122473"}],"curies":[{"name":"wp","href":"https:\/\/api.w.org\/{rel}","templated":true}]}}