{"id":122472,"date":"2007-12-09T19:41:34","date_gmt":"2007-12-09T19:41:34","guid":{"rendered":"http:\/\/diariodominicano.ddns.net\/?p=122472"},"modified":"2007-12-09T19:41:34","modified_gmt":"2007-12-09T19:41:34","slug":"preocupan-a-banca-algunos-puntos","status":"publish","type":"post","link":"https:\/\/diariodominicano.com\/?p=122472","title":{"rendered":"Preocupan a banca algunos puntos"},"content":{"rendered":"<p><body><\/p>\n<p class=\"titulogrande1\">Preocupan a banca algunos  puntos <\/p>\n<p>&#13;<\/p>\n<p><strong>El costo de la reforma  puede representar\u00a0 para los bancos m\u00e1s peque\u00f1as hasta el 18 por ciento de  sus utilidades, aunque para los bancos grandes entre un\u00a0 2% y un 3%, se  inform\u00f3<\/strong> <\/p>\n<p>&#13;<\/p>\n<p align=\"justify\" class=\"text1noticias\"><strong><img loading=\"lazy\" decoding=\"async\" src=\"http:\/\/localhost:8080\/economia\/pictures\/costo bancas.jpg\" width=\"269\" height=\"274\" hspace=\"4\" align=\"left\" \/>SANTO DOMINGO.- <\/strong>A la banca le preocupan  algunas de las cl\u00e1usulas del proyecto de modificaci\u00f3n a la Ley Monetaria y  Financiera presentado ayer por Presidente Leonel Fern\u00e1ndez al Congreso  Nacional, inform\u00f3 una fuente.<br \/>&#13;<br \/>\n  <br \/>&#13;<br \/>\n  De acuerdo a lo informado, la banca espera que  el proyecto sea enviado a una comisi\u00f3n para su estudio, donde pueda ser  consultada, y que luego vaya a vistas p\u00fablicas.<br \/>&#13;<br \/>\n  <br \/>&#13;<br \/>\n  Entre los puntos est\u00e1n la \u201cdiscrecionalidad\u201d  en los art\u00edculos en los art\u00edculos relacionados con el aporte consignado para la Superintendencia  de Bancos y para el Fondo de Contingencia, as\u00ed como el costo que \u00e9stos  representan para el sector.<br \/>&#13;<br \/>\n  <br \/>&#13;<br \/>\n  De acuerdo a lo informado, el proyecto  contempla un aumento del aporte al fondo patrimonio de 0.22 por ciento de los  activos a un m\u00ednimo de 0.30 por ciento.<br \/>&#13;<br \/>\n  <br \/>&#13;<br \/>\n  Se explic\u00f3 que el problema para la banca no es  s\u00f3lo el aumento, sino que se establece ese un nivel como un m\u00ednimo, lo cual  deja a la discrecionalidad la posibilidad de que deuda ser incrementado de  manera administraci\u00f3n.<br \/>&#13;<br \/>\n  <br \/>&#13;<br \/>\n  Igualmente, la fuente explic\u00f3 este mismo  problema se da con a la\u00a0 Superintendencia de Pensiones, ya que, seg\u00fan se  indic\u00f3, es aumentada de 0.17 por ciento de los activos a un m\u00ednimo de 0.20 por  ciento.<br \/>&#13;<br \/>\n  <br \/>&#13;<br \/>\nLa fuente dijo que tambi\u00e9n en este tema  se deja a la discrecionalidad la posibilidad de que el porcentaje pueda ser  mayor.<br \/>&#13;<br \/>\n<br \/>&#13;<br \/>\nSe indic\u00f3 ambos aportes constituyen una carga  muy fuerte para la intermediaci\u00f3n financiera, sobre todo para los bancos  peque\u00f1os.<br \/>&#13;<br \/>\n<br \/>&#13;<br \/>\nLa fuente dijo que una soluci\u00f3n podr\u00eda ser que  en vista de que se est\u00e1 fortaleciendo la supervisi\u00f3n bancaria y aumentado el  aporte al fondo patrimonial, se podr\u00eda contemplar adelantar la eliminaci\u00f3n del  encaje legal, para el cual la ley actual establece un desmonte.<br \/>&#13;<br \/>\n<br \/>&#13;<br \/>\n<strong>Por MARIO M\u00c9NDEZ\/Hoy<\/strong> <\/p>\n<p>&#13;<\/p>\n<h6> 2007-12-09 19:41:34 <\/h6>\n<p><!--\n<link rel=\"stylesheet\" href=\"css\/bootstrap.min.css\">\n\n\n<ul class=\"pagination\">\n\t    \n\t\n\n<li >\n\t<a href='?page_no=28351'>Previous<\/a>\n\t<\/li>\n\n\n       \n    \n\n<li><a href='?page_no=1'>1<\/a><\/li>\n\n\n\n<li><a href='?page_no=2'>2<\/a><\/li>\n\n\n\n<li><a>...<\/a><\/li>\n\n\n\n<li><a href='?page_no=28350'>28350<\/a><\/li>\n\n\n\n<li><a href='?page_no=28351'>28351<\/a><\/li>\n\n\n\n<li class='active'><a>28352<\/a><\/li>\n\n\n\n<li><a href='?page_no=28353'>28353<\/a><\/li>\n\n\n\n<li><a href='?page_no=28354'>28354<\/a><\/li>\n\n\n\n<li><a>...<\/a><\/li>\n\n\n\n<li><a href='?page_no=30472'>30472<\/a><\/li>\n\n\n\n<li><a href='?page_no=30473'>30473<\/a><\/li>\n\n    \n\t\n\n<li >\n\t<a href='?page_no=28353'>Next<\/a>\n\t<\/li>\n\n\n    \n\n<li><a href='?page_no=30473'>Last &rsaquo;&rsaquo;<\/a><\/li>\n\n<\/ul>\n\n\n--><br \/>\n<\/body><\/p>\n","protected":false},"excerpt":{"rendered":"<p>Preocupan a banca algunos puntos &#13; El costo de la reforma puede representar\u00a0 para los bancos m\u00e1s peque\u00f1as hasta el 18 por ciento de sus utilidades, aunque para los bancos grandes entre un\u00a0 2% y un 3%, se inform\u00f3 &#13; SANTO DOMINGO.- A la banca le preocupan algunas de las cl\u00e1usulas del proyecto de modificaci\u00f3n [&hellip;]<\/p>\n","protected":false},"author":3,"featured_media":0,"comment_status":"open","ping_status":"open","sticky":false,"template":"","format":"standard","meta":{"footnotes":""},"categories":[18],"tags":[],"class_list":["post-122472","post","type-post","status-publish","format-standard","hentry","category-economia"],"_links":{"self":[{"href":"https:\/\/diariodominicano.com\/index.php?rest_route=\/wp\/v2\/posts\/122472","targetHints":{"allow":["GET"]}}],"collection":[{"href":"https:\/\/diariodominicano.com\/index.php?rest_route=\/wp\/v2\/posts"}],"about":[{"href":"https:\/\/diariodominicano.com\/index.php?rest_route=\/wp\/v2\/types\/post"}],"author":[{"embeddable":true,"href":"https:\/\/diariodominicano.com\/index.php?rest_route=\/wp\/v2\/users\/3"}],"replies":[{"embeddable":true,"href":"https:\/\/diariodominicano.com\/index.php?rest_route=%2Fwp%2Fv2%2Fcomments&post=122472"}],"version-history":[{"count":0,"href":"https:\/\/diariodominicano.com\/index.php?rest_route=\/wp\/v2\/posts\/122472\/revisions"}],"wp:attachment":[{"href":"https:\/\/diariodominicano.com\/index.php?rest_route=%2Fwp%2Fv2%2Fmedia&parent=122472"}],"wp:term":[{"taxonomy":"category","embeddable":true,"href":"https:\/\/diariodominicano.com\/index.php?rest_route=%2Fwp%2Fv2%2Fcategories&post=122472"},{"taxonomy":"post_tag","embeddable":true,"href":"https:\/\/diariodominicano.com\/index.php?rest_route=%2Fwp%2Fv2%2Ftags&post=122472"}],"curies":[{"name":"wp","href":"https:\/\/api.w.org\/{rel}","templated":true}]}}