{"id":122456,"date":"2007-12-13T18:34:00","date_gmt":"2007-12-13T18:34:00","guid":{"rendered":"http:\/\/diariodominicano.ddns.net\/?p=122456"},"modified":"2007-12-13T18:34:00","modified_gmt":"2007-12-13T18:34:00","slug":"arapf-afirma-se-reduce-14-por-ciento-volumenes-ventas-de-farmacos-por-competencia-de-genericos-importados-del-lejano-oriente","status":"publish","type":"post","link":"https:\/\/diariodominicano.com\/?p=122456","title":{"rendered":"ARAPF afirma se reduce 14 por ciento vol\u00famenes ventas de f\u00e1rmacos por competencia de gen\u00e9ricos importados del Lejano Oriente"},"content":{"rendered":"<p><body><\/p>\n<p align=\"justify\"><strong class=\"titulogrande1\">ARAPF afirma se reduce 14 por ciento  vol\u00famenes ventas de f\u00e1rmacos por competencia de gen\u00e9ricos importados del Lejano  Oriente<\/strong><br \/>&#13;<br \/>\n  <br \/>&#13;<br \/>\n    <span class=\"text1noticias\"><strong>SANTO  DOMINGO.-<\/strong> La competencia que genera la importaci\u00f3n de productos gen\u00e9ricos para la Seguridad Social  ha reducido los vol\u00famenes de ventas de f\u00e1rmacos, que cayeron 14 por ciento en  el \u00faltimo trimestre de este a\u00f1o, revel\u00f3 este jueves el presidente de la Asociaci\u00f3n de  Representantes, Agentes y Productores Farmac\u00e9uticos (ARAPF).<br \/>&#13;<br \/>\n    <br \/>&#13;<br \/>\n    Jos\u00e9  Manuel Mall\u00e9n atribuy\u00f3 la situaci\u00f3n a \u201cla gran competencia de productos  provenientes del Lejano Oriente y necesariamente de gen\u00e9ricos que han venido de  esos pa\u00edses, importados por la Seguridad Social\u201d.<br \/>&#13;<br \/>\n    <br \/>&#13;<br \/>\n    Dijo,  no obstante, que el sector farmac\u00e9utico ha tenido estabilidad a pesar de la  competencia que produce la importaci\u00f3n de los gen\u00e9ricos.<br \/>&#13;<br \/>\n    <br \/>&#13;<br \/>\n    Mall\u00e9n  hizo sus se\u00f1alamientos en el c\u00f3ctel navide\u00f1o que ARAPF ofreci\u00f3 a sus miembros  con motivo de la celebraci\u00f3n del 59 Aniversario de su fundaci\u00f3n, en el sal\u00f3n Da  Vinci del hotel Meli\u00e1 Santo Domingo.<br \/>&#13;<br \/>\n    <br \/>&#13;<br \/>\n\u201cEl  sector ha tenido estabilidad, aunque los vol\u00famenes de ventas realmente se han  visto reducido en este a\u00f1o, ha habido una competencia importada de productos  gen\u00e9ricos por parte de la   Seguridad Social que necesariamente ha estado afectando  grandemente los productos principales, los productos de calidad que son  esencialmente los productos que nosotros distribuimos\u201d, expres\u00f3 Mall\u00e9n.<br \/>&#13;<br \/>\n<br \/>&#13;<br \/>\nSe\u00f1al\u00f3  que la ca\u00edda del 14 por ciento de las ventas del sector en el \u00faltimo trimestre,  es una realidad que reflejan los cuadros estad\u00edsticos de la IMS que es una organizaci\u00f3n  mundial que se dedica a la recopilaci\u00f3n de estad\u00edsticas de los diferentes  pa\u00edses.<br \/>&#13;<br \/>\n<br \/>&#13;<br \/>\nSostuvo  que ARAPF cree que la   Seguridad Social \u201ces una necesidad, estamos convencidos y  tiene que ser exitosa\u201d, pero \u201cqueremos que las reglas sean claras para que la  ciudadan\u00eda pueda consumir productos que sean de la mejor calidad, que puedan  ser productos realmente equivalentes a productos originales\u201d.<br \/>&#13;<br \/>\n<br \/>&#13;<br \/>\nMall\u00e9n  consider\u00f3 que no se trata de una competencia desleal, porque las autoridades de  Salud P\u00fablica ponen todo su empe\u00f1o y los gen\u00e9ricos tienen sus registros  sanitarios, aunque entiende que hay que fortalecer la parte atinente al control  de calidad a posteriori de la parte gen\u00e9rica.<br \/>&#13;<br \/>\n<br \/>&#13;<br \/>\n\u201cPara  nosotros ha sido un gran honor estar reunidos aqu\u00ed, ya que ha sido un a\u00f1o bien  dif\u00edcil, un a\u00f1o complicado, sobre todo en la parte de la Seguridad Social,  a la cual nosotros hemos apoyado irrestrictamente y estamos convencidos que es  una necesidad para nuestro pa\u00eds\u201d, enfatiz\u00f3 Mall\u00e9n.<br \/>&#13;<br \/>\n<br \/>&#13;<br \/>\nDijo  que las reglas del juego deben definirse en una forma m\u00e1s clara en cuanto a los  gen\u00e9ricos y productos de prescripci\u00f3n.<br \/>&#13;<br \/>\n<br \/>&#13;<br \/>\nDestac\u00f3  que el 2007 ha  sido un a\u00f1o en el que ha habido mucha estabilidad en la parte cambiaria, pero  \u201clos niveles de ventas se han visto afectado grandemente por la gran competencia  de productos provenientes del Lejano Oriente, espec\u00edficamente de gen\u00e9ricos que  han venido de esos pa\u00edses\u201d.<br \/>&#13;<br \/>\n<br \/>&#13;<br \/>\nMall\u00e9n  resalt\u00f3, asimismo, que ARAPF ha mantenido estabilidad en los precios de los  f\u00e1rmacos, a pesar de que muchos de los productos que importa vienen de f\u00e1bricas  europeas, donde, como se sabe, el euro se ha disparado a niveles hist\u00f3ricos.<br \/>&#13;<br \/>\n<br \/>&#13;<br \/>\nEl  presidente de ARAPF dijo esperar que el 2008 sea un a\u00f1o mejor, ya que es un  per\u00edodo de elecciones y la experiencia dice que debido al proceso electoral se  registra un mayor circulante y eso se traduce en mejores niveles de venta. <br \/>&#13;<br \/>\n<br \/>&#13;<br \/>\n\u201cLo  que esperamos es que se mantenga la estabilidad cambiaria\u201d, subray\u00f3  Mall\u00e9n.\u00a0\u00a0 <br \/>&#13;<br \/>\n<br \/>&#13;<br \/>\n<strong>El c\u00f3ctel<\/strong><br \/>&#13;<br \/>\n  <br \/>&#13;<br \/>\nEl  presidente de ARAPF indic\u00f3 que se trata de un encuentro tradicional de confraternidad  y de uni\u00f3n que la entidad realiza todos los a\u00f1os a los empresarios involucrados  en ese sector.<\/span><\/p>\n<p>&#13;<\/p>\n<h6> 2007-12-13 18:34:00 <\/h6>\n<p><!--\n<link rel=\"stylesheet\" href=\"css\/bootstrap.min.css\">\n\n\n<ul class=\"pagination\">\n\t    \n\t\n\n<li >\n\t<a href='?page_no=28335'>Previous<\/a>\n\t<\/li>\n\n\n       \n    \n\n<li><a href='?page_no=1'>1<\/a><\/li>\n\n\n\n<li><a href='?page_no=2'>2<\/a><\/li>\n\n\n\n<li><a>...<\/a><\/li>\n\n\n\n<li><a href='?page_no=28334'>28334<\/a><\/li>\n\n\n\n<li><a href='?page_no=28335'>28335<\/a><\/li>\n\n\n\n<li class='active'><a>28336<\/a><\/li>\n\n\n\n<li><a href='?page_no=28337'>28337<\/a><\/li>\n\n\n\n<li><a href='?page_no=28338'>28338<\/a><\/li>\n\n\n\n<li><a>...<\/a><\/li>\n\n\n\n<li><a href='?page_no=30472'>30472<\/a><\/li>\n\n\n\n<li><a href='?page_no=30473'>30473<\/a><\/li>\n\n    \n\t\n\n<li >\n\t<a href='?page_no=28337'>Next<\/a>\n\t<\/li>\n\n\n    \n\n<li><a href='?page_no=30473'>Last &rsaquo;&rsaquo;<\/a><\/li>\n\n<\/ul>\n\n\n--><br \/>\n<\/body><\/p>\n","protected":false},"excerpt":{"rendered":"<p>ARAPF afirma se reduce 14 por ciento vol\u00famenes ventas de f\u00e1rmacos por competencia de gen\u00e9ricos importados del Lejano Oriente&#13; &#13; SANTO DOMINGO.- La competencia que genera la importaci\u00f3n de productos gen\u00e9ricos para la Seguridad Social ha reducido los vol\u00famenes de ventas de f\u00e1rmacos, que cayeron 14 por ciento en el \u00faltimo trimestre de este a\u00f1o, [&hellip;]<\/p>\n","protected":false},"author":3,"featured_media":0,"comment_status":"open","ping_status":"open","sticky":false,"template":"","format":"standard","meta":{"footnotes":""},"categories":[18],"tags":[],"class_list":["post-122456","post","type-post","status-publish","format-standard","hentry","category-economia"],"_links":{"self":[{"href":"https:\/\/diariodominicano.com\/index.php?rest_route=\/wp\/v2\/posts\/122456","targetHints":{"allow":["GET"]}}],"collection":[{"href":"https:\/\/diariodominicano.com\/index.php?rest_route=\/wp\/v2\/posts"}],"about":[{"href":"https:\/\/diariodominicano.com\/index.php?rest_route=\/wp\/v2\/types\/post"}],"author":[{"embeddable":true,"href":"https:\/\/diariodominicano.com\/index.php?rest_route=\/wp\/v2\/users\/3"}],"replies":[{"embeddable":true,"href":"https:\/\/diariodominicano.com\/index.php?rest_route=%2Fwp%2Fv2%2Fcomments&post=122456"}],"version-history":[{"count":0,"href":"https:\/\/diariodominicano.com\/index.php?rest_route=\/wp\/v2\/posts\/122456\/revisions"}],"wp:attachment":[{"href":"https:\/\/diariodominicano.com\/index.php?rest_route=%2Fwp%2Fv2%2Fmedia&parent=122456"}],"wp:term":[{"taxonomy":"category","embeddable":true,"href":"https:\/\/diariodominicano.com\/index.php?rest_route=%2Fwp%2Fv2%2Fcategories&post=122456"},{"taxonomy":"post_tag","embeddable":true,"href":"https:\/\/diariodominicano.com\/index.php?rest_route=%2Fwp%2Fv2%2Ftags&post=122456"}],"curies":[{"name":"wp","href":"https:\/\/api.w.org\/{rel}","templated":true}]}}