{"id":122453,"date":"2007-12-14T12:57:03","date_gmt":"2007-12-14T12:57:03","guid":{"rendered":"http:\/\/diariodominicano.ddns.net\/?p=122453"},"modified":"2007-12-14T12:57:03","modified_gmt":"2007-12-14T12:57:03","slug":"banco-central-de-argentina-sorprende-al-mercado-y-sube-tasa-de-interes-a-6","status":"publish","type":"post","link":"https:\/\/diariodominicano.com\/?p=122453","title":{"rendered":"Banco Central de Argentina sorprende al mercado y sube tasa de inter\u00e9s a 6%"},"content":{"rendered":"<p><body><\/p>\n<h1 align=\"justify\" class=\"titulogrande1\">Banco Central de Chile sorprende al mercado y sube tasa de inter\u00e9s a 6%<\/h1>\n<p>&#13;<\/p>\n<p><strong>Contra todo lo esperado el instituto emisor opt\u00f3 por aplicar un alza de 25  puntos base en la tasa que rige la econom\u00eda local.<\/strong><\/p>\n<p>&#13;<\/p>\n<h2 align=\"justify\" class=\"text1noticias\"><strong><img loading=\"lazy\" decoding=\"async\" src=\"http:\/\/localhost:8080\/economia\/pictures\/jose gregorio.jpg\" width=\"269\" height=\"195\" hspace=\"4\" align=\"left\" \/>SANTIAGO, Chile.-<\/strong> El Banco Central (BC) sorprendi\u00f3 por  completo al mercado y resolvi\u00f3 subir la tasa de inter\u00e9s que rige la econom\u00eda  local en 25 puntos base para dejarla en 6%.<br \/>&#13;<br \/>\n  <br \/>&#13;<br \/>\n  Se trata de la primera decisi\u00f3n del consejo tras asumir como presidente Jos\u00e9  de Gregorio y ocupar el puesto de consejero el economista Sebasti\u00e1n Claro,  luego de la salida de Vittorio Corbo la semana pasada.<br \/>&#13;<br \/>\n  <br \/>&#13;<br \/>\n\u00abEsta decisi\u00f3n es necesaria para reducir los riesgos de propagaci\u00f3n de  la mayor inflaci\u00f3n actual hacia costos y expectativas, de manera de asegurar  que la inflaci\u00f3n converja a 3% anual en el horizonte de pol\u00edtica\u00bb, explic\u00f3  el BC en su comunicado.<br \/>&#13;<br \/>\n<br \/>&#13;<br \/>\nLos expertos apostaban a una mantenci\u00f3n del tipo rector debido a que las  \u00faltimas cifras de crecimiento econ\u00f3mico evidencian un menor ritmo de expansi\u00f3n  y pese al alto IPC de noviembre, de 0,8%.<br \/>&#13;<br \/>\n<br \/>&#13;<br \/>\nLa inflaci\u00f3n en 12 meses a noviembre se aceler\u00f3 a 7,4%, desde 6,5% que  acumulaba al cierre de octubre.<br \/>&#13;<br \/>\n<br \/>&#13;<br \/>\nSeg\u00fan destac\u00f3 el Central, \u00abse prev\u00e9 que los registros anuales se  mantendr\u00e1n elevados por varios meses, para luego descender hacia la meta\u00bb.<br \/>&#13;<br \/>\n<br \/>&#13;<br \/>\n\u00abEn el \u00faltimo mes el IPC se vio afectado especialmente por aumentos  inesperados y de magnitudes importantes en los precios de la energ\u00eda el\u00e9ctrica  y los combustibles, lo que acrecent\u00f3 la brecha con la inflaci\u00f3n del IPC  subyacente\u00bb, a\u00f1adi\u00f3.<br \/>&#13;<br \/>\n<br \/>&#13;<br \/>\nEl Banco Central tiene como objetivo que la inflaci\u00f3n en 12 meses se ubique  la mayor parte del tiempo en 3%, con un margen de tolerancia de un punto  porcentual sobre y bajo esa variaci\u00f3n.<br \/>&#13;<br \/>\n<br \/>&#13;<br \/>\nEn noviembre, el instituto emisor decidi\u00f3 mantener la tasa de pol\u00edtica monetaria,  tal como lo esperaba la totalidad del mercado, aunque advirti\u00f3 que la inflaci\u00f3n  anual permanecer\u00eda elevada por varios meses.<br \/>&#13;<br \/>\n<br \/>&#13;<br \/>\n  <strong>CRECIMIENTO DE LA   ECONOMIA<br \/>&#13;<br \/>\n  <br \/>&#13;<br \/>\n<\/strong>La econom\u00eda chilena  ha perdido el impulso inicial de los primeros meses del a\u00f1o. En el primer trimestre,  registr\u00f3 una expansi\u00f3n de 5,9%, mientras que en el segundo trimestre creci\u00f3  6,2%.<br \/>&#13;<br \/>\n<br \/>&#13;<br \/>\nEsta cifra se redujo a 4,1% en el tercer trimestre frente al mismo per\u00edodo  del 2006, la menor variaci\u00f3n trimestral del a\u00f1o.<br \/>&#13;<br \/>\n<br \/>&#13;<br \/>\nSeg\u00fan el comunicado del BC, en el \u00e1mbito externo, \u00ablos problemas y  riesgos asociados a la crisis subprime se han intensificado y se prev\u00e9 un menor  dinamismo de las econom\u00edas industrializadas\u00bb.<br \/>&#13;<br \/>\n<br \/>&#13;<br \/>\nEl precio del petr\u00f3leo, si bien contin\u00faa elevado, disminuy\u00f3 respecto de los  altos niveles alcanzados hace un mes, mientras que el del cobre y los de varios  productos alimenticios siguen altos, todos por encima de lo proyectado.<br \/>&#13;<br \/>\n<br \/>&#13;<br \/>\n\u00abLo anterior configura un panorama externo relevante para la econom\u00eda  chilena que, aunque se mantiene positivo, presenta mayores riesgos de un  escenario adverso\u00bb, indic\u00f3 el instituto emisor.<br \/>&#13;<br \/>\n<br \/>&#13;<br \/>\n\u00abEn lo interno, la informaci\u00f3n disponible apunta a que el crecimiento  de la actividad en el segundo semestre ser\u00e1 menor que el proyectado en el  \u00faltimo Informe de Pol\u00edtica Monetaria, situaci\u00f3n que va m\u00e1s all\u00e1 del desempe\u00f1o  de algunos sectores espec\u00edficos\u00bb, sostiene el Central.<br \/>&#13;<br \/>\n<br \/>&#13;<br \/>\nSin embargo, agrega, por el lado de la demanda interna, tanto el consumo  como la inversi\u00f3n se mantienen din\u00e1micos. El empleo asalariado sigue creciendo,  aunque a tasas m\u00e1s reducidas, y las condiciones financieras internas no  muestran cambios relevantes.<br \/>&#13;<br \/>\n<br \/>&#13;<br \/>\nEl consejo destac\u00f3 que la trayectoria futura de la tasa de pol\u00edtica  monetaria depender\u00e1 de la nueva informaci\u00f3n que se acumule y de sus  implicancias sobre la inflaci\u00f3n proyectada.<br \/>&#13;<br \/>\n<br \/>&#13;<br \/>\n\u00abDe particular importancia para esto ser\u00e1 el desarrollo del escenario  internacional, la evoluci\u00f3n de las brechas de capacidad y la eventual  propagaci\u00f3n de los recientes shocks inflacionarios a otros precios\u00bb,  finaliz\u00f3 el comunicado.<br \/>&#13;<br \/>\n<br \/>&#13;<br \/>\nLa Tercera<\/h2>\n<p>&#13;<\/p>\n<h6> 2007-12-14 12:57:03 <\/h6>\n<p><!--\n<link rel=\"stylesheet\" href=\"css\/bootstrap.min.css\">\n\n\n<ul class=\"pagination\">\n\t    \n\t\n\n<li >\n\t<a href='?page_no=28332'>Previous<\/a>\n\t<\/li>\n\n\n       \n    \n\n<li><a href='?page_no=1'>1<\/a><\/li>\n\n\n\n<li><a href='?page_no=2'>2<\/a><\/li>\n\n\n\n<li><a>...<\/a><\/li>\n\n\n\n<li><a href='?page_no=28331'>28331<\/a><\/li>\n\n\n\n<li><a href='?page_no=28332'>28332<\/a><\/li>\n\n\n\n<li class='active'><a>28333<\/a><\/li>\n\n\n\n<li><a href='?page_no=28334'>28334<\/a><\/li>\n\n\n\n<li><a href='?page_no=28335'>28335<\/a><\/li>\n\n\n\n<li><a>...<\/a><\/li>\n\n\n\n<li><a href='?page_no=30472'>30472<\/a><\/li>\n\n\n\n<li><a href='?page_no=30473'>30473<\/a><\/li>\n\n    \n\t\n\n<li >\n\t<a href='?page_no=28334'>Next<\/a>\n\t<\/li>\n\n\n    \n\n<li><a href='?page_no=30473'>Last &rsaquo;&rsaquo;<\/a><\/li>\n\n<\/ul>\n\n\n--><br \/>\n<\/body><\/p>\n","protected":false},"excerpt":{"rendered":"<p>Banco Central de Chile sorprende al mercado y sube tasa de inter\u00e9s a 6% &#13; Contra todo lo esperado el instituto emisor opt\u00f3 por aplicar un alza de 25 puntos base en la tasa que rige la econom\u00eda local. &#13; SANTIAGO, Chile.- El Banco Central (BC) sorprendi\u00f3 por completo al mercado y resolvi\u00f3 subir la [&hellip;]<\/p>\n","protected":false},"author":3,"featured_media":0,"comment_status":"open","ping_status":"open","sticky":false,"template":"","format":"standard","meta":{"footnotes":""},"categories":[18],"tags":[],"class_list":["post-122453","post","type-post","status-publish","format-standard","hentry","category-economia"],"_links":{"self":[{"href":"https:\/\/diariodominicano.com\/index.php?rest_route=\/wp\/v2\/posts\/122453","targetHints":{"allow":["GET"]}}],"collection":[{"href":"https:\/\/diariodominicano.com\/index.php?rest_route=\/wp\/v2\/posts"}],"about":[{"href":"https:\/\/diariodominicano.com\/index.php?rest_route=\/wp\/v2\/types\/post"}],"author":[{"embeddable":true,"href":"https:\/\/diariodominicano.com\/index.php?rest_route=\/wp\/v2\/users\/3"}],"replies":[{"embeddable":true,"href":"https:\/\/diariodominicano.com\/index.php?rest_route=%2Fwp%2Fv2%2Fcomments&post=122453"}],"version-history":[{"count":0,"href":"https:\/\/diariodominicano.com\/index.php?rest_route=\/wp\/v2\/posts\/122453\/revisions"}],"wp:attachment":[{"href":"https:\/\/diariodominicano.com\/index.php?rest_route=%2Fwp%2Fv2%2Fmedia&parent=122453"}],"wp:term":[{"taxonomy":"category","embeddable":true,"href":"https:\/\/diariodominicano.com\/index.php?rest_route=%2Fwp%2Fv2%2Fcategories&post=122453"},{"taxonomy":"post_tag","embeddable":true,"href":"https:\/\/diariodominicano.com\/index.php?rest_route=%2Fwp%2Fv2%2Ftags&post=122453"}],"curies":[{"name":"wp","href":"https:\/\/api.w.org\/{rel}","templated":true}]}}